{"id":11667,"date":"2015-07-18T15:01:57","date_gmt":"2015-07-18T21:01:57","guid":{"rendered":"https:\/\/eloficiodehistoriar.com.mx\/?p=11667"},"modified":"2015-07-18T15:01:57","modified_gmt":"2015-07-18T21:01:57","slug":"la-movida-chilena-fondea-en-espana","status":"publish","type":"post","link":"https:\/\/eloficiodehistoriar.com.mx\/?p=11667","title":{"rendered":"La movida chilena fondea en Espa\u00f1a"},"content":{"rendered":"<p class=\"ecxMsoNormal\">La movida chilena fondea en Espa\u00f1a<\/p>\n<p class=\"ecxMsoNormal\">Los j\u00f3venes criados en democracia rompen el aislamiento musical y convierten el pa\u00eds en una potencia del pop<\/p>\n<p class=\"ecxMsoNormal\">Esta nueva generaci\u00f3n desembarca estos d\u00edas en el Festival La Mar de M\u00fasicas<\/p>\n<p class=\"ecxMsoNormal\">Chile lidera un festival ecl\u00e9ctico<\/p>\n<p class=\"ecxMsoNormal\">FERNANDO NAVARRO<\/p>\n<p class=\"ecxMsoNormal\">Santiago de Chile<\/p>\n<p class=\"ecxMsoNormal\">Dentro del coche \u2014\u201cac\u00e1 se dice auto\u201d, apunta el conductor\u2014 suena en la radio Otra era, una de las canciones del \u00faltimo disco de Javiera Mena. Apenas 48 horas antes, esa misma canci\u00f3n de electro-pop hab\u00eda sonado en el hilo musical de unos conocidos grandes almacenes, pero al otro lado del Atl\u00e1ntico: en Espa\u00f1a. Pod\u00eda ser una casualidad si no fuera porque Otra era se ha o\u00eddo en los \u00faltimos dos meses en Radio 3, la emisora espa\u00f1ola m\u00e1s importante de programaci\u00f3n de m\u00fasica independiente, y a la cantante chilena se la ha visto de promoci\u00f3n por Espa\u00f1a. \u201cChile siempre ha sido como una isla. Y la m\u00fasica de ahora, que es algo muy propio y lindo, tiene muchas ganas de salir fuera\u201d, afirma Javiera Mena (Santiago, 1983), sentada junto a su compa\u00f1ero Gepe y los miembros del grupo Astro, en el centro cultural Gabriela Mistral, en pleno coraz\u00f3n de Santiago de Chile.<\/p>\n<p class=\"ecxMsoNormal\">Todos ellos forman parte del boom musical chileno, junto a otros destacados nombres que tambi\u00e9n se dejan o\u00edr con gran acogida como Francisca Valenzuela, Camila Moreno o Ana Tijoux, que opta al galard\u00f3n al mejor \u00e1lbum latino por Vengo en los premios Grammy y MTV y cuya m\u00fasica ha aparecido en la serie Breaking Bad. Son una generaci\u00f3n de m\u00fasicos que, como sucedi\u00f3 en Espa\u00f1a durante la movida de los ochenta, ha roto el molde en este pa\u00eds del extremo sur de Am\u00e9rica, arraigado a la tradici\u00f3n de la poderosa canci\u00f3n de autor de V\u00edctor Jara o Violeta Parra y aislado entre los Andes y el Pac\u00edfico. Y lo han hecho desde un espacio independiente y sorprendentemente creativo, convirtiendo a la tierra de Pablo Neruda, Roberto Bola\u00f1o y Salvador Allende en una potencia del pop que seduce a festivales internacionales como el Primavera Sound o La Mar de M\u00fasicas, que este a\u00f1o ha dedicado a Chile su edici\u00f3n 2015, que se celebra desde ayer y hasta el 25 de julio. \u201cFormamos parte de una generaci\u00f3n que viene muy fresca y actualizada\u201d, asegura Andr\u00e9s Nusser (Osorno, 1983), cantante de Astro. \u201cEl miedo anula la creatividad. Y nosotros estamos libres de miedos\u201d, a\u00f1ade Pascuala Ilabaca (Valpara\u00edso, 1985), la int\u00e9rprete que mejor reformul\u00f3 el legado de Violeta Parra.<\/p>\n<p class=\"ecxMsoNormal\">Al contrario que sus padres, estos j\u00f3venes, que forjaron su identidad con la democracia, no han conocido la autoridad de la dictadura de Pinochet. De alguna forma, esa particularidad se manifiesta en su m\u00fasica, m\u00e1s desenfadada y naif, menos r\u00edgida estil\u00edsticamente. Es el caso de Gepe (San Miguel, 1981), que ha transitado de la tradici\u00f3n de autor a los sintetizadores. \u201cSi bien estil\u00edsticamente cada uno tenemos nuestro nicho, nos une hacer un pop sin prejuicios\u201d, afirma. Como hace el grupo Chico Trujillo, pionero de la nueva cumbia. Han tomado las ra\u00edces del segundo baile nacional tras la cueca para remozarlo de rock y pop. \u201cLa cumbia se tocaba underground en el tiempo de oscuridad de Pinochet, que no quer\u00eda celebraciones. Tiene identidad y sabor. Prende a cualquiera\u201d, explica Juan Gronemeyer (Santiago, 1976), de Chico Trujillo. Como una de las grandes aportaciones del continente americano al gran cancionero popular mundial, la cumbia, que tiene variantes en Colombia, Argentina, M\u00e9xico o Per\u00fa, es un baile social que en Chile suena en todos los acontecimientos importantes: bodas, bautizos, cumplea\u00f1os\u2026 Bajo el influjo de Los Paja Brava, La Sonora Palacios o La Sonora de Tommy Rey, Chico Trujillo lo incorporaron a los garitos y las salas de conciertos, diferenci\u00e1ndose de su vertiente rom\u00e1ntica por su contenido social, mucho m\u00e1s cerca del latir de las calles chilenas. Es un sonido andino, propio de las capas populares, m\u00e1s cuando la cueca fue declarada danza nacional chilena bajo el pu\u00f1o de hierro de Pinochet. Lo mismo sucede con Bloque Depresivo, que comparte cantante con Chico Trujillo y recuperan cantos tradicionales para vestirlos con ropajes contempor\u00e1neos.<\/p>\n<p class=\"ecxMsoNormal\">Son m\u00fasicos que igual miran afuera que adentro. Se criaron escuchando el rock anglosaj\u00f3n, que programaban las radios chilenas o encontraban por Internet, con el que adquir\u00edan ganas de experimentar. Pero no pasaron por alto su mejor pasado. Todos citan a V\u00edctor Jara, Violeta Parra o Quilapay\u00fan. Tambi\u00e9n a Los Prisioneros o Los Tres, que son sus antecesores inmediatos y ya anticiparon habilidad para cambiar de registros sin perder calidad, aunque su obra no traspas\u00f3 las fronteras. Al contrario que esta generaci\u00f3n curtida, que cuenta con un privilegio que no tuvieron sus antecesores. Se trata de la reci\u00e9n aprobada ley del 20% de transmisi\u00f3n de m\u00fasica chilena en radios, tan proclives en el pasado a programar bandas y cantantes extranjeros. Eso permite entre los oyentes cultivar la identidad en las obras aut\u00f3ctonas, como tambi\u00e9n sucede con la proliferaci\u00f3n de sellos independientes o sitios como La Tienda Nacional, ubicada en la calle Merced del barrio de Bellas Artes, que centra su negocio exclusivamente en el legado y presente creativos de los artistas chilenos, especialmente m\u00fasicos, pero tambi\u00e9n escritores, poetas o pintores.<\/p>\n<p class=\"ecxMsoNormal\">Or\u00edgenes<\/p>\n<p class=\"ecxMsoNormal\">\u00a0El grupo Bloque Depresivo en una actuaci\u00f3n en Matucana 100.<\/p>\n<p class=\"ecxMsoNormal\">DANIEL GUZM\u00c1N<\/p>\n<p class=\"ecxMsoNormal\">Esta movida tiene sus or\u00edgenes con el cambio de siglo. Alrededor del 2000, se produjo el declive de las grandes discogr\u00e1ficas coincidiendo con el ascenso de los sellos independientes como Quemasucabeza, C\u00e1psula Discos o Algo Records. La irrupci\u00f3n de la crisis econ\u00f3mica mundial en 2008 termin\u00f3 por cambiar el panorama musical chileno. Sony, Warner, EMI y Universal, que daban prioridad al cat\u00e1logo extranjero, cerraron oficinas mientras la peque\u00f1a industria alternativa se hizo fuerte. \u201cEl gran cambio es la profesionalizaci\u00f3n de los intermediarios: sellos discogr\u00e1ficos, m\u00e1nagers, agencias de booking y productores lograron vender el pop a la empresa privada chilena y surgieron ferias de industria como Pulsar\u201d, afirma Gonzalo Planet, autor del libro Se oyen los pasos. La historia de los primeros a\u00f1os del rock en Chile. Durante la \u00faltima d\u00e9cada, varios artistas chilenos m\u00e1s que interesantes han salido a la luz: D\u00ebnver, Perrosky, Fakuta, Congelador, Matorral, Guiso o The Ganjas. \u201cAquello fue una bendici\u00f3n y una condena\u201d, explica Francisca Valenzuela (San Francisco, 1987), contratada en la misma agencia de representaci\u00f3n art\u00edstica de Alejandro Sanz y Miguel Bos\u00e9, en conversaci\u00f3n telef\u00f3nica desde su casa de Los Angeles. \u201cNos cost\u00f3 mucho pero nos permiti\u00f3 aprender a andar con autonom\u00eda y haciendo una actividad artesanal\u201d. \u201cSe muri\u00f3 la industria y tuvimos que aprender a hacer las cosas de nuevo\u201d, dice Camila Moreno (Santiago, 1985), que debut\u00f3 en 2009 casi como una autora folk con Almismotiempo y acaba de publicar Mala madre, con influencias de hip hop y urban.<\/p>\n<p class=\"ecxMsoNormal\">\n<p class=\"ecxMsoNormal\">Mientras Santiago pasa el tr\u00e1nsito del oto\u00f1o al invierno con horario de oficina, Moreno se encuentra puliendo los \u00faltimos detalles de Mala madre -el disco ya sali\u00f3 al publicarse este reportaje-. El estudio donde ensaya se esconde en una casita. Ella, como otros m\u00fasicos de su generaci\u00f3n, comenz\u00f3 a darse a conocer en Myspace. Luego, llegaron los peque\u00f1os sellos que colgaban sus discos en p\u00e1ginas web. \u201cUno tiene que aprender a pulsar lo que hace y aprendimos a darnos a conocer en Internet\u201d, comenta. Con sus comienzos dentro de la tradici\u00f3n de cantautores, aunque nunca se ha visto dentro de este g\u00e9nero, tal vez sea la int\u00e9rprete menos pop de esta nueva generaci\u00f3n sonora chilena. Pero se asocia al resto por su \u201cfalta de prejuicios\u201d y sus ganas de romper antiguos techos. \u201cLos chilenos somos como una isla. Y tenemos cierta mirada negativa de la realidad. Supongo que tiene que ver con la cultura del patronaje, de la servidumbre. Tambi\u00e9n que puede que sea que la dictadura sigue siendo un tab\u00fa. Pero hay una tendencia en mi generaci\u00f3n de salir de esa amargura\u201d.<\/p>\n<p class=\"ecxMsoNormal\">La actividad artesanal a la que se refiere Francisca Valenzuela tiene un lugar de gestaci\u00f3n, el mismo lugar en el que esta generaci\u00f3n m\u00e1s r\u00e1pidamente sali\u00f3 de la amargura: el colorido barrio de Bellavista, epicentro del carrete (fiesta) nocturno santiaguino. Valenzuela recuerda c\u00f3mo iba con una cinta de casete con sus primeras grabaciones por los concurridos bares, que con sus terrazas y sus conciertos en directo dejan en el olvido los a\u00f1os de toque de queda de la dictadura militar. Gepe y Javiera Mena comenzaron actuando juntos en Loreto, Bizarre o Cellar. Por sus calles tambi\u00e9n han pasado Astro o Marineros, la \u00faltima sensaci\u00f3n, que con s\u00f3lo un EP ya han tocado en Lollapalooza, el prestigioso festival estadounidense que desde hace cinco a\u00f1os tiene una franquicia internacional en Chile. El siguiente en asentarse es el S\u00f3nar, que celebrar\u00e1 su primera edici\u00f3n en diciembre.<\/p>\n<p class=\"ecxMsoNormal\">Marineros ha sido el \u00faltimo fichaje del productor Christian Heyne, quien se encuentra detr\u00e1s de este nuevo sonido desprejuiciado que se ha abierto paso en Chile. Su mano a los mandos de la producci\u00f3n se ha dejado notar en este d\u00fao formado por Constanza Espina y Soledad Puentes, pero tambi\u00e9n en Camila Moreno, Javiera Mena, Gepe o D\u00ebnver. Algo de m\u00e9rito tiene en este barniz que ha tomado la canci\u00f3n chilena.<\/p>\n<p class=\"ecxMsoNormal\">Es de noche y Bellavista bulle. El club Chocolate est\u00e1 a rebosar para ver a Ana Tijoux (Lille, 1977). El p\u00fablico joven vibra con su hip hop, arropado por una potente banda de vientos. Se agitan y cantan cada uno de sus versos. \u201cChile es un pa\u00eds muy diverso, como nuestra m\u00fasica. No lo digo como un eslogan. Cuando uno entiende su historia, puede entender su identidad y hacer un caminar propio\u201d, asegura despu\u00e9s de un trepidante concierto. Como un eco incansable, similar al grito de protesta que cada semana recorre las calles de Bellas Artes a trav\u00e9s de cientos de estudiantes que se quejan por las altas tasas universitarias, herencia de la Constituci\u00f3n pinochetista, todav\u00eda parece escucharse la letra de Shock: \u201cLa hora son\u00f3\u2026 No permitiremos m\u00e1s la doctrina del shock\u2026 El futuro es ahora\u201d. Tal vez, el futuro es ahora para Tijoux, como para el resto de sus compa\u00f1eros de movida, que han roto el aislamiento de la m\u00fasica chilena. Como lo es para toda esa juventud que viene empujando fuerte contra las cadenas del pasado, ejemplificadas en una \u201csociedad todav\u00eda clasista y desigual\u201d, en palabras de Camila Moreno, pero tambi\u00e9n de Chico Trujillo, Javiera Mena o Marineros. Este nuevo caminar musical ya supone todo un cambio generacional para Chile y una buena noticia para el resto del mundo. Puede que sea la banda sonora de otros cambios que est\u00e1n por venir en la patria de V\u00edctor Jara y Violeta Parra.<\/p>\n","protected":false},"excerpt":{"rendered":"<p>La movida chilena fondea en Espa\u00f1a Los j\u00f3venes criados en democracia rompen el aislamiento musical y convierten el pa\u00eds en una potencia del pop Esta nueva generaci\u00f3n desembarca estos d\u00edas en el Festival La Mar de M\u00fasicas Chile lidera un festival ecl\u00e9ctico FERNANDO NAVARRO Santiago de Chile Dentro del coche \u2014\u201cac\u00e1 se dice auto\u201d, apunta [&hellip;]<\/p>\n","protected":false},"author":249,"featured_media":11668,"comment_status":"open","ping_status":"closed","sticky":false,"template":"","format":"standard","meta":{"footnotes":""},"categories":[1],"tags":[],"class_list":["post-11667","post","type-post","status-publish","format-standard","has-post-thumbnail","hentry","category-sin-categoria"],"_links":{"self":[{"href":"https:\/\/eloficiodehistoriar.com.mx\/index.php?rest_route=\/wp\/v2\/posts\/11667","targetHints":{"allow":["GET"]}}],"collection":[{"href":"https:\/\/eloficiodehistoriar.com.mx\/index.php?rest_route=\/wp\/v2\/posts"}],"about":[{"href":"https:\/\/eloficiodehistoriar.com.mx\/index.php?rest_route=\/wp\/v2\/types\/post"}],"author":[{"embeddable":true,"href":"https:\/\/eloficiodehistoriar.com.mx\/index.php?rest_route=\/wp\/v2\/users\/249"}],"replies":[{"embeddable":true,"href":"https:\/\/eloficiodehistoriar.com.mx\/index.php?rest_route=%2Fwp%2Fv2%2Fcomments&post=11667"}],"version-history":[{"count":1,"href":"https:\/\/eloficiodehistoriar.com.mx\/index.php?rest_route=\/wp\/v2\/posts\/11667\/revisions"}],"predecessor-version":[{"id":11669,"href":"https:\/\/eloficiodehistoriar.com.mx\/index.php?rest_route=\/wp\/v2\/posts\/11667\/revisions\/11669"}],"wp:featuredmedia":[{"embeddable":true,"href":"https:\/\/eloficiodehistoriar.com.mx\/index.php?rest_route=\/wp\/v2\/media\/11668"}],"wp:attachment":[{"href":"https:\/\/eloficiodehistoriar.com.mx\/index.php?rest_route=%2Fwp%2Fv2%2Fmedia&parent=11667"}],"wp:term":[{"taxonomy":"category","embeddable":true,"href":"https:\/\/eloficiodehistoriar.com.mx\/index.php?rest_route=%2Fwp%2Fv2%2Fcategories&post=11667"},{"taxonomy":"post_tag","embeddable":true,"href":"https:\/\/eloficiodehistoriar.com.mx\/index.php?rest_route=%2Fwp%2Fv2%2Ftags&post=11667"}],"curies":[{"name":"wp","href":"https:\/\/api.w.org\/{rel}","templated":true}]}}