{"id":11691,"date":"2015-12-03T11:17:41","date_gmt":"2015-12-03T17:17:41","guid":{"rendered":"https:\/\/eloficiodehistoriar.com.mx\/?p=11691"},"modified":"2015-12-03T11:17:41","modified_gmt":"2015-12-03T17:17:41","slug":"musica-de-marimba-patrimonio-inmaterial-de-la-humanidad","status":"publish","type":"post","link":"https:\/\/eloficiodehistoriar.com.mx\/?p=11691","title":{"rendered":"M\u00fasica de marimba, patrimonio inmaterial de la humanidad."},"content":{"rendered":"<p class=\"x_MsoNormal\">M\u00fasica de marimba, patrimonio inmaterial de la humanidad<\/p>\n<p class=\"x_MsoNormal\">Zeferino Nandayapa, con La Marimba<\/p>\n<p class=\"x_MsoNormal\">La m\u00fasica de marimba, los cantos y bailes tradicionales de la regi\u00f3n colombiana del Pac\u00edfico Sur y de la provincia ecuatoriana de Esmeraldas fueron declarados este mi\u00e9rcoles patrimonio inmaterial de la humanidad, anunci\u00f3 un comunicado de la Unesco.<\/p>\n<p class=\"x_MsoNormal\">La decisi\u00f3n fue tomada por el comit\u00e9 intergubernamental para la salvaguardia del patrimonio cultural inmaterial, reunido en Windhoek (Namibia) hasta el 4 de diciembre.<\/p>\n<p class=\"x_MsoNormal\">La marimba, sus cantos y danzas, \u00abforman parte integrante del tejido social de la comunidad descendiente de africanos asentada en la regi\u00f3n colombiana del Pac\u00edfico Sur, as\u00ed como en la provincia ecuatoriana de Esmeraldas\u00bb indic\u00f3 la organizaci\u00f3n con sede en Par\u00eds.<\/p>\n<p class=\"x_MsoNormal\">\u00abLa m\u00fasica de marimba se toca con un xil\u00f3fono, tambores y maracas. Los hombres y mujeres de esta comunidad cantan relatos y poemas, acompa\u00f1ando sus interpretaciones con movimientos r\u00edtmicos del cuerpo, en diversos eventos de car\u00e1cter ritual, religioso o festivo para celebrar la vida, rendir culto a los santos o despedirse de los difuntos\u00bb, agreg\u00f3.<\/p>\n<p class=\"x_MsoNormal\">La Unesco se\u00f1al\u00f3 que \u00abeste elemento, ya inscrito en 2010 por Colombia en solitario, en adelante se ampl\u00eda a Ecuador y sustituye al inscrito precedentemente\u00bb.<\/p>\n<p class=\"x_MsoNormal\">Adem\u00e1s de la marimba, el Comit\u00e9 de la Unesco inscribi\u00f3 el mi\u00e9rcoles por la ma\u00f1ana otros cuatro elementos en la lista del patrimonio inmaterial, entre ellos la equitaci\u00f3n cl\u00e1sica de la Escuela de equitaci\u00f3n espa\u00f1ola de Viena, presentado por Austria.<\/p>\n<p>&nbsp;<\/p>\n","protected":false},"excerpt":{"rendered":"<p>M\u00fasica de marimba, patrimonio inmaterial de la humanidad Zeferino Nandayapa, con La Marimba La m\u00fasica de marimba, los cantos y bailes tradicionales de la regi\u00f3n colombiana del Pac\u00edfico Sur y de la provincia ecuatoriana de Esmeraldas fueron declarados este mi\u00e9rcoles patrimonio inmaterial de la humanidad, anunci\u00f3 un comunicado de la Unesco. La decisi\u00f3n fue tomada [&hellip;]<\/p>\n","protected":false},"author":249,"featured_media":11692,"comment_status":"open","ping_status":"closed","sticky":false,"template":"","format":"standard","meta":{"footnotes":""},"categories":[1],"tags":[],"class_list":["post-11691","post","type-post","status-publish","format-standard","has-post-thumbnail","hentry","category-sin-categoria"],"_links":{"self":[{"href":"https:\/\/eloficiodehistoriar.com.mx\/index.php?rest_route=\/wp\/v2\/posts\/11691","targetHints":{"allow":["GET"]}}],"collection":[{"href":"https:\/\/eloficiodehistoriar.com.mx\/index.php?rest_route=\/wp\/v2\/posts"}],"about":[{"href":"https:\/\/eloficiodehistoriar.com.mx\/index.php?rest_route=\/wp\/v2\/types\/post"}],"author":[{"embeddable":true,"href":"https:\/\/eloficiodehistoriar.com.mx\/index.php?rest_route=\/wp\/v2\/users\/249"}],"replies":[{"embeddable":true,"href":"https:\/\/eloficiodehistoriar.com.mx\/index.php?rest_route=%2Fwp%2Fv2%2Fcomments&post=11691"}],"version-history":[{"count":1,"href":"https:\/\/eloficiodehistoriar.com.mx\/index.php?rest_route=\/wp\/v2\/posts\/11691\/revisions"}],"predecessor-version":[{"id":11693,"href":"https:\/\/eloficiodehistoriar.com.mx\/index.php?rest_route=\/wp\/v2\/posts\/11691\/revisions\/11693"}],"wp:featuredmedia":[{"embeddable":true,"href":"https:\/\/eloficiodehistoriar.com.mx\/index.php?rest_route=\/wp\/v2\/media\/11692"}],"wp:attachment":[{"href":"https:\/\/eloficiodehistoriar.com.mx\/index.php?rest_route=%2Fwp%2Fv2%2Fmedia&parent=11691"}],"wp:term":[{"taxonomy":"category","embeddable":true,"href":"https:\/\/eloficiodehistoriar.com.mx\/index.php?rest_route=%2Fwp%2Fv2%2Fcategories&post=11691"},{"taxonomy":"post_tag","embeddable":true,"href":"https:\/\/eloficiodehistoriar.com.mx\/index.php?rest_route=%2Fwp%2Fv2%2Ftags&post=11691"}],"curies":[{"name":"wp","href":"https:\/\/api.w.org\/{rel}","templated":true}]}}