{"id":11698,"date":"2015-12-03T11:21:41","date_gmt":"2015-12-03T17:21:41","guid":{"rendered":"https:\/\/eloficiodehistoriar.com.mx\/?p=11698"},"modified":"2015-12-03T11:21:41","modified_gmt":"2015-12-03T17:21:41","slug":"de-las-manos-de-ebanista-de-adolphe-sax-y-de-su-ingenio-nacio-el-saxofon-en-la-imagen-de-archivo-un-miembro-del-sexteto-saxofones-saxtlan","status":"publish","type":"post","link":"https:\/\/eloficiodehistoriar.com.mx\/?p=11698","title":{"rendered":"De las manos de ebanista de Adolphe Sax y de su ingenio naci\u00f3 el saxof\u00f3n. En la imagen de archivo, un miembro del sexteto Saxofones Saxtl\u00e1n."},"content":{"rendered":"<p class=\"x_MsoNormal\">De las manos de ebanista de Adolphe Sax y de su ingenio naci\u00f3 el saxof\u00f3n. En la imagen de archivo, un miembro del sexteto Saxofones Saxtl\u00e1n.<\/p>\n<p class=\"x_MsoNormal\">\n<p class=\"x_MsoNormal\">La historia de la m\u00fasica hubiera sido distinta sin Adolphe Sax. Sin su obsesi\u00f3n por inventar un instrumento de viento, no hubiera existido el revolucionario jazz, ni emblem\u00e1ticas figuras como Charlie Parker, John Coltrane o tantos otros jazzistas, ya que de sus manos de ebanista y de su ingenio naci\u00f3 el saxof\u00f3n, bautizado a partir de su apellido conjuntado con el fonema \u201cfono\u201d (sonido).<\/p>\n<p class=\"x_MsoNormal\">\n<p class=\"x_MsoNormal\">Naci\u00f3 un 6 de noviembre, pero de hace poco m\u00e1s dos siglos, en 1814. Su biograf\u00eda dio muchos vuelcos antes del punto de quiebre en el que invent\u00f3 el vital instrumento. Pudo haber muerto en inumerables ocasiones. Quiz\u00e1 cuando cay\u00f3 de un tercer piso, un d\u00eda en que trag\u00f3 un alfiler o, por ejemplo, la ocasi\u00f3n en la que fue herido en un accidente con p\u00f3lvora. Tambi\u00e9n burl\u00f3 a la muerte cuando fue salvado de perder el \u00faltimo aliento ahogado en un r\u00edo o de morir intoxicado con gases t\u00f3xicos. Pero no, le tocaba vivir para pasar a la historia.<\/p>\n<p class=\"x_MsoNormal\">\n<p class=\"x_MsoNormal\">Doscientos un a\u00f1os m\u00e1s tarde, las tonalidades ocre y el estilo vintage se adue\u00f1aron de la p\u00e1gina de inicio de Google, con lo que conmemora el aniversario del nacimiento de Adolphe Sax.<\/p>\n<p class=\"x_MsoNormal\">\n<p class=\"x_MsoNormal\">El gigante de Internet indic\u00f3 que para conmemorar el nacimiento del creador del saxof\u00f3n, en 1814, publicar\u00e1 cinco versiones del doodle a lo largo de este viernes con distintos instrumentos de su creaci\u00f3n.<\/p>\n<p class=\"x_MsoNormal\">\n<p class=\"x_MsoNormal\">Nacido en Dinant, en B\u00e9lgica, el padre del saxof\u00f3n mostr\u00f3 una gran curiosidad y conocimiento del bronce y las maderas, lo que origin\u00f3 el nacimiento del instrumento cuyo sonido revolucionar\u00eda al mundo.<\/p>\n<p class=\"x_MsoNormal\">\n<p class=\"x_MsoNormal\">Sax modific\u00f3 algunas de las caracter\u00edsticas en la resoluci\u00f3n y calidad de sonido del clarinete y en 1840 dio vida al saxof\u00f3n.<\/p>\n<p class=\"x_MsoNormal\">\n<p class=\"x_MsoNormal\">La firma tecnol\u00f3gica record\u00f3 que la ic\u00f3nica silueta de dicho instrumento se ha popularizado alrededor del mundo debido a int\u00e9rpretes como el estadounidense, John Coltrane, y el ganador del Grammy, Kenny G.<\/p>\n","protected":false},"excerpt":{"rendered":"<p>De las manos de ebanista de Adolphe Sax y de su ingenio naci\u00f3 el saxof\u00f3n. En la imagen de archivo, un miembro del sexteto Saxofones Saxtl\u00e1n. La historia de la m\u00fasica hubiera sido distinta sin Adolphe Sax. Sin su obsesi\u00f3n por inventar un instrumento de viento, no hubiera existido el revolucionario jazz, ni emblem\u00e1ticas figuras [&hellip;]<\/p>\n","protected":false},"author":249,"featured_media":11699,"comment_status":"open","ping_status":"closed","sticky":false,"template":"","format":"standard","meta":{"footnotes":""},"categories":[1],"tags":[],"class_list":["post-11698","post","type-post","status-publish","format-standard","has-post-thumbnail","hentry","category-sin-categoria"],"_links":{"self":[{"href":"https:\/\/eloficiodehistoriar.com.mx\/index.php?rest_route=\/wp\/v2\/posts\/11698","targetHints":{"allow":["GET"]}}],"collection":[{"href":"https:\/\/eloficiodehistoriar.com.mx\/index.php?rest_route=\/wp\/v2\/posts"}],"about":[{"href":"https:\/\/eloficiodehistoriar.com.mx\/index.php?rest_route=\/wp\/v2\/types\/post"}],"author":[{"embeddable":true,"href":"https:\/\/eloficiodehistoriar.com.mx\/index.php?rest_route=\/wp\/v2\/users\/249"}],"replies":[{"embeddable":true,"href":"https:\/\/eloficiodehistoriar.com.mx\/index.php?rest_route=%2Fwp%2Fv2%2Fcomments&post=11698"}],"version-history":[{"count":1,"href":"https:\/\/eloficiodehistoriar.com.mx\/index.php?rest_route=\/wp\/v2\/posts\/11698\/revisions"}],"predecessor-version":[{"id":11700,"href":"https:\/\/eloficiodehistoriar.com.mx\/index.php?rest_route=\/wp\/v2\/posts\/11698\/revisions\/11700"}],"wp:featuredmedia":[{"embeddable":true,"href":"https:\/\/eloficiodehistoriar.com.mx\/index.php?rest_route=\/wp\/v2\/media\/11699"}],"wp:attachment":[{"href":"https:\/\/eloficiodehistoriar.com.mx\/index.php?rest_route=%2Fwp%2Fv2%2Fmedia&parent=11698"}],"wp:term":[{"taxonomy":"category","embeddable":true,"href":"https:\/\/eloficiodehistoriar.com.mx\/index.php?rest_route=%2Fwp%2Fv2%2Fcategories&post=11698"},{"taxonomy":"post_tag","embeddable":true,"href":"https:\/\/eloficiodehistoriar.com.mx\/index.php?rest_route=%2Fwp%2Fv2%2Ftags&post=11698"}],"curies":[{"name":"wp","href":"https:\/\/api.w.org\/{rel}","templated":true}]}}