{"id":11711,"date":"2015-12-03T11:29:14","date_gmt":"2015-12-03T17:29:14","guid":{"rendered":"https:\/\/eloficiodehistoriar.com.mx\/?p=11711"},"modified":"2015-12-03T11:29:14","modified_gmt":"2015-12-03T17:29:14","slug":"culto-a-van-gogh-mas-fuerte-que-nunca-a-125-anos-de-su-muerte","status":"publish","type":"post","link":"https:\/\/eloficiodehistoriar.com.mx\/?p=11711","title":{"rendered":"Culto a Van Gogh m\u00e1s fuerte que nunca a 125 a\u00f1os de su muerte"},"content":{"rendered":"<p class=\"x_MsoNormal\">Culto a Van Gogh m\u00e1s fuerte que nunca a 125 a\u00f1os de su muerte<\/p>\n<p class=\"x_MsoNormal\">\u00c1msterdam. El rostro de Vincent van Gogh ilustra desde camisetas a tazas de t\u00e9, mientras que en las paredes de numerosas casas cuelgan reproducciones de sus Girasoles o su Almendro en flor. Sobre su vida se han rodado pel\u00edculas, escrito novelas y hasta compuesto una \u00f3pera. Sus obras sirven de inspiraci\u00f3n en las pasarelas de alta costura de Par\u00eds y tambi\u00e9n en varias aplicaciones de smartphones. En resumen: al cumplirse este 29 de julio 125 a\u00f1os de su muerte, el pintor est\u00e1 m\u00e1s presente que nunca.<\/p>\n<p class=\"x_MsoNormal\">\n<p class=\"x_MsoNormal\">\u00abLo curioso es que pr\u00e1cticamente nadie lo conoc\u00eda cuando muri\u00f3\u00bb, comenta el director del Museo Van Gogh de \u00c1msterdam, Axel R\u00fcger. Aunque ya no le sorprende el culto al artista, pues lo ve a diario con sus propios ojos: las filas para entrar en el museo siempre son largas y muchos de los interesados son j\u00f3venes. En 2014, el museo recibi\u00f3 unos 1.4 millones de visitantes.<\/p>\n<p class=\"x_MsoNormal\">\n<p class=\"x_MsoNormal\">El pintor holand\u00e9s es considerado uno de los pioneros del arte moderno, pero eso no llega a explicar la fascinaci\u00f3n que generan sus obras. Sin embargo, el director del museo no duda al comparar a Van Gogh con Mozart, Amy Winehouse y James Dean. Son genios que murieron j\u00f3venes. Adem\u00e1s, \u00abla persona y la obra de Van Gogh est\u00e1n intr\u00ednsecamente relacionadas\u00bb, observa.<\/p>\n<p class=\"x_MsoNormal\">\n<p class=\"x_MsoNormal\">Muchas de las cosas que se conocen actualmente del c\u00e9lebre pintor trascendieron a trav\u00e9s de las cartas que le escrib\u00eda a su hermano Theo, que trabajaba como marchante de arte en Par\u00eds.<\/p>\n<p class=\"x_MsoNormal\">\n<p class=\"x_MsoNormal\">Hijo de un pastor protestante de la provincia de Brabante, en el sur de Holanda, Van Gogh luch\u00f3 cotra su destino, recorriendo su propio pa\u00eds, Reino Unido, B\u00e9lgica y Francia. Trabaj\u00f3 en el comercio de arte, como maestro, vendedor de libros y predicador hasta que, finalmente, a los 27 a\u00f1os decidi\u00f3 que se dedicar\u00eda a la pintura. Su vida acab\u00f3 s\u00f3lo diez a\u00f1os despu\u00e9s en Auvers-sur-Oise, cerca de Par\u00eds.<\/p>\n<p class=\"x_MsoNormal\">\n<p class=\"x_MsoNormal\">Dej\u00f3 850 cuadros y casi mil 300 dibujos, que hoy se venden por sumas astron\u00f3micas.<\/p>\n<p class=\"x_MsoNormal\">\n<p class=\"x_MsoNormal\">La biograf\u00eda del famoso pintor es terreno abonado para que surja el mito: Van Gogh, el genio no reconocido, el artista pobre y solitario, el loco, etc. Pero R\u00fcger asegura que muchas de esas asunciones no son correctas. \u00abVan Gogh no cay\u00f3 del cielo siendo genio\u00bb, comenta. El director del museo recuerda que el pintor estudi\u00f3 mucho arte y fue adquiriendo sus capacidades con el aprendizaje.<\/p>\n<p class=\"x_MsoNormal\">\n<p class=\"x_MsoNormal\">\u00bfY la locura? Los campesinos de Nuenen, donde su padre trabajaba como pastor, ya lo llamaban en vida \u00abel loco\u00bb. Pero tambi\u00e9n hay que imaginarse la situaci\u00f3n: un joven pelirrojo de mirada penetrante que camina con su caballete, truene o llueva. En un pueblo tradicional, eso ya de por s\u00ed es algo poco habitual.<\/p>\n<p class=\"x_MsoNormal\">\n<p class=\"x_MsoNormal\">Van Gogh trabajaba con disciplina y reflexionaba mucho, aunque tambi\u00e9n comenz\u00f3 a sufrir cada vez m\u00e1s ataques depresivos y delirios.<\/p>\n<p class=\"x_MsoNormal\">\n<p class=\"x_MsoNormal\">Seg\u00fan se sabe hoy en d\u00eda, la pobreza tambi\u00e9n forma parte de la rom\u00e1ntica leyenda en torno a \u00e9l: Van Gogh no sufri\u00f3 necesidades, era respaldado generosamente por su hermano.<\/p>\n<p class=\"x_MsoNormal\">\n<p class=\"x_MsoNormal\">Si bien en vida no vendi\u00f3 ni un cuadro, tampoco fue un genio no reconocido, como aseguran muchos. Antes de su muerte, los cr\u00edticos de arte ya hab\u00edan comenzado a prestar atenci\u00f3n a sus trabajos, que no encajaban con ninguna otra tendencia. En enero de 1890, el cr\u00edtico de arte franc\u00e9s Albert Aurier incluso lleg\u00f3 a decir que Van Gogh era una especie de mes\u00edas, \u00abel redentor, el sembrador de la verdad que mejorar\u00e1 el mal estado de nuestro arte\u00bb.<\/p>\n<p class=\"x_MsoNormal\">\n<p class=\"x_MsoNormal\">De hecho el reconocimiento de su obra se produjo muy poco despu\u00e9s de su muerte. La fuerza de su uso del color y el simbolismo de sus composiciones comenz\u00f3 a inspirar a otros pintores contempor\u00e1neos. Y sigue fascinando hasta el presente. \u00abVan Gogh conmueve a muchas personas\u00bb, comenta el director del museo, que se\u00f1ala que al observar los cuadros el espectador parece sentir la calidez del sol del sur de Francia, el aroma de las lilas y los sonidos que hacen los cuervos que sobrevuelan los campos sembrados.<\/p>\n<p class=\"x_MsoNormal\">\n<p class=\"x_MsoNormal\">El arte y la vida tan dram\u00e1ticamente breve del pintor atraen a muchos. Y es que para R\u00fcger, lo que genera tanta fascinaci\u00f3n es \u00abla promesa no cumplida\u00bb. El nombre de Vincent van Gogh ser\u00e1 relacionado una y otra vez con la pregunta de qu\u00e9 habr\u00eda ocurrido si no se hubiese matado el 27 de julio de 1890 de un balazo. Muri\u00f3 dos d\u00edas despu\u00e9s en Auvers-sur-Oise, como consecuencia de las heridas.<\/p>\n","protected":false},"excerpt":{"rendered":"<p>Culto a Van Gogh m\u00e1s fuerte que nunca a 125 a\u00f1os de su muerte \u00c1msterdam. El rostro de Vincent van Gogh ilustra desde camisetas a tazas de t\u00e9, mientras que en las paredes de numerosas casas cuelgan reproducciones de sus Girasoles o su Almendro en flor. Sobre su vida se han rodado pel\u00edculas, escrito novelas [&hellip;]<\/p>\n","protected":false},"author":249,"featured_media":11712,"comment_status":"open","ping_status":"closed","sticky":false,"template":"","format":"standard","meta":{"footnotes":""},"categories":[1],"tags":[],"class_list":["post-11711","post","type-post","status-publish","format-standard","has-post-thumbnail","hentry","category-sin-categoria"],"_links":{"self":[{"href":"https:\/\/eloficiodehistoriar.com.mx\/index.php?rest_route=\/wp\/v2\/posts\/11711","targetHints":{"allow":["GET"]}}],"collection":[{"href":"https:\/\/eloficiodehistoriar.com.mx\/index.php?rest_route=\/wp\/v2\/posts"}],"about":[{"href":"https:\/\/eloficiodehistoriar.com.mx\/index.php?rest_route=\/wp\/v2\/types\/post"}],"author":[{"embeddable":true,"href":"https:\/\/eloficiodehistoriar.com.mx\/index.php?rest_route=\/wp\/v2\/users\/249"}],"replies":[{"embeddable":true,"href":"https:\/\/eloficiodehistoriar.com.mx\/index.php?rest_route=%2Fwp%2Fv2%2Fcomments&post=11711"}],"version-history":[{"count":1,"href":"https:\/\/eloficiodehistoriar.com.mx\/index.php?rest_route=\/wp\/v2\/posts\/11711\/revisions"}],"predecessor-version":[{"id":11713,"href":"https:\/\/eloficiodehistoriar.com.mx\/index.php?rest_route=\/wp\/v2\/posts\/11711\/revisions\/11713"}],"wp:featuredmedia":[{"embeddable":true,"href":"https:\/\/eloficiodehistoriar.com.mx\/index.php?rest_route=\/wp\/v2\/media\/11712"}],"wp:attachment":[{"href":"https:\/\/eloficiodehistoriar.com.mx\/index.php?rest_route=%2Fwp%2Fv2%2Fmedia&parent=11711"}],"wp:term":[{"taxonomy":"category","embeddable":true,"href":"https:\/\/eloficiodehistoriar.com.mx\/index.php?rest_route=%2Fwp%2Fv2%2Fcategories&post=11711"},{"taxonomy":"post_tag","embeddable":true,"href":"https:\/\/eloficiodehistoriar.com.mx\/index.php?rest_route=%2Fwp%2Fv2%2Ftags&post=11711"}],"curies":[{"name":"wp","href":"https:\/\/api.w.org\/{rel}","templated":true}]}}