{"id":11757,"date":"2016-01-24T13:44:58","date_gmt":"2016-01-24T19:44:58","guid":{"rendered":"https:\/\/eloficiodehistoriar.com.mx\/?p=11757"},"modified":"2016-01-24T13:44:58","modified_gmt":"2016-01-24T19:44:58","slug":"prefiero-ser-amado-que-respetado","status":"publish","type":"post","link":"https:\/\/eloficiodehistoriar.com.mx\/?p=11757","title":{"rendered":"Prefiero ser amado que respetado&#8230;"},"content":{"rendered":"<p>Prefiero ser amado que respetado&#8230;<\/p>\n<p>&nbsp;<\/p>\n<p>El Pa\u00eds<\/p>\n<p>&nbsp;<\/p>\n<p>El a\u00f1o apenas acaba de empezar y sus buenos prop\u00f3sitos se van cumpliendo uno a uno. \u201cQuiero pasar m\u00e1s tiempo con mis hijos y dejar de comer carne. De momento, no lo llevo nada mal\u201d, admiti\u00f3 en la entrega de los Globo de Oro, donde se alz\u00f3 con el premio a mejor actor de serie c\u00f3mica por su trabajo en\u00a0Mozart in the Jungle. Se calla el tercer deseo, el que mencion\u00f3 pocos d\u00edas antes a EL PA\u00cdS. \u201cSer amado. \u00bfQui\u00e9n no quiere ser amado? Mejor amado que respetado, aunque ambas cosas suelen venir juntas\u201d, describi\u00f3 con la sonrisa espont\u00e1nea que luce este int\u00e9rprete, quien se reserva la seriedad para el trabajo.<\/p>\n<p>&nbsp;<\/p>\n<p>Ahora, el respeto lo tiene en forma de\u00a0Globo de Oro,\u00a0ese galard\u00f3n que le dedic\u00f3 a sus hijos L\u00e1zaro y la peque\u00f1a Libertad, de 7 y 4 a\u00f1os, respectivamente, fruto de su relaci\u00f3n con la tambi\u00e9n actriz argentina Dolores Fonzi. Los ve todo el tiempo, dice. \u201cMe siguen, los sigo. Nos dividimos entre Buenos Aires con su madre y M\u00e9xico capital\u201d, a\u00f1ade sin ofrecer m\u00e1s detalles sobre su separaci\u00f3n. Para alcanzar sus prop\u00f3sitos solo le falta el amor, aunque tampoco parece importarle demasiado a este autodeclarado\u00a0requetesoltero, que \u201cse la pasa muy bien\u201d.<\/p>\n<p>&nbsp;<\/p>\n<p>No hace falta aclaraci\u00f3n. Da igual que sea el m\u00e1s bajito del reparto de\u00a0Mozart in the Jungle, Garc\u00eda Bernal es el motor de la serie. Incluso cuando se trata de celebrar la victoria en los Globos de Oro, \u00e9l fue el centro de atenci\u00f3n. La premiada serie, donde el mexicano interpreta a un director de orquesta con cierto aire de Gustavo Dudamel, tiene entre sus colaboradores a algunos de los pesos pesados de la familia Coppola, desde Roman Coppola y su primo Jason Schwartzman hasta el patriarca del clan,\u00a0Francis Ford Coppola. \u201cClaro que es un gran chico\u201d, dijo con tono paternal el maestro de\u00a0El Padrino\u00a0sobre el actor, de 37 a\u00f1os. Un piropo que reiter\u00f3 antes el director de orquesta venezolano, su\u00a0alter ego\u00a0en la pantalla. \u201cMe encanta que Gael protagonice la serie porque as\u00ed ganar\u00e1 adeptos para la m\u00fasica cl\u00e1sica\u201d.<\/p>\n<p>&nbsp;<\/p>\n<p>L\u00e1zaro y Libertad se cuentan entre estos nuevos adeptos, \u201cla m\u00fasica de las ma\u00f1anas de Gael\u201d, como admiti\u00f3 el actor en su discurso. A ellos les ha mostrado Beethoven y Chaikovski, m\u00fasica que recomienda a cualquier padre para que juegue con sus hijos. De sus progenitores, \u00e9l aprendi\u00f3 interpretaci\u00f3n; su madre, actriz y modelo, y su padre, director y actor. Con pocos meses, ya se hab\u00eda puesto encima de una c\u00e1mara, y con 11 a\u00f1os ya trabajaba\u00a0vis a vis\u00a0con Salma Hayek en telenovelas mexicanas. Aunque su descubrimiento, sobre todo en Hollywood, llegar\u00eda a\u00f1os m\u00e1s tarde con pel\u00edculas como\u00a0Y tu mam\u00e1 tambi\u00e9n\u00a0y, especialmente,\u00a0Amores Perros, de la mano del que considera uno de sus maestros y que, casualmente, tambi\u00e9n result\u00f3 ganador de un Globo de Oro en la misma velada, el cineasta mexicano\u00a0Alejandro Gonz\u00e1lez I\u00f1\u00e1rritu. \u201cMe queda mucho por aprender\u201d, a\u00f1ade en referencia al campo de la m\u00fasica cl\u00e1sica.<\/p>\n<p>&nbsp;<\/p>\n<p>Conciencia Social<\/p>\n<p>&nbsp;<\/p>\n<p>Garc\u00eda Bernal tambi\u00e9n habla de su vida, y no tiene reparo en mostrar sus puntos d\u00e9biles. Se sonroja al admitir que disfruta de m\u00fasica pop como\u00a0El presente, el nuevo tema de Julieta Venegas. Es una de sus debilidades y cuenta que la escucha cuando no lo ve nadie. Lo dice en voz baja, con brillo de pillo en sus ojazos verdes porque es un hombre comprometido socialmente, incluso con la m\u00fasica que escucha. Es un fiel seguidor de Silvio Rodr\u00edguez y la Nueva Trova cubana. Su otro punto d\u00e9bil es, precisamente, su conciencia social, la misma que le impide echar ra\u00edces en Hollywood o la que le impulsa a hacer pel\u00edculas que digan algo. \u201cEs una de las razones por las que hago esto\u201d, afirma quien ha interpretado la figura del Che Guevara en dos ocasiones. No tiene pelos en la lengua para criticar al Gobierno mexicano o a Donald Trump en EE\u00a0UU. Le preocupa la crisis de los refugiados, o los estudiantes desaparecidos de Ayotzinapa. Eso s\u00ed, no entra en pol\u00e9micas innecesarias. Prefiere dejar que su obra hable por \u00e9l. Actualmente prepara junto a\u00a0Jon\u00e1s Cuar\u00f3n el largometraje\u00a0Desierto, sobre la porosa frontera que separa M\u00e9xico de Estados Unidos. Adem\u00e1s, siempre est\u00e1 pendiente del Festival Ambulante, ese que desde hace una d\u00e9cada acerca el cine a 16 localidades mexicanas que ahora tambi\u00e9n incluye a Los \u00c1ngeles. \u201cEs importante hablar de la inmigraci\u00f3n. Todos somos inmigrantes\u201d, a\u00f1ade sabiendo que en el mismo hotel donde \u00e9l y sus compar\u00f1eros celebraron el triunfo en los Globos de Oro hab\u00eda un ej\u00e9rcito de inmigrantes trabajando en las cocinas y recogiendo las mesas del banquete. Esa noche, Gael tambi\u00e9n se llev\u00f3 el amor del p\u00fablico.<\/p>\n","protected":false},"excerpt":{"rendered":"<p>Prefiero ser amado que respetado&#8230; &nbsp; El Pa\u00eds &nbsp; El a\u00f1o apenas acaba de empezar y sus buenos prop\u00f3sitos se van cumpliendo uno a uno. \u201cQuiero pasar m\u00e1s tiempo con mis hijos y dejar de comer carne. De momento, no lo llevo nada mal\u201d, admiti\u00f3 en la entrega de los Globo de Oro, donde se [&hellip;]<\/p>\n","protected":false},"author":249,"featured_media":11758,"comment_status":"open","ping_status":"closed","sticky":false,"template":"","format":"standard","meta":{"footnotes":""},"categories":[1],"tags":[],"class_list":["post-11757","post","type-post","status-publish","format-standard","has-post-thumbnail","hentry","category-sin-categoria"],"_links":{"self":[{"href":"https:\/\/eloficiodehistoriar.com.mx\/index.php?rest_route=\/wp\/v2\/posts\/11757","targetHints":{"allow":["GET"]}}],"collection":[{"href":"https:\/\/eloficiodehistoriar.com.mx\/index.php?rest_route=\/wp\/v2\/posts"}],"about":[{"href":"https:\/\/eloficiodehistoriar.com.mx\/index.php?rest_route=\/wp\/v2\/types\/post"}],"author":[{"embeddable":true,"href":"https:\/\/eloficiodehistoriar.com.mx\/index.php?rest_route=\/wp\/v2\/users\/249"}],"replies":[{"embeddable":true,"href":"https:\/\/eloficiodehistoriar.com.mx\/index.php?rest_route=%2Fwp%2Fv2%2Fcomments&post=11757"}],"version-history":[{"count":1,"href":"https:\/\/eloficiodehistoriar.com.mx\/index.php?rest_route=\/wp\/v2\/posts\/11757\/revisions"}],"predecessor-version":[{"id":11759,"href":"https:\/\/eloficiodehistoriar.com.mx\/index.php?rest_route=\/wp\/v2\/posts\/11757\/revisions\/11759"}],"wp:featuredmedia":[{"embeddable":true,"href":"https:\/\/eloficiodehistoriar.com.mx\/index.php?rest_route=\/wp\/v2\/media\/11758"}],"wp:attachment":[{"href":"https:\/\/eloficiodehistoriar.com.mx\/index.php?rest_route=%2Fwp%2Fv2%2Fmedia&parent=11757"}],"wp:term":[{"taxonomy":"category","embeddable":true,"href":"https:\/\/eloficiodehistoriar.com.mx\/index.php?rest_route=%2Fwp%2Fv2%2Fcategories&post=11757"},{"taxonomy":"post_tag","embeddable":true,"href":"https:\/\/eloficiodehistoriar.com.mx\/index.php?rest_route=%2Fwp%2Fv2%2Ftags&post=11757"}],"curies":[{"name":"wp","href":"https:\/\/api.w.org\/{rel}","templated":true}]}}