{"id":11760,"date":"2016-01-24T13:50:36","date_gmt":"2016-01-24T19:50:36","guid":{"rendered":"https:\/\/eloficiodehistoriar.com.mx\/?p=11760"},"modified":"2016-01-24T13:50:36","modified_gmt":"2016-01-24T19:50:36","slug":"la-septima-vida-de-karra-elejalde","status":"publish","type":"post","link":"https:\/\/eloficiodehistoriar.com.mx\/?p=11760","title":{"rendered":"La s\u00e9ptima vida de Karra Elejalde"},"content":{"rendered":"<div id=\"articulo-titulares\" class=\"articulo-titulares\">\n<div class=\"articulo-subtitulos\">\n<h2 class=\"articulo-subtitulo\" style=\"text-align: justify;\">Durante 20 a\u00f1os, el actor ha sido \u201cel de \u2018Airbag\u201d. Y ahora est\u00e1 empe\u00f1ado en que la historia no se repita con Koldo, el entra\u00f1able marinero de \u2018Ocho apellidos\u2019. Su recuperado \u00e9xito le ha garantizado nuevos proyectos , pero tambi\u00e9n le ha hecho darse de bruces con la fama en tiempos de Twitter y Facebook.<\/h2>\n<div class=\"firma \" style=\"text-align: justify;\">\n<div class=\"autor\">\n<div class=\"autor-texto\"><span class=\"autor-nombre\">VIRGINIA COLLERA<\/span><\/div>\n<\/div>\n<\/div>\n<div class=\"articulo-datos\" style=\"text-align: justify;\"><time class=\"articulo-actualizado\" datetime=\"2016-01-24T00:00:00+01:00\">24 ENE 2016 &#8211; 00:00 <abbr title=\"Central European Time\">CET<\/abbr><\/time><\/div>\n<\/div>\n<div class=\"articulo-datos\" style=\"text-align: justify;\">\u201cSe acab\u00f3 el vasco de las barbas. Se acab\u00f3. Se acab\u00f3. Se acab\u00f3\u201d. <a href=\"http:\/\/elpais.com\/tag\/karra_elejalde\/a\/\" target=\"_blank\">Karra Elejalde<\/a>(Vitoria, 1960) rechaza en\u00e9rgicamente la idea de volver a encarnar a Koldo en la saga de <em>Ocho apellidos<\/em>. En su profesi\u00f3n, apostilla vehemente, siempre ha evitado lo f\u00e1cil, siempre ha buscado sorprender, arriesgar, el v\u00e9rtigo de interpretar un nuevo personaje. Y, enumera, no es ni la primera ni la segunda vez que da vida a ese marinero vasco. Hizo \u201cun apunte\u201d en <em>Acci\u00f3n mutante<\/em> (1993), de \u00c1lex de la Iglesia, en la piel de ese tullido llamado Jos\u00e9 \u00d3scar Teller\u00eda, <em>Manitas<\/em>, el mec\u00e1nico de la banda terrorista que, para superar los controles policiales rumbo al Planeta Axturias, insiste \u2013y convence\u2013 a la autoridad competente de que en la nave<em>Virgen del Carmen<\/em> solo llevan \u201c<em>pescao congelao<\/em>, delicias de merluza, <em>cocretas<\/em> de bacalao y tronquitos de cangrejo y as\u00ed\u201d. Ha recurrido a \u00e9l muchas veces en el teatro, siempre le ha funcionado eso de \u201chacer el casero\u201d en reuniones de amigos. Y, por \u00faltimo, est\u00e1 el anuncio de La Gula del Norte. Basta. \u201cYo tengo la suerte de desenvolverme en la comedia y en el drama, \u00bfpor qu\u00e9 agarrarnos a una ubre que nos va a dar seguridad econ\u00f3mica pero no es un reto profesional? Debemos acabar con \u00e9l porque no es estrat\u00e9gicamente inteligente. No ha lugar a que lo abonemos m\u00e1s. Llevo veintipico a\u00f1os siendo el de <em>Airbag<\/em> y hay que intentar que la gente se olvide de este personaje. De lo contrario, ser\u00e9 Koldo para los restos\u201d.<\/div>\n<div class=\"articulo-datos\" style=\"text-align: justify;\">\n<p>Ocho apellidos vascos es la pel\u00edcula espa\u00f1ola m\u00e1s taquillera de la historia. En 2014, recaud\u00f3 56,2 millones de euros y la vieron casi 9,5 millones de espectadores. La segunda parte, Ocho apellidos catalanes, estrenada contra reloj 20 meses despu\u00e9s, acumula casi 34 millones de euros y 5,4 millones de espectadores. Ha sido la que m\u00e1s entradas ha despachado en 2015 en Espa\u00f1a \u2013y todav\u00eda est\u00e1 en salas de cine\u2013. Para Ghislain Barrois, consejero delegado de Telecinco Cinema, estos filmes son \u201clo m\u00e1s parecido a una revoluci\u00f3n. Por fin han conseguido que el p\u00fablico espa\u00f1ol no d\u00e9 la espalda a su cine\u201d. Por tanto, a diferencia de Elejalde, ya piensa en la tercera (y \u00faltima) entrega de la saga. \u201cAntes de estrenar Ocho apellidos catalanes ya ten\u00edamos en la cabeza que fuera una trilog\u00eda. Otra cosa distinta es que demos en el clavo con una historia que seduzca a director, actores y productores\u201d, explica. \u201cAntes de Navidad nos reunimos con los guionistas y surgieron ideas divertid\u00edsimas que hay que ver d\u00f3nde nos llevan. Ahora lo \u00fanico que puedo garantizar es que vamos a intentar que haya una tercera parte\u201d.<\/p>\n<p>&nbsp;<\/p>\n<p>\u2013Karra Elejalde insiste en que no volver\u00e1 a interpretar a Koldo.<\/p>\n<p>&nbsp;<\/p>\n<p>\u2013Eso mismo dec\u00eda con la segunda, incluso con la primera. Si no quiere, buscaremos una soluci\u00f3n. Pero no nos planteamos una nueva pel\u00edcula sin \u00e9l. Si le presentamos una historia cojonuda, yo supongo, espero, que dir\u00e1 que s\u00ed.<\/p>\n<p>&nbsp;<\/p>\n<p>Airbag, hoy considerada por muchos una pel\u00edcula de culto, fue idea del actor vitoriano. \u201cCreo que corre el a\u00f1o 1995, voy en un taxi con otro amigo y Karra Elejalde. Estamos borrachos y de pronto Karra se pone a contarle al taxista que somos riojanos, que venimos de pisar uva, nos han pagado 800.000 pesetas y que hemos estado de puticlubs y \u00e9l ha perdido su anillo de compromiso en el culo de una mulata, y que tenemos toda la noche para encontrarlo. Yo pens\u00e9 que era algo tan absurdo que pod\u00eda ser verdad y que pod\u00eda ser una pel\u00edcula\u201d, recordaba el director Juanma Bajo Ulloa en los extras del DVD remasterizado de esa road movie que no tuvo el respaldo de la cr\u00edtica \u2013ni siquiera de algunos exhibidores por su duraci\u00f3n: 124 minutos eran demasiado para una comedia\u2013, pero s\u00ed, masivamente, el del p\u00fablico joven. Esa generaci\u00f3n que, casi dos d\u00e9cadas despu\u00e9s de su estreno en cines, sigue repitiendo aquello de \u201cel concepto es el concepto\u201d, \u201chondonadas de hostias\u201d o \u201cnada en la ambulancia\u201d, entre otros chascarrillos del calamitoso sicario Pazos, \u00adinterpretado por Manuel Manqui\u00f1a. Con guion de \u00adElejalde, Bajo Ulloa y Fernando Guill\u00e9n Cuervo, el \u00e9xito de Airbag pill\u00f3 a todos, ellos tres incluidos, totalmente desprevenidos: la vieron casi 2,2 millones de espectadores. \u201cPero no puedo comparar ambos fen\u00f3menos: Airbag no fue ni un 10% de lo que estoy viviendo con Ocho apellidos. Airbag fue muy irreverente y novedosa, pero no aceptaba todo tipo de edades. Hab\u00eda putas, farlopa\u2026 En cambio, los apellidos son para todos los p\u00fablicos. Todos los yayos han ido a verla y, por la calle, mocos de 8 o 9 a\u00f1os me llaman \u2018\u00a1Koldo, Koldo!\u201d.<\/p>\n<p>&nbsp;<\/p>\n<p>Hasta los 14 a\u00f1os Karra Elejalde vivi\u00f3 en Leintz-Gatzaga (Gipuzkoa), en aquel entonces \u201cun pueblo de 20 casas y 30 caser\u00edos\u201d. Hijo de un m\u00fasico \u201cque ten\u00eda un bar\u201d y de un ama de casa, nunca se hab\u00eda planteado dedicarse a la actuaci\u00f3n. Podr\u00eda haber estudiado cualquier cosa, pero \u201ccomo era vago\u201d, le pareci\u00f3 que su mejor opci\u00f3n era ser electricista. Un trabajo en el que llevas chaquetita y tijeras no parec\u00eda exigir demasiado esfuerzo. Tambi\u00e9n curs\u00f3 estudios de pintura y escultura en la escuela de artes y oficios de Vitoria. Fue en la mili donde se encontr\u00f3 con \u201cun t\u00edo cojonudo, muy buen actor y de derechas\u201d, To\u00f1o Sampedro. \u201cMe dijo: \u2018T\u00fa eres muy gracioso. Cuentas muy bien los chistes. Est\u00e1s siempre haciendo el payaso. Yo soy de un grupo de teatro, \u00bfpor qu\u00e9 no te vienes?\u201d. Poco despu\u00e9s debutaba en el espect\u00e1culo Adi\u00f3s, hasta huevo, en el que interpretaba 11 personajes. En su largo y variado periplo, Elejalde ha fundado grupos de teatro, ha escrito canciones para conjuntos del rock radical vasco como Hertzainak o Korroskada y ha participado en filmes como Alas de mariposa y La madre muerta, de Juanma Bajo Ulloa; Vacas y Tierra, de Julio Medem; D\u00edas contados, de Imanol Uribe; Salto al vac\u00edo, de Daniel Calparsoro; La pistola de mi hermano, de Ray Loriga; Los sin nombre, de Jaume Balaguer\u00f3; Los cronocr\u00edmenes, de Nacho Vigalondo. Y ha dirigido A\u00f1o Mariano \u2013con Fernando Guill\u00e9n Cuervo\u2013 y Torapia. En 2011, cuando recibi\u00f3 el Premio Goya al mejor actor de reparto por la pel\u00edcula Tambi\u00e9n la lluvia, aprovech\u00f3 la ocasi\u00f3n para agradecer a su directora, Iciar Bollain, que lo hubiera \u201csacado de boxes\u201d tras una temporada de sequ\u00eda de proyectos cinematogr\u00e1ficos. \u201cLos actores somos flor de un d\u00eda. Estamos arriba y luego abajo. Hay compa\u00f1eros que esperan que suene el tel\u00e9fono y, si no lo hace, se desesperan, pero yo siempre he generado proyectos. Cuando no sal\u00eda nada de cine, escrib\u00eda mis mon\u00f3logos: me he tirado 20 a\u00f1os haci\u00e9ndolos. Nunca me he cortado a la hora de escribir y dirigir, de interpretar, de escribir sketches o poes\u00eda. Siempre me he sabido buscar la vida. En esto de la interpretaci\u00f3n yo soy chusquero, no de academia\u201d, relata. \u201cEsta profesi\u00f3n es c\u00edclica. Tienes cuatro a\u00f1os buenos, uno malo, otros cuatro buenos. No hay justiprecio. De repente est\u00e1s de moda, y no significa que seas mejor actor, pero todo el mundo te desea\u201d.<\/p>\n<p>&nbsp;<\/p>\n<p>En estos momentos, Elejalde est\u00e1 en la cresta de la ola. Pronto empezar\u00e1 a rodar 100 metros junto a Dani Rovira, prepara un programa gastron\u00f3mico y de viajes \u2013al estilo Un pa\u00eds para com\u00e9rselo, de Juan Echanove e Imanol Arias\u2013, tiene \u201ctres o cuatro pel\u00edculas en perspectiva y varias series de televisi\u00f3n\u201d y la pr\u00f3xima semana estrena Embarazados, una pel\u00edcula protagonizada por Alexandra Jim\u00e9nez y Paco Le\u00f3n, en la que Elejalde interpreta a un ginec\u00f3logo demasiado aficionado a las met\u00e1foras deportivas.<\/p>\n<p>E milio Mart\u00ednez-L\u00e1zaro, director de las dos entregas de Ocho apellidos, recuerda el ataque de risa que le dio en el primer ensayo con los actores cuando Elejalde se alej\u00f3 del guion escrito por Borja Cobeaga y Diego San Jos\u00e9 en \u201ccastellano coloquial\u201d y pronunci\u00f3 la frase \u201ccomo la hubiera dicho su padre\u201d. \u201cKarra es de Vitoria y en su casa todos hablaban castellano menos su padre, que se expresaba en ese idioma tan raro. A partir de entonces fui yo quien le propuso que nos detuvi\u00e9ramos en todas sus frases para que pudiera pensar c\u00f3mo las dir\u00eda \u00e9l\u201d.<\/p>\n<p>&nbsp;<\/p>\n<p>Cuando Elejalde recibi\u00f3 el guion de Koldo (que le procurar\u00eda su segundo Goya) pens\u00f3 que, si aceptaba interpretarlo, reca\u00eda sobre \u00e9l una gran responsabilidad. \u201cA m\u00ed, que fui uno de los que metieron a un lehendakari negro en Airbag, vi que me tocaba ser el representante de lo vasco. Koldo es un personaje que tiene un barco que se llama El Sabino III, por tanto, nacionalista del PNV. Yo, desde luego, no soy ni cat\u00f3lico ni conservador y podr\u00eda haber denostado al personaje, haberlo llenado de tics, apayasarlo. Pero pens\u00e9: \u2018Co\u00f1o, Karra, hagamos un vasco que sea como viene en el guion, pero d\u00e9mosle emoci\u00f3n, l\u00e1grimas, que sea un hombre que quiere a su hija. Peligroso pero tierno\u201d, explica. \u201cY constru\u00ed un personaje por el cual dos se\u00f1ores del PNV me tendr\u00edan que estar muy agradecidos porque la verdad es que ha ca\u00eddo muy bien. Y, efectivamente, para hacerlo ech\u00e9 mucho de c\u00f3mo hablaban, de c\u00f3mo pensaban y se desenvolv\u00edan, de la torpeza con la que abordaban el castellano mi t\u00edo Ram\u00f3n y mi aita\u201d.<\/p>\n<p>&nbsp;<\/p>\n<p>Actor y director se conoc\u00edan, pero nunca hab\u00edan trabajado juntos. \u201cLo he pasado muy bien. No solo nos hemos hecho muy amigos, sino que he descubierto a un gran actor. Sab\u00eda que era muy bueno porque lo hab\u00eda visto en Tambi\u00e9n la lluvia, pero \u00faltimamente en cine le daban unos papeles tan pobres\u2026 Siempre de poli secundario. Cuando vi la de Iciar me dije: \u2018Este s\u00ed es Karra\u201d, comenta Mart\u00ednez-L\u00e1zaro, quien, adem\u00e1s, destaca su poderosa vis c\u00f3mica. \u201cA las pruebas me remito. \u00c9l hab\u00eda hecho comedia, pero de otro tipo. Era una comedia de hacer el gamberro, muy desinhibida, que a \u00e9l le gusta mucho porque es un muchachote vasco. Pero no tiene ni la quinta parte de valor que la de Ocho apellidos porque esta es una comedia desde un personaje serio y que consigue desplegar una risa enorme\u201d.<\/p>\n<p>&nbsp;<\/p>\n<p>\u2013Karra Elejalde insiste en que no volver\u00e1 a interpretar a Koldo.<\/p>\n<\/div>\n<p style=\"text-align: justify;\">\u2013Si \u00e9l no est\u00e1, tendr\u00e1n que buscar a otro director. Si la hacemos y nos ponemos todos de acuerdo, habr\u00e1 una posibilidad. Ya se ver\u00e1.<\/p>\n<p style=\"text-align: justify;\">\n<p style=\"text-align: justify;\">Hasta ahora Elejalde, con m\u00e1s de tres d\u00e9cadas de profesi\u00f3n a sus espaldas, era conocido. \u201cA m\u00ed me apasiona mi profesi\u00f3n. Lo que mejor vivo es el proceso de leer un personaje, contrastarlo con el director y mis compa\u00f1eros y abonar ese trabajo. Esa labor de investigaci\u00f3n, de resoluci\u00f3n, de entendimiento, de llegar a una comuni\u00f3n. Pero la parte de promoci\u00f3n y todo lo dem\u00e1s, me es totalmente ajena. Yo soy hablar\u00edn con mis amigos, pero fundamentalmente soy actor\u00edn. A m\u00ed lo que me gusta es levantarme a la ma\u00f1ana, ir, hacer y volver a casa\u201d. Pero desde marzo de 2014, cuando lleg\u00f3 a las salas Ocho apellidos vascos \u2013su rostro enfurru\u00f1ado, mirando de reojo a Clara Lago, su hija en la ficci\u00f3n, impreso en el cartel del filme\u2013, es famoso. Y vive con incomodidad su nueva condici\u00f3n. \u201cEstas dos pel\u00edculas me han dado una tranquilidad profesional, pero hay mucha dejaci\u00f3n de tu vida personal. Se resiente. Ya no te vas a tomar gin-tonics tan tranquilo a las dos de la madrugada por los sitios, y tambi\u00e9n es un poco triste tener que hacerte las fiestas en casa\u201d. Aunque esto no debe interpretarse como una queja, aclara: \u201cNo lo es, pero a m\u00ed nunca me ha gustado ser famoso. Yo siempre he deseado ser prestigioso. Independientemente de a lo que me hubiera dedicado en la vida. Pintor, chapista o arquitecto. Me gustar\u00eda ser un actor de prestigio pero desconocido, un ser an\u00f3nimo m\u00e1s que anda por ah\u00ed, pero es un binomio que no se puede conseguir en nuestra profesi\u00f3n\u201d. Ahora, se lamenta, no tiene tiempo ni para atarse los zapatos. \u201c\u00bfEl \u00e9xito? \u00bfQu\u00e9 comporta el \u00e9xito? Pues estar de zascandil de aqu\u00ed para all\u00e1 y desatender lo que m\u00e1s quieres. A d\u00eda de hoy no puedo mantener ni un huerto\u201d. Tampoco terminar un guion sobre la miner\u00eda del colt\u00e1n o dedicar tiempo a dos de sus aficiones: la pintura y la poes\u00eda. \u201cLo que escribo es c\u00e1ndido, a veces es na\u00edf, a veces amargo, a veces es alcoh\u00f3lico. Con todo lo extravertido que puedo parecer, soy t\u00edmido para algunas cosas, las canciones son canciones, pero dudo mucho que llegue a editar mi poes\u00eda\u201d.<\/p>\n<p style=\"text-align: justify;\">\n<p style=\"text-align: justify;\">Visceral. Bocazas. Un volc\u00e1n a punto de estallar. La descripci\u00f3n es del propio actor \u2013y la hemeroteca lo refrenda\u2013. Elejalde siempre ha sido vehemente. Siempre ha entrado al trapo de todo. Pero, a sus 55 a\u00f1os, reconoce que quiz\u00e1s sea el momento de ensayar la diplomacia. Durante la charla, mientras fuma sin parar, zanja varias de sus respuestas con precavidos \u201cpero ya entiendes lo que quiero decir, \u00bfverdad?\u201d. Ni un paso en falso. \u201cYo soy el mismo p\u00e1jaro. Sigo pensando igual. Pero ahora vamos a tener que medir mucho lo que decimos y no decimos. Ya no me va a dar la gana, pese a que yo pienso como pienso, hacer declaraciones de enjundia pol\u00edtica o sobre deportes. \u00bfPor qu\u00e9 si digo que me gusta el Bar\u00e7a voy a enfadarme con seis millones de personas de Madrid? No voy a entrar en ese juego. Voy a ser diplom\u00e1tico, pero no dejar de ser coherente. Me va a gustar decir no lo s\u00e9\u201d.<\/p>\n<p style=\"text-align: justify;\">\n<p style=\"text-align: justify;\">Durante la promoci\u00f3n de Ocho apellidos catalanes, primero Clara Lago y Dani Rovira en el programa El hormiguero, despu\u00e9s Elejalde en una entrevista con el diario As, desataron la ira de las redes sociales. Los primeros reconoc\u00edan a Pablo Motos que el efecto de Ocho apellidos era tal que salir a la calle juntos era \u201cun co\u00f1azo\u201d, seg\u00fan Lago. \u201cComo Jim Carrey en El show de Truman. Nos sentimos muy observados\u201d, remat\u00f3 Rovira. El pecado del int\u00e9rprete vitoriano, que no tiene ni Twitter, ni Facebook, ni siquiera Whats\u00adApp, fueron unas declaraciones a prop\u00f3sito de la pol\u00edtica de fichajes del Atlhetic de Bilbao. \u201cAhora van a ser vascos hasta los riojanos y los de Toledo, no digamos los navarros. En ese equipo juega gente de varias comunidades [\u2026] Me parece un poco peregrino que hagan eso si su sello es el personal de Euskadi\u201d. Los tres fueron reprendidos con esos linchamientos 2.0 que hoy ya no sorprenden por habituales \u2013y que son sufridos por famosos, fundamentalmente, pero tambi\u00e9n por ciudadanos an\u00f3nimos, nadie est\u00e1 a salvo\u2013. \u201cEstamos en un momento cr\u00edtico y cualquier patinazo se eleva y se desmesura. De repente te ves en el ojo del hurac\u00e1n y todo el mundo en las redes tiene algo que decir. Acaban deseando hasta tu muerte. Al final aprendes a no crearte problemas porque las cosas dichas desde el desenfado, escritas, cobran un peso enorme. Y es una pena, porque no hay pregunta impertinente sino contestaci\u00f3n inoportuna. Hay que tener mucho cuidadito, as\u00ed que, a capear el temporal, que es lo que har\u00eda un buen marinero, y a seguir navegando\u201d. Al despedirse, insiste en que borre, si las hubiera, sus salidas de tono. Todav\u00eda est\u00e1 ensayando.<\/p>\n<p style=\"text-align: justify;\">\n<p style=\"text-align: justify;\">elpaissemanal@elpais.es<\/p>\n<\/div>\n","protected":false},"excerpt":{"rendered":"<p>Durante 20 a\u00f1os, el actor ha sido \u201cel de \u2018Airbag\u201d. Y ahora est\u00e1 empe\u00f1ado en que la historia no se repita con Koldo, el entra\u00f1able marinero de \u2018Ocho apellidos\u2019. Su recuperado \u00e9xito le ha garantizado nuevos proyectos , pero tambi\u00e9n le ha hecho darse de bruces con la fama en tiempos de Twitter y Facebook. [&hellip;]<\/p>\n","protected":false},"author":249,"featured_media":11761,"comment_status":"open","ping_status":"closed","sticky":false,"template":"","format":"standard","meta":{"footnotes":""},"categories":[1],"tags":[],"class_list":["post-11760","post","type-post","status-publish","format-standard","has-post-thumbnail","hentry","category-sin-categoria"],"_links":{"self":[{"href":"https:\/\/eloficiodehistoriar.com.mx\/index.php?rest_route=\/wp\/v2\/posts\/11760","targetHints":{"allow":["GET"]}}],"collection":[{"href":"https:\/\/eloficiodehistoriar.com.mx\/index.php?rest_route=\/wp\/v2\/posts"}],"about":[{"href":"https:\/\/eloficiodehistoriar.com.mx\/index.php?rest_route=\/wp\/v2\/types\/post"}],"author":[{"embeddable":true,"href":"https:\/\/eloficiodehistoriar.com.mx\/index.php?rest_route=\/wp\/v2\/users\/249"}],"replies":[{"embeddable":true,"href":"https:\/\/eloficiodehistoriar.com.mx\/index.php?rest_route=%2Fwp%2Fv2%2Fcomments&post=11760"}],"version-history":[{"count":1,"href":"https:\/\/eloficiodehistoriar.com.mx\/index.php?rest_route=\/wp\/v2\/posts\/11760\/revisions"}],"predecessor-version":[{"id":11762,"href":"https:\/\/eloficiodehistoriar.com.mx\/index.php?rest_route=\/wp\/v2\/posts\/11760\/revisions\/11762"}],"wp:featuredmedia":[{"embeddable":true,"href":"https:\/\/eloficiodehistoriar.com.mx\/index.php?rest_route=\/wp\/v2\/media\/11761"}],"wp:attachment":[{"href":"https:\/\/eloficiodehistoriar.com.mx\/index.php?rest_route=%2Fwp%2Fv2%2Fmedia&parent=11760"}],"wp:term":[{"taxonomy":"category","embeddable":true,"href":"https:\/\/eloficiodehistoriar.com.mx\/index.php?rest_route=%2Fwp%2Fv2%2Fcategories&post=11760"},{"taxonomy":"post_tag","embeddable":true,"href":"https:\/\/eloficiodehistoriar.com.mx\/index.php?rest_route=%2Fwp%2Fv2%2Ftags&post=11760"}],"curies":[{"name":"wp","href":"https:\/\/api.w.org\/{rel}","templated":true}]}}