{"id":11778,"date":"2016-02-20T12:43:32","date_gmt":"2016-02-20T18:43:32","guid":{"rendered":"https:\/\/eloficiodehistoriar.com.mx\/?p=11778"},"modified":"2016-02-20T12:43:32","modified_gmt":"2016-02-20T18:43:32","slug":"murio-humberto-eco","status":"publish","type":"post","link":"https:\/\/eloficiodehistoriar.com.mx\/?p=11778","title":{"rendered":"Muri\u00f3 Humberto Eco"},"content":{"rendered":"<p class=\"x_MsoNormal\">Muri\u00f3 Humberto Eco<\/p>\n<p class=\"x_MsoNormal\">La Jornada<\/p>\n<p class=\"x_MsoNormal\">Casi al filo de la medianoche de este viernes, en Europa, los diarios italianos La Repubblica e Il Corriere della Sera cimbraron al mundo de las letras y la cultura con la noticia de la muerte de Umberto Eco, escritor, fil\u00f3sofo, apasionado de la semi\u00f3tica.<\/p>\n<p class=\"x_MsoNormal\">\n<p class=\"x_MsoNormal\">Se va uno de los grandes acad\u00e9micos y te\u00f3ricos de la comunicaci\u00f3n, quien apenas en 2015 present\u00f3 una \u201cparodia feroz\u201d (como la calificaron los cr\u00edticos) acerca de la relaci\u00f3n entre periodismo y pol\u00edtica en su \u00faltima novela N\u00famero cero.<\/p>\n<p class=\"x_MsoNormal\">\n<p class=\"x_MsoNormal\">Umberto Eco acababa de cumplir 84 a\u00f1os de edad. Naci\u00f3 en la ciudad de Alessandria, en el norte de Italia, el 5 de enero de 1932. Su padre, Giulio, fue contador antes de la Segunda Guerra Mundial, cuando fue llamado a enrolarse en las fuerzas armadas. En ese momento, Umberto y su madre se mudaron a otro peque\u00f1o poblado de la regi\u00f3n de Piamonte, donde Eco asisti\u00f3 a una escuela salesiana.<\/p>\n<p class=\"x_MsoNormal\">\n<p class=\"x_MsoNormal\">La filosof\u00eda y la literatura fueron los hilos conductores de su vida. Con la tesis titulada El problema est\u00e9tico en Santo Tom\u00e1s de Aquino se doctor\u00f3 en filosof\u00eda y letras en la Universidad de Tur\u00edn en 1954, y de inmediato comenz\u00f3 a ejercer como catedr\u00e1tico en las universidades de Tur\u00edn y Florencia antes de ejercer durante dos a\u00f1os en la de Mil\u00e1n.<\/p>\n<p class=\"x_MsoNormal\">\n<p class=\"x_MsoNormal\">Durante los a\u00f1os sesenta, como profesor de Comunicaci\u00f3n, public\u00f3 varios de sus estudios de semi\u00f3tica m\u00e1s importantes, como Obra abierta (1962) y La estructura ausente (1968). Desde 1971 hasta ayer ocup\u00f3 la c\u00e1tedra de Semi\u00f3tica en la Universidad de Bolonia, donde sol\u00eda pasear por los corredores acompa\u00f1ado por sus alumnos, enfrascado en intensos debates sobre arte o periodismo, sus temas favoritos.<\/p>\n<p class=\"x_MsoNormal\">\n<p class=\"x_MsoNormal\">En 1988 fund\u00f3 el Departamento de Comunicaci\u00f3n de la Universidad de San Marino y en febrero de 2001 cre\u00f3 en esa ciudad la Escuela Superior de Estudios Human\u00edsticos, iniciativa acad\u00e9mica solo para licenciados de alto nivel destinada a difundir la cultura universal. Tambi\u00e9n cofund\u00f3 en 1969 la Asociaci\u00f3n Internacional de Semi\u00f3tica.<\/p>\n<p class=\"x_MsoNormal\">\n<p class=\"x_MsoNormal\">Fue hasta 1980 cuando el mundo descubri\u00f3 la lucidez de la narrativa de Umberto Eco cuando se public\u00f3 El nombre de la rosa, novela hist\u00f3rica de m\u00faltiples lecturas (filos\u00f3fica, polic\u00edaca con varios gui\u00f1os semiol\u00f3gicos), ambientada en un monasterio benedictino en el a\u00f1o 1327. Fue tal el \u00e9xito editorial, que el libro fue traducido a muchos idiomas y llevado al cine en 1986 por el director franc\u00e9s Jean-Jacques Annaud.<\/p>\n<p class=\"x_MsoNormal\">\n<p class=\"x_MsoNormal\">Luego vinieron, tambi\u00e9n dentro del g\u00e9nero de novela, El p\u00e9ndulo de Foucault (1988), f\u00e1bula sobre una conspiraci\u00f3n secreta de sabios en torno a temas esot\u00e9ricos; La isla del d\u00eda de antes (1994), par\u00e1bola kafkiana sobre la incertidumbre y la necesidad de respuestas; Baudolino (2000), una novela picaresca, tambi\u00e9n ambientada en la Edad Media, con un exquisito uso de las lenguas romances; La Misteriosa Llama de la Reina Loana (2004), que se nutre con los recuerdos de la infancia del autor; El cementerio de Praga (2010), que de alguna forma narra ciertos antecedentes del nazismo alem\u00e1n y N\u00famero Cero (2015).<\/p>\n<p class=\"x_MsoNormal\">\n<p class=\"x_MsoNormal\">Estos t\u00edtulos se suman a su vasta obra ensay\u00edstica, entre la que destaca Apocal\u00edpticos e integrados (1965), libro de cabecera de cualquier estudioso de los medios de comunicaci\u00f3n; La estructura ausente (1968), La forma y el contenido (1971), El signo (1973), Tratado de semi\u00f3tica general (1975), El super-hombre de masas (1976), Desde la periferia al imperio (1977), La b\u00fasqueda de la lengua perfecta (1994), Kant y el ornitorrinco (1997) y Cinco escritos morales (1998), entre otros.<\/p>\n<p class=\"x_MsoNormal\">\n<p class=\"x_MsoNormal\">Eco fue miembro del Foro de Sabios de la Mesa del Consejo Ejecutivo de la Unesco. Recibi\u00f3 doctorados Honoris Causa por treinta y ocho universidades de todo el mundo, as\u00ed como el premio Pr\u00edncipe de Asturias de Comunicaci\u00f3n y Humanidades (2000) y fue nombradocaballero de la Legi\u00f3n de Honor en Francia.<\/p>\n<p class=\"x_MsoNormal\">\n<p class=\"x_MsoNormal\">En su pa\u00eds obtuvo casi todos los premios a los que aspira un intelectual: Medalla de Oro al m\u00e9rito de la cultura y el arte (1997); Caballero Gran Cruz de la Orden del M\u00e9rito de la Rep\u00fablica Italiana (1996), y fue propuesto en diversas ocasiones para el Premio Nobel.<\/p>\n<p class=\"x_MsoNormal\">\n<p class=\"x_MsoNormal\">Hace unos meses, luego de los atentados contra la revista sat\u00edrica francesa Charlie Hebdo, Eco afirm\u00f3 que el mundo se encuentra en guerra y que la organizaci\u00f3n radical Estado Isl\u00e1mico es el nuevo nazismo.<\/p>\n<p class=\"x_MsoNormal\">\n<p class=\"x_MsoNormal\">En una entrevista con Il Corriere della Sera, reconoci\u00f3 que se sent\u00eda como cuando era ni\u00f1o y su pa\u00eds estaba siendo bombardeado durante la segunda guerra mundial: \u00abHan cambiado las modalidades de la guerra; hay una guerra en curso y nosotros estamos metidos hasta el cuello, como cuando yo era ni\u00f1o y viv\u00eda mis d\u00edas bajo los bombardeos que pod\u00edan arribar de un momento a otro sin que yo lo supiera. El grupo Estado Isl\u00e1mico es una nueva forma de nazismo, con sus m\u00e9todos de exterminio y su voluntad apocal\u00edptica de apoderarse del mundo\u201d.<\/p>\n<p class=\"x_MsoNormal\">\n<p class=\"x_MsoNormal\">El maestro Umberto Eco siempre se consider\u00f3 un novelista amateur \u201cy seguramente prometedor\u201d, profesionalmente se defin\u00eda como un fil\u00f3sofo, intelectual y humanista. Celoso de su privacidad, siempre se cuid\u00f3 de mantener en secreto sobre qu\u00e9 escrib\u00eda y fue poco afecto a ofrecer entrevistas a la prensa. Su familia solo inform\u00f3 ayer que el escritor muri\u00f3 en su habitaci\u00f3n, no proporcion\u00f3 por el momento m\u00e1s detalles.<\/p>\n","protected":false},"excerpt":{"rendered":"<p>Muri\u00f3 Humberto Eco La Jornada Casi al filo de la medianoche de este viernes, en Europa, los diarios italianos La Repubblica e Il Corriere della Sera cimbraron al mundo de las letras y la cultura con la noticia de la muerte de Umberto Eco, escritor, fil\u00f3sofo, apasionado de la semi\u00f3tica. Se va uno de los [&hellip;]<\/p>\n","protected":false},"author":249,"featured_media":11780,"comment_status":"open","ping_status":"closed","sticky":false,"template":"","format":"standard","meta":{"footnotes":""},"categories":[1],"tags":[],"class_list":["post-11778","post","type-post","status-publish","format-standard","has-post-thumbnail","hentry","category-sin-categoria"],"_links":{"self":[{"href":"https:\/\/eloficiodehistoriar.com.mx\/index.php?rest_route=\/wp\/v2\/posts\/11778","targetHints":{"allow":["GET"]}}],"collection":[{"href":"https:\/\/eloficiodehistoriar.com.mx\/index.php?rest_route=\/wp\/v2\/posts"}],"about":[{"href":"https:\/\/eloficiodehistoriar.com.mx\/index.php?rest_route=\/wp\/v2\/types\/post"}],"author":[{"embeddable":true,"href":"https:\/\/eloficiodehistoriar.com.mx\/index.php?rest_route=\/wp\/v2\/users\/249"}],"replies":[{"embeddable":true,"href":"https:\/\/eloficiodehistoriar.com.mx\/index.php?rest_route=%2Fwp%2Fv2%2Fcomments&post=11778"}],"version-history":[{"count":1,"href":"https:\/\/eloficiodehistoriar.com.mx\/index.php?rest_route=\/wp\/v2\/posts\/11778\/revisions"}],"predecessor-version":[{"id":11781,"href":"https:\/\/eloficiodehistoriar.com.mx\/index.php?rest_route=\/wp\/v2\/posts\/11778\/revisions\/11781"}],"wp:featuredmedia":[{"embeddable":true,"href":"https:\/\/eloficiodehistoriar.com.mx\/index.php?rest_route=\/wp\/v2\/media\/11780"}],"wp:attachment":[{"href":"https:\/\/eloficiodehistoriar.com.mx\/index.php?rest_route=%2Fwp%2Fv2%2Fmedia&parent=11778"}],"wp:term":[{"taxonomy":"category","embeddable":true,"href":"https:\/\/eloficiodehistoriar.com.mx\/index.php?rest_route=%2Fwp%2Fv2%2Fcategories&post=11778"},{"taxonomy":"post_tag","embeddable":true,"href":"https:\/\/eloficiodehistoriar.com.mx\/index.php?rest_route=%2Fwp%2Fv2%2Ftags&post=11778"}],"curies":[{"name":"wp","href":"https:\/\/api.w.org\/{rel}","templated":true}]}}