{"id":11799,"date":"2016-02-29T16:59:50","date_gmt":"2016-02-29T22:59:50","guid":{"rendered":"https:\/\/eloficiodehistoriar.com.mx\/?p=11799"},"modified":"2016-02-29T16:59:50","modified_gmt":"2016-02-29T22:59:50","slug":"premios-oscar-2016","status":"publish","type":"post","link":"https:\/\/eloficiodehistoriar.com.mx\/?p=11799","title":{"rendered":"Premios \u201cOscar\u201d 2016"},"content":{"rendered":"<p class=\"x_MsoNormal\">Premios \u201cOscar\u201d 2016<\/p>\n<p class=\"x_MsoNormal\">Redacci\u00f3n<\/p>\n<p class=\"x_MsoNormal\">La Jornada<\/p>\n<p class=\"x_MsoNormal\">Los \u00c1ngeles.<\/p>\n<p class=\"x_MsoNormal\">Los mexicanos Alejandro Gonz\u00e1lez I\u00f1\u00e1rritu y Emmanuel Lubezki marcaron nuevos registros en la historia de los premios \u00d3scar, que anoche, en su edici\u00f3n 88, se entregaron en el teatro Dolby de Los \u00c1ngeles, donde la academia estadunidense de cine premi\u00f3 como mejor pel\u00edcula a En primera plana, que tambi\u00e9n gan\u00f3 como mejor gui\u00f3n original.<\/p>\n<p class=\"x_MsoNormal\">\n<p class=\"x_MsoNormal\">Gonz\u00e1lez I\u00f1\u00e1rritu obtuvo el premio a mejor director \u2013como lo hizo el a\u00f1o pasado con Birdman\u2013 y Lubezki a mejor cinefot\u00f3grafo por Revenant: El renacido.<\/p>\n<p class=\"x_MsoNormal\">\n<p class=\"x_MsoNormal\">El primero obtuvo su segunda estatuilla consecutiva igualando a John Ford (en 1940 y 1941, por Las uvas de la ira y \u00a1Qu\u00e9 verde era mi valle!, respectivamente) y a Joseph L. Mankiewicz, quien se adjudic\u00f3 los premios por Carta a tres esposas y La malvada (en 1949 y 1950).<\/p>\n<p class=\"x_MsoNormal\">\n<p class=\"x_MsoNormal\">Lubezki tambi\u00e9n hizo historia al ser el primero en la academia estadunidense en conseguir por tercera vez consecutiva el premio, logrado con Birdman, en 2015, y Gravedad, en 2014.<\/p>\n<p class=\"x_MsoNormal\">\n<p class=\"x_MsoNormal\">El Chivo dedic\u00f3 el galard\u00f3n a su esposa y a sus padres y exalt\u00f3 a sus colegas. Creo que soy el fot\u00f3grafo con m\u00e1s suerte del mundo por poder trabajar con estos directores, dijo momentos despu\u00e9s.<\/p>\n<p class=\"x_MsoNormal\">\n<p class=\"x_MsoNormal\">Mediante su cuenta de Twitter, el presidente Enrique Pe\u00f1a Nieto felicit\u00f3 a los mexicanos Gonz\u00e1lez I\u00f1\u00e1rritu y Lubezki por sus respectivos \u00d3scares.<\/p>\n<p class=\"x_MsoNormal\">\n<p class=\"x_MsoNormal\">La mejor pel\u00edcula para la academia no fue Revenant&#8230; sino el drama de Tom McCarthy basado en unos periodistas que destaparon un caso de pederastia.<\/p>\n<p class=\"x_MsoNormal\">\n<p class=\"x_MsoNormal\">No puedo creer que esto est\u00e9 pasando. Es m\u00e1s hermoso todav\u00eda compartirlo con el talentoso equipo. Leo (DiCaprio), eres el renacido&#8230; Soy afortunado, pero muchos no han tenido la misma suerte. Qu\u00e9 mejor oportunidad para nuestra generaci\u00f3n de liberarnos del prejuicio y asegurarnos de que por siempre el color de la piel sea tan irrelevante como el largo de nuestro cabello, coment\u00f3 Gonz\u00e1lez I\u00f1\u00e1rritu luego de recibir el premio.<\/p>\n<p class=\"x_MsoNormal\">\n<p class=\"x_MsoNormal\">Leonardo DiCaprio gan\u00f3 por fin el primer \u00d3scar de su carrera por Revenant: El renacido, poco despu\u00e9s de que su colega Brie Larson se alzara con el galard\u00f3n a mejor actriz por La habitaci\u00f3n. Seis intentos le cost\u00f3 a DiCaprio poder obtener la estatuilla dorada.<\/p>\n<p class=\"x_MsoNormal\">\n<p class=\"x_MsoNormal\">\u201cRevenant: El renacido es sobre la relaci\u00f3n de un hombre con un mundo natural\u201d, dijo DiCaprio al recoger la estatuilla. 2015 fue el a\u00f1o m\u00e1s caluroso (&#8230;) Tuvimos que movernos para encontrar nieve, afirm\u00f3 el actor de 40 a\u00f1os sobre el rodaje, que se realiz\u00f3 en parte en la Patagonia argentina.<\/p>\n<p class=\"x_MsoNormal\">\n<p class=\"x_MsoNormal\">El cambio clim\u00e1tico es la amenaza m\u00e1s real que enfrenta nuestra especie, insisti\u00f3 DiCaprio, famoso por su activismo en defensa del medio ambiente. Hay gente que ha visto su voz acallada por la pol\u00edtica de la codicia (&#8230;) no demos el planeta por garantizado, complet\u00f3.<\/p>\n<p class=\"x_MsoNormal\">\n<p class=\"x_MsoNormal\">Esta era la sexta nominaci\u00f3n al \u00d3scar para DiCaprio, quien hasta ahora siempre se hab\u00eda ido de la ceremonia con las manos vac\u00edas. Sin embargo, todas las quinielas indicaban que este a\u00f1o lo lograr\u00eda por su papel de Hugh Class, un explorador y cazador estadunidense del siglo XIX.<\/p>\n<p class=\"x_MsoNormal\">\n<p class=\"x_MsoNormal\">DiCaprio arrebat\u00f3 la estatuilla dorada a Michael Fassbender por Steve Jobs, Matt Damon por Marte: operaci\u00f3n rescate, Bryan Cranston por Trumbo y Eddie Redmayne por La chica danesa.<\/p>\n<p class=\"x_MsoNormal\">\n<p class=\"x_MsoNormal\">Mad Max sorprende, logra seis<\/p>\n<p class=\"x_MsoNormal\">\n<p class=\"x_MsoNormal\">La que sorprendi\u00f3 con seis premios fue Mad Max: furia en la carretera, que obtuvo seis estatuillas: dise\u00f1o de producci\u00f3n, mezcla de sonido, edici\u00f3n de sonido, dise\u00f1o de vestuario, edici\u00f3n y maquillaje y peinado. En cuanto a gui\u00f3n adaptado la ganadora fue La gran apuesta.<\/p>\n<p class=\"x_MsoNormal\">\n<p class=\"x_MsoNormal\">Brie Larson, de 26 a\u00f1os, recibi\u00f3 el galard\u00f3n dorado por un drama sobre una joven madre encerrada en un peque\u00f1o cub\u00edculo junto a su hijo, poniendo as\u00ed el broche de oro a una temporada de premios excepcional. Larson se impuso a Cate Blanchett por Carol, Jennifer Lawrence por Joy, Charlotte Rampling por 45 a\u00f1os y Saoirse Ronan por Brooklyn.<\/p>\n<p class=\"x_MsoNormal\">\n<p class=\"x_MsoNormal\">El legendario compositor italiano Ennio Morricone conquist\u00f3 hoy su primer \u00d3scar por la banda de sonido de Los ocho m\u00e1s odiados. El m\u00fasico de 87 a\u00f1os agradeci\u00f3 el premio a Tarantino y a su esposa, Mar\u00eda, mientras los asistentes a la gala en el Dolby Theatre lo aplaud\u00edan de pie. Desde la d\u00e9cada de 1960, Morricone ha compuesto m\u00e1s de 450 bandas sonoras de pel\u00edculas. Previamente hab\u00eda sido nominado cinco veces al \u00d3scar, sin conseguirlo. Aunque, en 2007 recibi\u00f3 una estatuilla honor\u00edfica por toda su carrera, que le fue entregado por Clint Eastwood.<\/p>\n<p class=\"x_MsoNormal\">\n<p class=\"x_MsoNormal\">La mejor canci\u00f3n original fue Writing&#8217;s On The Wall, de la cinta Spectre, cuya interpretaci\u00f3n estuvo a cargo de San Smith.<\/p>\n<p class=\"x_MsoNormal\">\n<p class=\"x_MsoNormal\">El brit\u00e1nico Mark Rylance gan\u00f3 el \u00d3scar como mejor actor de reparto por su interpretaci\u00f3n de un esp\u00eda sovi\u00e9tico en Puente de esp\u00edas, de Steven Spielberg. De esta forma, Rylance logr\u00f3 arrebatarle la estatuilla a Sylvester Stallone, considerado uno de los favoritos por Creed.<\/p>\n<p class=\"x_MsoNormal\">\n<p class=\"x_MsoNormal\">La actriz sueca Alicia Vikander logr\u00f3 hoy alzarse con el \u00d3scar a la mejor actriz de reparto por La chica danesa, en la que interpreta a la esposa del artista transexual Einar Wegener, considerado el primer transexual en someterse a una operaci\u00f3n de cambio de sexo.<\/p>\n<p class=\"x_MsoNormal\">\n<p class=\"x_MsoNormal\">La h\u00fangara El hijo de Sa\u00fal logr\u00f3 el premio \u00d3scar a la mejor pel\u00edcula de habla no inglesa, imponi\u00e9ndose a la colombiana El abrazo de la serpiente, de Ciro Guerra, que aspiraba a llevarse a casa la primera estatuilla para su pa\u00eds. L\u00e1szl\u00f3 Nemes soprendi\u00f3 en el Festival de Cannes con este demoledor retrato del Holocausto, en el cual un jud\u00edo que se encarga de conducir a las c\u00e1maras de gas a sus correligionarios, intenta ofrecer un entierro digno a un ni\u00f1o y evitar que sea incinerado.<\/p>\n<p class=\"x_MsoNormal\">\n<p class=\"x_MsoNormal\">Chile recibi\u00f3 su primer premio de la academia con la victoria del cortometraje animado Historia de un oso. La obra de 10 minutos y 24 segundos de Gabriel Osorio est\u00e1 basada en la historia del abuelo paterno del director, Leopoldo Osorio, un concejal socialista que fue encarcelado por dos a\u00f1os tras el golpe militar del general Augusto Pinochet. Lo quiero dedicar a mi abuelo, que inspir\u00f3 esta historia, y a toda la gente como \u00e9l que ha sufrido en el exilio, dijo Osorio al recoger la estatuilla. Esto no tiene que volver a suceder.<\/p>\n<p class=\"x_MsoNormal\">\n<p class=\"x_MsoNormal\">El \u00d3scar para el mejor cortometraje lo gan\u00f3 Stutterer, de Benjamin Cleary. <span lang=\"EN-US\">El mejor corto documental fue A Girl in the River: The Price of Forgiveness, de Sharmeen Obaid-Chinoy.<\/span><\/p>\n<p class=\"x_MsoNormal\"><span lang=\"EN-US\">\u00a0<\/span><\/p>\n<p class=\"x_MsoNormal\">Intensa-mente, de los estudios Pixar, triunf\u00f3 en mejor pel\u00edcula de animaci\u00f3n. Dirigida por Pete Docter y Jonas Rivera, la historia gira en torno a la peque\u00f1a Riley y sus emociones.<\/p>\n<p class=\"x_MsoNormal\">\n<p class=\"x_MsoNormal\">Amy, pel\u00edcula sobre la fallecida cantautora Amy Winehouse, se alz\u00f3 con el \u00d3scar al mejor documental. <span lang=\"EN-US\">El trabajo derrot\u00f3 en esta categor\u00eda a Tierra de c\u00e1rteles, The Look of Silence, What happened, miss Simone? y Winter on Fire: Ukraine&#8217;s Fight for Freedom.<\/span><\/p>\n<p class=\"x_MsoNormal\"><span lang=\"EN-US\">\u00a0<\/span><\/p>\n<p class=\"x_MsoNormal\">En los \u00d3scares m\u00e1s disputados de los a\u00f1os recientes no falt\u00f3 la pol\u00e9mica de la falta de diversidad. Su presentador, el humorista Chris Rock, no tard\u00f3 ni un segundo en abordar la ausencia de nominados negros en las principales categor\u00edas por segundo a\u00f1o consecutivo. Estoy en los \u00d3scares de la Academia, tambi\u00e9n conocidos como los premios de los blancos. \u00bfSe dan cuenta de que si nominaran a los anfitriones, yo no habr\u00eda conseguido este trabajo?, dijo.<\/p>\n<p class=\"x_MsoNormal\">\n<p class=\"x_MsoNormal\">Nada de boicot, s\u00f3lo queremos las mismas oportunidades que los blancos&#8230;. Les dan los grandes personajes, dijo. Luego destac\u00f3 que \u00e9sta ha sido siempre la historia de Hollywood y que en los a\u00f1os 60 la gente no protestaba por ello. Sabes, cuando tu abuela colgaba de un \u00e1rbol era dif\u00edcil preocuparse si un corto documental hab\u00eda sido nominado.<\/p>\n<p class=\"x_MsoNormal\">\n","protected":false},"excerpt":{"rendered":"<p>Premios \u201cOscar\u201d 2016 Redacci\u00f3n La Jornada Los \u00c1ngeles. Los mexicanos Alejandro Gonz\u00e1lez I\u00f1\u00e1rritu y Emmanuel Lubezki marcaron nuevos registros en la historia de los premios \u00d3scar, que anoche, en su edici\u00f3n 88, se entregaron en el teatro Dolby de Los \u00c1ngeles, donde la academia estadunidense de cine premi\u00f3 como mejor pel\u00edcula a En primera plana, [&hellip;]<\/p>\n","protected":false},"author":249,"featured_media":11800,"comment_status":"open","ping_status":"closed","sticky":false,"template":"","format":"standard","meta":{"footnotes":""},"categories":[1],"tags":[],"class_list":["post-11799","post","type-post","status-publish","format-standard","has-post-thumbnail","hentry","category-sin-categoria"],"_links":{"self":[{"href":"https:\/\/eloficiodehistoriar.com.mx\/index.php?rest_route=\/wp\/v2\/posts\/11799","targetHints":{"allow":["GET"]}}],"collection":[{"href":"https:\/\/eloficiodehistoriar.com.mx\/index.php?rest_route=\/wp\/v2\/posts"}],"about":[{"href":"https:\/\/eloficiodehistoriar.com.mx\/index.php?rest_route=\/wp\/v2\/types\/post"}],"author":[{"embeddable":true,"href":"https:\/\/eloficiodehistoriar.com.mx\/index.php?rest_route=\/wp\/v2\/users\/249"}],"replies":[{"embeddable":true,"href":"https:\/\/eloficiodehistoriar.com.mx\/index.php?rest_route=%2Fwp%2Fv2%2Fcomments&post=11799"}],"version-history":[{"count":1,"href":"https:\/\/eloficiodehistoriar.com.mx\/index.php?rest_route=\/wp\/v2\/posts\/11799\/revisions"}],"predecessor-version":[{"id":11801,"href":"https:\/\/eloficiodehistoriar.com.mx\/index.php?rest_route=\/wp\/v2\/posts\/11799\/revisions\/11801"}],"wp:featuredmedia":[{"embeddable":true,"href":"https:\/\/eloficiodehistoriar.com.mx\/index.php?rest_route=\/wp\/v2\/media\/11800"}],"wp:attachment":[{"href":"https:\/\/eloficiodehistoriar.com.mx\/index.php?rest_route=%2Fwp%2Fv2%2Fmedia&parent=11799"}],"wp:term":[{"taxonomy":"category","embeddable":true,"href":"https:\/\/eloficiodehistoriar.com.mx\/index.php?rest_route=%2Fwp%2Fv2%2Fcategories&post=11799"},{"taxonomy":"post_tag","embeddable":true,"href":"https:\/\/eloficiodehistoriar.com.mx\/index.php?rest_route=%2Fwp%2Fv2%2Ftags&post=11799"}],"curies":[{"name":"wp","href":"https:\/\/api.w.org\/{rel}","templated":true}]}}