{"id":12094,"date":"2016-12-14T11:38:01","date_gmt":"2016-12-14T17:38:01","guid":{"rendered":"https:\/\/eloficiodehistoriar.com.mx\/?p=12094"},"modified":"2016-12-14T11:38:01","modified_gmt":"2016-12-14T17:38:01","slug":"murio-betsy-pecanins","status":"publish","type":"post","link":"https:\/\/eloficiodehistoriar.com.mx\/?p=12094","title":{"rendered":"Muri\u00f3 Betsy Pecanins,"},"content":{"rendered":"<p class=\"x_MsoNormal\">Muri\u00f3 Betsy Pecanins, reina del blues y militante de la felicidad<\/p>\n<p class=\"x_MsoNormal\">Hace a\u00f1os se le diagnostic\u00f3 disfon\u00eda espasm\u00f3dica, pero encontr\u00f3 nuevas formas de cantar<\/p>\n<p class=\"x_MsoNormal\">Ave f\u00e9nix, vas a renacer en nuestros corazones, indicaron Liliana Felipe y Jesusa Rodr\u00edguez<\/p>\n<p class=\"x_MsoNormal\">Que su ejemplo de valent\u00eda ante los retos de la vida nos siga inspirando: Eugenia Le\u00f3n<\/p>\n<p class=\"x_MsoNormal\">Ayer en la madrugada falleci\u00f3 Betsy Pecanins, mientras dorm\u00eda en su casa.<\/p>\n<p class=\"x_MsoNormal\">\n<p class=\"x_MsoNormal\">\u00c9ricka Monta\u00f1o Garfias<\/p>\n<p class=\"x_MsoNormal\">La Jornada<\/p>\n<p class=\"x_MsoNormal\">\n<p class=\"x_MsoNormal\">Lo que prima en m\u00ed es la vida y las ganas de hacer las cosas. Son palabras que la reina del blues, Betsy Pecanins, dijo hace unos a\u00f1os, al regresar a los escenarios con un concierto en Ruta 61, en 2013. Este martes, tres a\u00f1os despu\u00e9s, la m\u00fasica y el blues perdieron a una de sus principales representantes: Betsy falleci\u00f3 en la madrugada, en su casa, mientras dorm\u00eda, indicaron fuentes cercanas a ella. Sus restos fueron llevados a la funeraria Garc\u00eda L\u00f3pez, en la colonia Ju\u00e1rez, para su despedida f\u00edsica.<\/p>\n<p class=\"x_MsoNormal\">\n<p class=\"x_MsoNormal\">Betsy Pecanins, cuyo verdadero nombre es Elizabeth Ann Taylor Pecanins, naci\u00f3 en Yuma, Arizona, en 1953. Su padre fue un diplom\u00e1tico estadunidense y su madre fue la pintora catalana Ana Mar\u00eda Pecanins. A los 18 a\u00f1os se inici\u00f3 en los escenarios en Barcelona, y desde 1977 radic\u00f3 en M\u00e9xico, pa\u00eds en el que se naturaliz\u00f3.<\/p>\n<p class=\"x_MsoNormal\">\n<p class=\"x_MsoNormal\">La cantante y compositora cuenta con 14 discos, adem\u00e1s de numerosas participaciones al lado de otros m\u00fasicos. Desde hace algunos a\u00f1os tuvo problemas de salud, que finalmente fueron diagnosticados como disfon\u00eda espasm\u00f3dica, afecci\u00f3n neurol\u00f3gica que dificulta el habla, y para ella el canto, porque las cuerdas vocales sufren espasmos.<\/p>\n<p class=\"x_MsoNormal\">\n<p class=\"x_MsoNormal\">Eso no la detuvo; encontr\u00f3 nuevas formas de cantar, de expresarse y de conocer y reconocerse en su pasi\u00f3n: la m\u00fasica.<\/p>\n<p class=\"x_MsoNormal\">\n<p class=\"x_MsoNormal\">En julio pasado ofreci\u00f3 un concierto en el Teatro de la Ciudad Esperanza Iris, llamado Ave Phoenix. En la conferencia de prensa, Betsy expres\u00f3: Es un concierto que est\u00e1 en constante movimiento, porque he seguido componiendo. Naci\u00f3 a partir de que perd\u00ed la voz. Fue por una cat\u00e1strofe universal, pero en alg\u00fan momento tuve que decidir pararle, medio olvidarme de todo, o empezar a fijarme en las cosas que s\u00ed tengo y seguir con eso. Ya no puedo cantar como antes, pero s\u00ed he tenido que hallar otra forma de hacerlo, otra manera de decir las cosas que quiero decir.<\/p>\n<p class=\"x_MsoNormal\">\n<p class=\"x_MsoNormal\">Todo esto, a\u00f1adi\u00f3, fue parte de un proceso, de un viaje que sigue siendo muy interesante, muy intenso, porque s\u00ed estoy en una etapa muy creativa de mi vida y trabajando con otros elementos.<\/p>\n<p class=\"x_MsoNormal\">\n<p class=\"x_MsoNormal\">El pasado 3 de diciembre se present\u00f3 en el Foro El Tejedor.<\/p>\n<p class=\"x_MsoNormal\">\n<p class=\"x_MsoNormal\">Las primeras reacciones se vieron en las redes sociales, entre ellas las de la Secretar\u00eda de Cultura federal: Lamentamos profundamente el fallecimiento de Betsy Pecanins. Enviamos nuestras condolencias a su familia y amigos.<\/p>\n<p class=\"x_MsoNormal\">\n<p class=\"x_MsoNormal\">Liliana Felipe, en un mensaje firmado tambi\u00e9n por la actriz y activista Jesusa Rodr\u00edguez, escribi\u00f3: Ave f\u00e9nix, vas a renacer siempre en nuestros corazones, orgullosas de ser tus amigas, y la cantante Eugenia Le\u00f3n: Hoy la m\u00fasica est\u00e1 de luto. Se ha ido Betsy Pecanins, gran cantante y extraordinario ser humano, que su ejemplo de valent\u00eda ante los retos de la vida nos siga inspirando. Buen viaje, hermosa Betsy.<\/p>\n<p class=\"x_MsoNormal\">\n<p class=\"x_MsoNormal\">Sus seguidores compartieron algunos de los videos con las canciones que le dieron su lugar en el mundo del blues: I\u2019m a Woman, La bruja, La chancla, La tequilera, Soy la voz o Caricia Urgente, con Guillermo Brise\u00f1o, quien en la conferencia de prensa de julio defini\u00f3 a Betsy como una militante de la felicidad.<\/p>\n<p class=\"x_MsoNormal\">\n<p class=\"x_MsoNormal\">Entre sus discos se encuentran Vent amb Veus (en catal\u00e1n), Blues en el alma, Canta blues, El sabor de mis palabras, Tequila azul y batuta, A viva voz (con Cecilia Toussaint), Lara, Sones, Recuento, El efecto tequila, Nada que perder (con Guillermo Brise\u00f1o), y tuvo participaciones con orquestas como la Filarm\u00f3nica de la Ciudad de M\u00e9xico, la Orquesta de Baja California, adem\u00e1s de dar voz a Lucha Reyes para la pel\u00edcula La reina de la noche, de Arturo Ripstein.<\/p>\n<p class=\"x_MsoNormal\">\n","protected":false},"excerpt":{"rendered":"<p>Muri\u00f3 Betsy Pecanins, reina del blues y militante de la felicidad Hace a\u00f1os se le diagnostic\u00f3 disfon\u00eda espasm\u00f3dica, pero encontr\u00f3 nuevas formas de cantar Ave f\u00e9nix, vas a renacer en nuestros corazones, indicaron Liliana Felipe y Jesusa Rodr\u00edguez Que su ejemplo de valent\u00eda ante los retos de la vida nos siga inspirando: Eugenia Le\u00f3n Ayer [&hellip;]<\/p>\n","protected":false},"author":249,"featured_media":12095,"comment_status":"open","ping_status":"closed","sticky":false,"template":"","format":"standard","meta":{"footnotes":""},"categories":[1],"tags":[],"class_list":["post-12094","post","type-post","status-publish","format-standard","has-post-thumbnail","hentry","category-sin-categoria"],"_links":{"self":[{"href":"https:\/\/eloficiodehistoriar.com.mx\/index.php?rest_route=\/wp\/v2\/posts\/12094","targetHints":{"allow":["GET"]}}],"collection":[{"href":"https:\/\/eloficiodehistoriar.com.mx\/index.php?rest_route=\/wp\/v2\/posts"}],"about":[{"href":"https:\/\/eloficiodehistoriar.com.mx\/index.php?rest_route=\/wp\/v2\/types\/post"}],"author":[{"embeddable":true,"href":"https:\/\/eloficiodehistoriar.com.mx\/index.php?rest_route=\/wp\/v2\/users\/249"}],"replies":[{"embeddable":true,"href":"https:\/\/eloficiodehistoriar.com.mx\/index.php?rest_route=%2Fwp%2Fv2%2Fcomments&post=12094"}],"version-history":[{"count":1,"href":"https:\/\/eloficiodehistoriar.com.mx\/index.php?rest_route=\/wp\/v2\/posts\/12094\/revisions"}],"predecessor-version":[{"id":12117,"href":"https:\/\/eloficiodehistoriar.com.mx\/index.php?rest_route=\/wp\/v2\/posts\/12094\/revisions\/12117"}],"wp:featuredmedia":[{"embeddable":true,"href":"https:\/\/eloficiodehistoriar.com.mx\/index.php?rest_route=\/wp\/v2\/media\/12095"}],"wp:attachment":[{"href":"https:\/\/eloficiodehistoriar.com.mx\/index.php?rest_route=%2Fwp%2Fv2%2Fmedia&parent=12094"}],"wp:term":[{"taxonomy":"category","embeddable":true,"href":"https:\/\/eloficiodehistoriar.com.mx\/index.php?rest_route=%2Fwp%2Fv2%2Fcategories&post=12094"},{"taxonomy":"post_tag","embeddable":true,"href":"https:\/\/eloficiodehistoriar.com.mx\/index.php?rest_route=%2Fwp%2Fv2%2Ftags&post=12094"}],"curies":[{"name":"wp","href":"https:\/\/api.w.org\/{rel}","templated":true}]}}