{"id":12120,"date":"2017-01-01T13:07:04","date_gmt":"2017-01-01T19:07:04","guid":{"rendered":"https:\/\/eloficiodehistoriar.com.mx\/?p=12120"},"modified":"2017-01-01T13:07:04","modified_gmt":"2017-01-01T19:07:04","slug":"gustavo-dudamel-el-rockstar-de-la-musica-clasica","status":"publish","type":"post","link":"https:\/\/eloficiodehistoriar.com.mx\/?p=12120","title":{"rendered":"Gustavo Dudamel: El Rockstar de la M\u00fasica Cl\u00e1sica"},"content":{"rendered":"<p><strong>Gustavo Dudamel: El Rockstar de la M\u00fasica Cl\u00e1sica<\/strong><\/p>\n<p><strong>Por Natt F\u00e9lix<\/strong><\/p>\n<p>Gustavo Dudamel es el joven venezolano que con solamente 35 a\u00f1os de edad ha logrado ser reconocido alrededor del mundo y es considerado hoy en d\u00eda uno de los directores de orquesta m\u00e1s importantes a nivel internacional. Actualmente dirige la Orquesta Sinf\u00f3nica Sim\u00f3n Bol\u00edvar y la Orquesta Filarm\u00f3nica de Los \u00c1ngeles, adem\u00e1s de haber sido nombrado como una de las 100 personas m\u00e1s influyentes en el mundo por la revista TIME, se dice incluso que \u201c<em>Rodrigo<\/em>\u201d, el protagonista de la serie \u201cMozart In The Jungle\u201d es inspirado en \u00e9l. Sus conciertos, sin importar si se encuentra en Am\u00e9rica, Europa o Asia, representan siempre llenos totales que hacen que hoy en d\u00eda sea el venezolano m\u00e1s nombrado en los peri\u00f3dicos del mundo despu\u00e9s del fallecido presidente Hugo Ch\u00e1vez.<\/p>\n<p>Adem\u00e1s de todo, la vida de Dudamel no puede considerarse aburrida en lo absoluto, se puede igualar con la de cualquier <em>rockstar<\/em>, tiene giras alrededor del mundo, es asediado por fans y medios de comunicaci\u00f3n, tiene llenos totales en sus conciertos, aparece en portadas de revistas y programas de televisi\u00f3n, es ganador de un Grammy, estuvo a cargo de dirigir la m\u00fasica de apertura y cr\u00e9ditos de la s\u00e9ptima entrega de\u00a0Star Wars, y \u00a0por si fuera poco este a\u00f1o se present\u00f3 en el medio tiempo del Super Bowl junto a su amigo Chris Martin de Coldplay.<\/p>\n<p>Pero a pesar de todo el glamour que podr\u00eda representar la carrera y vida de Gustavo Dudamel, su principal \u00e9xito no reside solamente en su popularidad y fama sino en el compromiso que ha mostrado siempre con la educaci\u00f3n musical, especialmente con ni\u00f1os y j\u00f3venes, ya que es uno de los principales impulsores del famoso programa educativo musical venezolano llamado \u201cEl Sistema\u201d iniciado por el Profesor Jos\u00e9 Antonio Abreu y que ha dado formaci\u00f3n musical a m\u00e1s de 700 000 ni\u00f1os de escasos recursos a lo largo de poco m\u00e1s de 40 a\u00f1os.<\/p>\n<p>\u201cEl Sistema\u201d ha sido imitado por m\u00e1s de 80 instituciones de 20 pa\u00edses alrededor del mundo y ha transformado la educaci\u00f3n musical en la soluci\u00f3n para lograr que la difusi\u00f3n y aprendizaje de la m\u00fasica cl\u00e1sica no s\u00f3lo est\u00e9 enfocada en sectores de clase alta como siempre se ha acostumbrado sino en comunidades en situaciones sociales adversas, permitiendo a la par un futuro altamente prometedor adem\u00e1s de representar una respuesta a la exclusi\u00f3n y marginaci\u00f3n social de muchos ni\u00f1os y j\u00f3venes.<\/p>\n<p>En palabras del m\u00fasico: <em>\u201cHay ni\u00f1os que viven en una permanente violencia en casa\u2026Para romper esa espiral, les ponemos un viol\u00edn en las manos. As\u00ed forman parte de algo m\u00e1s grande: una orquesta y sanan las heridas con m\u00fasica\u201d.<\/em><\/p>\n<p>Con todo este movimiento se ha causado una revoluci\u00f3n cultural en Latinoam\u00e9rica donde el p\u00fablico es capaz de reconocer la calidad art\u00edstica cuando la escucha sin necesidad de pertenecer a ning\u00fan tipo de elite social ni intelectual, logrando as\u00ed adem\u00e1s un rejuvenecimiento de la m\u00fasica cl\u00e1sica, adem\u00e1s de convertirla poco a poco en una industria redituable, donde los boletos de las salas de conciertos empiezan a agotarse con meses de anticipaci\u00f3n.<\/p>\n<p>Mediante este medio se crea un recurso totalmente nuevo en la industria musical, donde el compromiso y energ\u00eda de los j\u00f3venes que conforman estas orquestas sirve de ejemplo para que otros j\u00f3venes y ni\u00f1os se contagien del esp\u00edritu creativo demostrando que el trabajo duro y la disciplina siempre resultar\u00e1n en algo positivo que puede romper el c\u00edrculo vicioso de la violencia y la pobreza.<\/p>\n<p>La m\u00fasica como cualquier otra disciplina art\u00edstica debe de verse como una profesi\u00f3n capaz de generar los recursos necesarios para que cualquier profesional tenga la capacidad y oportunidad de vivir con dignidad adem\u00e1s de brindar una opci\u00f3n de crecimiento y un medio para el fomento de proyectos culturales de gran calidad que a la vez puedan ser comerciales como en el caso de Gustavo Dudamel, quien nos demuestra que no es necesario esperar a que las circunstancias sean las ideales, sino que es necesario tomar las circunstancias y convertirla en ideales, sumando esfuerzos y haciendo trabajo en equipo para finalmente lograr que la m\u00fasica se convierta en un medio de vida digno.<\/p>\n<p>Con su trabajo Dudamel ha logrado mostrar con audacia, pasi\u00f3n y compromiso que el negocio de la m\u00fasica no tiene que verse como algo pl\u00e1stico y ef\u00edmero, sino como una verdadera expansi\u00f3n masiva del arte que forme un sistema econ\u00f3mico redituable en la industria y que adem\u00e1s posea un efecto positivo en la sociedad, demostrando que la educaci\u00f3n y la ense\u00f1anza art\u00edstica logra transformar al mundo.<\/p>\n<p>\u00abMi m\u00fasica es mi voz y mis orquestas tocan para toda la gente en el mundo que persigue un futuro mejor. Alzo mi batuta en pos de la oportunidad, la unidad y la esperanza. Escuchen atentamente y quiz\u00e1s puedan o\u00edr esta llamada tambi\u00e9n\u00bb. \u00a0Gustavo Dudamel.<\/p>\n<p>&nbsp;<\/p>\n","protected":false},"excerpt":{"rendered":"<p>Gustavo Dudamel: El Rockstar de la M\u00fasica Cl\u00e1sica Por Natt F\u00e9lix Gustavo Dudamel es el joven venezolano que con solamente 35 a\u00f1os de edad ha logrado ser reconocido alrededor del mundo y es considerado hoy en d\u00eda uno de los directores de orquesta m\u00e1s importantes a nivel internacional. Actualmente dirige la Orquesta Sinf\u00f3nica Sim\u00f3n Bol\u00edvar [&hellip;]<\/p>\n","protected":false},"author":249,"featured_media":12121,"comment_status":"open","ping_status":"closed","sticky":false,"template":"","format":"standard","meta":{"footnotes":""},"categories":[30,21,10,27,26,22,9],"tags":[],"class_list":["post-12120","post","type-post","status-publish","format-standard","has-post-thumbnail","hentry","category-arte","category-espectaculos","category-historia","category-latinoamerica","category-mundo","category-musica","category-otros-lugares"],"_links":{"self":[{"href":"https:\/\/eloficiodehistoriar.com.mx\/index.php?rest_route=\/wp\/v2\/posts\/12120","targetHints":{"allow":["GET"]}}],"collection":[{"href":"https:\/\/eloficiodehistoriar.com.mx\/index.php?rest_route=\/wp\/v2\/posts"}],"about":[{"href":"https:\/\/eloficiodehistoriar.com.mx\/index.php?rest_route=\/wp\/v2\/types\/post"}],"author":[{"embeddable":true,"href":"https:\/\/eloficiodehistoriar.com.mx\/index.php?rest_route=\/wp\/v2\/users\/249"}],"replies":[{"embeddable":true,"href":"https:\/\/eloficiodehistoriar.com.mx\/index.php?rest_route=%2Fwp%2Fv2%2Fcomments&post=12120"}],"version-history":[{"count":1,"href":"https:\/\/eloficiodehistoriar.com.mx\/index.php?rest_route=\/wp\/v2\/posts\/12120\/revisions"}],"predecessor-version":[{"id":12122,"href":"https:\/\/eloficiodehistoriar.com.mx\/index.php?rest_route=\/wp\/v2\/posts\/12120\/revisions\/12122"}],"wp:featuredmedia":[{"embeddable":true,"href":"https:\/\/eloficiodehistoriar.com.mx\/index.php?rest_route=\/wp\/v2\/media\/12121"}],"wp:attachment":[{"href":"https:\/\/eloficiodehistoriar.com.mx\/index.php?rest_route=%2Fwp%2Fv2%2Fmedia&parent=12120"}],"wp:term":[{"taxonomy":"category","embeddable":true,"href":"https:\/\/eloficiodehistoriar.com.mx\/index.php?rest_route=%2Fwp%2Fv2%2Fcategories&post=12120"},{"taxonomy":"post_tag","embeddable":true,"href":"https:\/\/eloficiodehistoriar.com.mx\/index.php?rest_route=%2Fwp%2Fv2%2Ftags&post=12120"}],"curies":[{"name":"wp","href":"https:\/\/api.w.org\/{rel}","templated":true}]}}