{"id":12125,"date":"2017-01-26T20:39:29","date_gmt":"2017-01-27T02:39:29","guid":{"rendered":"https:\/\/eloficiodehistoriar.com.mx\/?p=12125"},"modified":"2017-01-26T20:39:29","modified_gmt":"2017-01-27T02:39:29","slug":"el-legado-de-jose-emilio-pacheco-a-tres-anos-de-su-partida","status":"publish","type":"post","link":"https:\/\/eloficiodehistoriar.com.mx\/?p=12125","title":{"rendered":"El legado de Jos\u00e9 Emilio Pacheco, a tres a\u00f1os de su partida"},"content":{"rendered":"<p class=\"x_MsoNormal\"><b>El legado de Jos\u00e9 Emilio Pacheco, a tres a\u00f1os de su partida<\/b><\/p>\n<p class=\"x_MsoNormal\"><b>LA REDACCI\u00d3N<\/b><\/p>\n<p class=\"x_MsoNormal\"><b>CIUDAD DE M\u00c9XICO<\/b><\/p>\n<p class=\"x_MsoNormal\"><b>apro.-<\/b><\/p>\n<p class=\"x_MsoNormal\"><b>A tres a\u00f1os de su muerte y siendo tendencia en redes sociales, especialmente en Twitter, este jueves 26 Jos\u00e9 Emilio Pacheco es recordado como uno de los autores m\u00e1s importantes de la literatura mexicana del siglo XX.<\/b><\/p>\n<p class=\"x_MsoNormal\"><b>El legado del escritor no solamente es por su prosa, sino por su amplia colecci\u00f3n de poemas que pueden apreciarse en t\u00edtulos como Memoria, Presencia, Mar eterno o Lluvia de sol.<\/b><\/p>\n<p class=\"x_MsoNormal\"><b>La grandeza po\u00e9tica de Pacheco es retomada por portales especializados, como amediavoz.com, y que recupera t\u00edtulos como Las flores del mar, que escribiera a la memoria de Jaime Garc\u00eda Terr\u00e9s.<\/b><\/p>\n<p class=\"x_MsoNormal\"><b>Idilio, Fin de siglo y Los elementos de la noche son otros de los poemas que, abordando temas como el paso del tiempo, la vida o la muerte, se pueden leer en este sitio, donde se revalora el legado de Pacheco como poeta, muchas veces opacado por el \u00e9xito de sus t\u00edtulos como narrador, como Las batallas en el desierto.<\/b><\/p>\n<p class=\"x_MsoNormal\"><b>Otro de los sitios que destaca su obra po\u00e9tica es Cervantes, que destaca a Pacheco por su compromiso social con el pa\u00eds.<\/b><\/p>\n<p class=\"x_MsoNormal\"><b>Como narrador, tiene relatos como El viento distante (1963), El principio del placer (1972), La sombra de la Medusa y otros cuentos marginales (1990) y las novelas Morir\u00e1s lejos (1967) y Las batallas del desierto (1981).<\/b><\/p>\n<p class=\"x_MsoNormal\"><b>Durante su carrera, Pacheco tambi\u00e9n particip\u00f3 como colaborador en peri\u00f3dicos y revistas, haciendo art\u00edculos y ensayos de literatura, pol\u00edtica y problem\u00e1ticas sociales.<\/b><\/p>\n<p class=\"x_MsoNormal\"><b>Otras de sus facetas fue la edici\u00f3n y traducci\u00f3n de textos que, desde sus 23 a\u00f1os, elabor\u00f3 en obras de Mallarm\u00e9, Rimbaud, Beckett, Malcolm Lowry y T.S. Eliot, entre muchos otros poetas.<\/b><\/p>\n<p class=\"x_MsoNormal\"><b>De acuerdo con sus bi\u00f3grafos, Pacheco, quien naci\u00f3 el 30 de junio de 1939, inici\u00f3 de manera temprana en las letras. Curs\u00f3 sus estudios de preparatoria en el Centro Universitario M\u00e9xico donde empez\u00f3 a escribir sus primeros poemas. M\u00e1s adelante dejar\u00eda la carrera de Derecho para dedicarse de lleno a las letras.<\/b><\/p>\n<p class=\"x_MsoNormal\"><b>Public\u00f3 las antolog\u00edas: La poes\u00eda mexicana del siglo XIX (1965); Poes\u00eda modernista hispanoamericana (1984), y Aproximaciones (1984).<\/b><\/p>\n<p class=\"x_MsoNormal\"><b>Difusi\u00f3n Cultural de la Universidad Nacional Aut\u00f3noma de M\u00e9xico recuerda la actividad que tuvo como miembro del cuerpo de redacci\u00f3n de la Revista de la Universidad e impartiendo talleres de literatura en la Casa del Lago, donde form\u00f3 parte del grupo Poes\u00eda en Voz Alta hacia 1957, junto con Alfonso Reyes, Jos\u00e9 de la Colina, Elena Garro, etc\u00e9tera.<\/b><\/p>\n<p class=\"x_MsoNormal\"><b>Asimismo, como miembro del consejo de redacci\u00f3n de la Revista Mexicana de Literatura, publicada por el Instituto de Investigaciones Filol\u00f3gicas y del consejo editorial del Peri\u00f3dico de Poes\u00eda, cuando Vicente Quirarte era su director (1997).<\/b><\/p>\n<p class=\"x_MsoNormal\"><b>Pacheco fue coeditor de Fernando Ben\u00edtez en distintos proyectos culturales: secretario de redacci\u00f3n de M\u00e9xico en la cultura en su \u00faltimo a\u00f1o (1961) del peri\u00f3dico Novedades, y durante 10 a\u00f1os (1962-1971) jefe de redacci\u00f3n de La Cultura en M\u00e9xico de la revista \u201cSiempre!\u201d.<\/b><\/p>\n<p class=\"x_MsoNormal\"><b>Galardones<\/b><\/p>\n<p class=\"x_MsoNormal\"><b>Pacheco se hizo merecedor a varios premios: El Magda Donato (1967); el Xavier Villaurrutia (1973); el Nacional de Periodismo (1990); Nacional de Ciencias y Artes en el campo de la ling\u00fc\u00edstica y literatura (1992); el Reina Sof\u00eda de Poes\u00eda Iberoamericana (2009), y el Miguel de Cervantes (2009).<\/b><\/p>\n<p class=\"x_MsoNormal\"><b>Adem\u00e1s, fue miembro de la Academia Mexicana de la Lengua, electo en mayo de 2006. El Colegio Nacional (M\u00e9xico) desde 1986 y profesor distinguido en el Departamento de Espa\u00f1ol de la Universidad de Maryland. Muri\u00f3 el 26 de enero de 2014.<\/b><\/p>\n","protected":false},"excerpt":{"rendered":"<p>El legado de Jos\u00e9 Emilio Pacheco, a tres a\u00f1os de su partida LA REDACCI\u00d3N CIUDAD DE M\u00c9XICO apro.- A tres a\u00f1os de su muerte y siendo tendencia en redes sociales, especialmente en Twitter, este jueves 26 Jos\u00e9 Emilio Pacheco es recordado como uno de los autores m\u00e1s importantes de la literatura mexicana del siglo XX. [&hellip;]<\/p>\n","protected":false},"author":249,"featured_media":12126,"comment_status":"open","ping_status":"closed","sticky":false,"template":"","format":"standard","meta":{"footnotes":""},"categories":[1],"tags":[],"class_list":["post-12125","post","type-post","status-publish","format-standard","has-post-thumbnail","hentry","category-sin-categoria"],"_links":{"self":[{"href":"https:\/\/eloficiodehistoriar.com.mx\/index.php?rest_route=\/wp\/v2\/posts\/12125","targetHints":{"allow":["GET"]}}],"collection":[{"href":"https:\/\/eloficiodehistoriar.com.mx\/index.php?rest_route=\/wp\/v2\/posts"}],"about":[{"href":"https:\/\/eloficiodehistoriar.com.mx\/index.php?rest_route=\/wp\/v2\/types\/post"}],"author":[{"embeddable":true,"href":"https:\/\/eloficiodehistoriar.com.mx\/index.php?rest_route=\/wp\/v2\/users\/249"}],"replies":[{"embeddable":true,"href":"https:\/\/eloficiodehistoriar.com.mx\/index.php?rest_route=%2Fwp%2Fv2%2Fcomments&post=12125"}],"version-history":[{"count":1,"href":"https:\/\/eloficiodehistoriar.com.mx\/index.php?rest_route=\/wp\/v2\/posts\/12125\/revisions"}],"predecessor-version":[{"id":12127,"href":"https:\/\/eloficiodehistoriar.com.mx\/index.php?rest_route=\/wp\/v2\/posts\/12125\/revisions\/12127"}],"wp:featuredmedia":[{"embeddable":true,"href":"https:\/\/eloficiodehistoriar.com.mx\/index.php?rest_route=\/wp\/v2\/media\/12126"}],"wp:attachment":[{"href":"https:\/\/eloficiodehistoriar.com.mx\/index.php?rest_route=%2Fwp%2Fv2%2Fmedia&parent=12125"}],"wp:term":[{"taxonomy":"category","embeddable":true,"href":"https:\/\/eloficiodehistoriar.com.mx\/index.php?rest_route=%2Fwp%2Fv2%2Fcategories&post=12125"},{"taxonomy":"post_tag","embeddable":true,"href":"https:\/\/eloficiodehistoriar.com.mx\/index.php?rest_route=%2Fwp%2Fv2%2Ftags&post=12125"}],"curies":[{"name":"wp","href":"https:\/\/api.w.org\/{rel}","templated":true}]}}