{"id":12214,"date":"2017-03-16T10:47:16","date_gmt":"2017-03-16T16:47:16","guid":{"rendered":"https:\/\/eloficiodehistoriar.com.mx\/?p=12214"},"modified":"2017-03-16T10:47:16","modified_gmt":"2017-03-16T16:47:16","slug":"hago-cine-digital-porque-me-da-la-mayor-de-las-libertades","status":"publish","type":"post","link":"https:\/\/eloficiodehistoriar.com.mx\/?p=12214","title":{"rendered":"Hago cine digital porque me da la mayor de las libertades"},"content":{"rendered":"<p class=\"x_MsoNormal\">Jaime Humberto Hermosillo present\u00f3 <i>Un buen sabor de boca<\/i>, que distribuye en l\u00ednea<\/p>\n<p class=\"x_MsoNormal\">Abr\u00ed todas las redes sociales; ya no tengo que pedir permiso al productor para difundir mis trabajos, afirma en el FICG<\/p>\n<p class=\"x_MsoNormal\">Nunca podremos prescindir de ver las pel\u00edculas en una sala, aclara<\/p>\n<p class=\"x_MsoNormal\">A Jaime Humberto Hermosillo no le interesa hacer cine de enorme presupuesto<\/p>\n<p class=\"x_MsoNormal\">Jorge Caballero<\/p>\n<p class=\"x_MsoNormal\">La Jornada<\/p>\n<p class=\"x_MsoNormal\">Guadalajara, Jal.<\/p>\n<p class=\"x_MsoNormal\">\n<p class=\"x_MsoNormal\">El cineasta Jaime Humberto Hermosillo est\u00e1 en su h\u00e1bitat natural: el Festival Internacional de Cine en Guadalajara (FICG), y celebra su cumplea\u00f1os cinematogr\u00e1fico. \u201cMe gusta festejarlo al estilo Alicia en el pa\u00eds de las maravillas. Decid\u00ed que no fuera en la fecha en que nac\u00ed, el 22 de enero, sino en marzo, durante la realizaci\u00f3n de este encuentro\u201d.<\/p>\n<p class=\"x_MsoNormal\">\n<p class=\"x_MsoNormal\">En la d\u00e9cada de 1980, cuando el panorama de los festivales cinematogr\u00e1ficos en M\u00e9xico era un p\u00e1ramo, Jaime Humberto Hermosillo junto con otros so\u00f1adores, como Guillermo del Toro y Emilio Garc\u00eda Riera, fund\u00f3 la Muestra de Cine Mexicano, que fue la semilla del FICG.<\/p>\n<p class=\"x_MsoNormal\">\n<p class=\"x_MsoNormal\">El realizador agreg\u00f3: \u201cTengo 52 a\u00f1os de hacer pel\u00edculas y 32 de presentarlas en este encuentro. En el primer a\u00f1o fue la versi\u00f3n en 16 mm de Do\u00f1a Herlinda y su hijo (1986), que en su segunda edici\u00f3n se pudo exhibir en 32 mm. Siguieron Clandestino destino (1988), El verano de la se\u00f1ora Forbes (1989), La tarea (1991) y ahora la versi\u00f3n gratuita en l\u00ednea y digital de Un buen sabor de boca, que se podr\u00e1 descargar\u201d del 20 al 31 de marzo, a trav\u00e9s de un correo que cre\u00f3 exclusivamente para su distribuci\u00f3n: laideal2016@gmail.com<\/p>\n<p class=\"x_MsoNormal\">\n<p class=\"x_MsoNormal\">Aclar\u00f3, sin embargo, que nunca podremos prescindir de ver las pel\u00edculas en pantalla grande con p\u00fablico.<\/p>\n<p class=\"x_MsoNormal\">\n<p class=\"x_MsoNormal\">Hermosillo se\u00f1al\u00f3: Me doy cuenta de que, como nieto de Roberto Rosellini e hijo de la nueva ola francesa, aprend\u00ed a hacer cine con pocos recursos, no necesariamente la perfecci\u00f3n t\u00e9cnica; bienvenida cuando hay abundancia.<\/p>\n<p class=\"x_MsoNormal\">\n<p class=\"x_MsoNormal\">Cont\u00f3: \u201cRecuerdo que en 1963 en un pedazo de papel escrib\u00ed una declaraci\u00f3n. Manifest\u00e9 que quer\u00eda hacer un cine intimista y que desear\u00eda que al terminar ese trabajo existiera la posibilidad de proyectarlo, que no se encendieran las luces en la sala y que nuestro acompa\u00f1ante o alguna otra no preguntara qu\u00e9 le hab\u00eda parecido la pel\u00edcula. En ese entonces empezaba a verse cine en televisi\u00f3n y recuerdo que les dije a mis amigos que yo no ver\u00eda ninguna cinta por ese medio hasta que Cantando bajo la lluvia estuviera en color; en ese entonces no hab\u00eda televisores a color.<\/p>\n<p class=\"x_MsoNormal\">\n<p class=\"x_MsoNormal\">\u201cPero el destino nos alcanz\u00f3 y ahora podemos ver en nuestra casa lo que queramos. Lo m\u00e1s interesante es que ahora ha llegado una forma de ver cine que, lejos de lo maravilloso que es disfrutarlo en la pantalla grande, de compartir esa sensaci\u00f3n de olvidarnos de quien est\u00e1 al lado, ser parte de lo narrado, no se compara. Sin embargo, ahora hay la posibilidad de verlo en casa, es m\u00e1s, en tablets y computadoras, incluso en tel\u00e9fonos celulares\u201d.<\/p>\n<p class=\"x_MsoNormal\">\n<p class=\"x_MsoNormal\">Difusi\u00f3n de manera sencilla<\/p>\n<p class=\"x_MsoNormal\">\n<p class=\"x_MsoNormal\">Prosigui\u00f3: Hace dos a\u00f1os me lo propuse y ya estoy haciendo cine independiente, con nuevos recursos t\u00e9cnicos, los digitales. No quiero hacer pel\u00edculas con enormes presupuestos, sino con gran libertad. No hay que presentar a una productora un gui\u00f3n con el que se asuste. Ahora se puede hacer cine con la mayor de las libertades. Tambi\u00e9n soy mi distribuidor. Abr\u00ed todas las redes sociales y he entablado relaciones con gente dentro y fuera del pa\u00eds para enviar mis cintas. Ya no tengo que pedir permiso al productor, lo que garantiza mayor difusi\u00f3n de manera sencilla.<\/p>\n<p class=\"x_MsoNormal\">\n<p class=\"x_MsoNormal\">La distribuidora se llama La Ideal. Es el nombre de la panader\u00eda que los Hermosillo manejaban en Aguascalientes, primero mi padre y luego mi madre. Yo la atend\u00eda en horas precisas. Esta pel\u00edcula que distribuir\u00e9 gratis y a este tiempo que est\u00e1 regresando la identidad nacional, creo que debemos hacer un esfuerzo porque los t\u00e9rminos utilizados en cine sean en espa\u00f1ol.<\/p>\n<p class=\"x_MsoNormal\">\n<p class=\"x_MsoNormal\">El cineasta adelant\u00f3 que dentro de poco tiempo tambi\u00e9n regalar\u00e1 el libro digital Cosas por filmar. \u201cAs\u00ed se podr\u00e1n ver los guiones que est\u00e1n metidos en mi caj\u00f3n de proyectos, como el de Un buen sabor d boca\u201d.<\/p>\n","protected":false},"excerpt":{"rendered":"<p>Jaime Humberto Hermosillo present\u00f3 Un buen sabor de boca, que distribuye en l\u00ednea Abr\u00ed todas las redes sociales; ya no tengo que pedir permiso al productor para difundir mis trabajos, afirma en el FICG Nunca podremos prescindir de ver las pel\u00edculas en una sala, aclara A Jaime Humberto Hermosillo no le interesa hacer cine de [&hellip;]<\/p>\n","protected":false},"author":249,"featured_media":12215,"comment_status":"open","ping_status":"closed","sticky":false,"template":"","format":"standard","meta":{"footnotes":""},"categories":[1],"tags":[],"class_list":["post-12214","post","type-post","status-publish","format-standard","has-post-thumbnail","hentry","category-sin-categoria"],"_links":{"self":[{"href":"https:\/\/eloficiodehistoriar.com.mx\/index.php?rest_route=\/wp\/v2\/posts\/12214","targetHints":{"allow":["GET"]}}],"collection":[{"href":"https:\/\/eloficiodehistoriar.com.mx\/index.php?rest_route=\/wp\/v2\/posts"}],"about":[{"href":"https:\/\/eloficiodehistoriar.com.mx\/index.php?rest_route=\/wp\/v2\/types\/post"}],"author":[{"embeddable":true,"href":"https:\/\/eloficiodehistoriar.com.mx\/index.php?rest_route=\/wp\/v2\/users\/249"}],"replies":[{"embeddable":true,"href":"https:\/\/eloficiodehistoriar.com.mx\/index.php?rest_route=%2Fwp%2Fv2%2Fcomments&post=12214"}],"version-history":[{"count":1,"href":"https:\/\/eloficiodehistoriar.com.mx\/index.php?rest_route=\/wp\/v2\/posts\/12214\/revisions"}],"predecessor-version":[{"id":12216,"href":"https:\/\/eloficiodehistoriar.com.mx\/index.php?rest_route=\/wp\/v2\/posts\/12214\/revisions\/12216"}],"wp:featuredmedia":[{"embeddable":true,"href":"https:\/\/eloficiodehistoriar.com.mx\/index.php?rest_route=\/wp\/v2\/media\/12215"}],"wp:attachment":[{"href":"https:\/\/eloficiodehistoriar.com.mx\/index.php?rest_route=%2Fwp%2Fv2%2Fmedia&parent=12214"}],"wp:term":[{"taxonomy":"category","embeddable":true,"href":"https:\/\/eloficiodehistoriar.com.mx\/index.php?rest_route=%2Fwp%2Fv2%2Fcategories&post=12214"},{"taxonomy":"post_tag","embeddable":true,"href":"https:\/\/eloficiodehistoriar.com.mx\/index.php?rest_route=%2Fwp%2Fv2%2Ftags&post=12214"}],"curies":[{"name":"wp","href":"https:\/\/api.w.org\/{rel}","templated":true}]}}