{"id":12221,"date":"2017-03-17T13:16:30","date_gmt":"2017-03-17T19:16:30","guid":{"rendered":"https:\/\/eloficiodehistoriar.com.mx\/?p=12221"},"modified":"2017-03-17T13:16:30","modified_gmt":"2017-03-17T19:16:30","slug":"muere-el-nobel-derek-walcott-destacado-poeta-caribeno","status":"publish","type":"post","link":"https:\/\/eloficiodehistoriar.com.mx\/?p=12221","title":{"rendered":"Muere el Nobel Derek Walcott, destacado poeta caribe\u00f1o"},"content":{"rendered":"<p class=\"x_MsoNormal\">Muere el Nobel Derek Walcott, destacado poeta caribe\u00f1o<\/p>\n<p class=\"x_MsoNormal\">Ap<\/p>\n<p class=\"x_MsoNormal\">EFE<\/p>\n<p class=\"x_MsoNormal\">San Juan<\/p>\n<p class=\"x_MsoNormal\">Muere el poeta Derek Walcott, premio Nobel de Literatura<\/p>\n<p class=\"x_MsoNormal\">El escritor ha fallecido a los 87 a\u00f1os en su casa de la isla de Santa Luc\u00eda tras una larga enfermedad<\/p>\n<p class=\"x_MsoNormal\">El poeta Derek Walcott, premio Nobel de Literatura, ha muerto a los 87 a\u00f1os, han informado fuentes familiares. El escritor, el gran poeta del Caribe y del mestizaje, ha fallecido en su casa de la isla de Santa Luc\u00eda despu\u00e9s de una larga enfermedad. Walcott gan\u00f3 el premio Nobel de Literatura en 1992 y el TS Eliot de Poes\u00eda en 2011. Est\u00e1 considerado por la cr\u00edtica como una de los principales poetas de lengua inglesa.<\/p>\n<p class=\"x_MsoNormal\">Muere el poeta Derek Walcott, premio Nobel de Literatura Derek Walcott prepara en el teatro romano de M\u00e9rida una &#8216;Odisea&#8217; antillana<\/p>\n<p class=\"x_MsoNormal\">Walcott naci\u00f3 en 1930 en la ciudad de Castries en Santa Luc\u00eda, una de las Islas de Barlovento en las Antillas Menores. La experiencia de crecer en una isla volc\u00e1nica aislada, una excolonia brit\u00e1nica, tuvo una fuerte influencia en la vida y el trabajo de Walcott, seg\u00fan recuerda la p\u00e1gina web de los Premios Nobel. Su padre, un acuarelista bohemio, muri\u00f3 cuando Walcott y su hermano gemelo ten\u00edan pocos a\u00f1os y su madre dirig\u00eda la escuela metodista de la ciudad.<\/p>\n<p class=\"x_MsoNormal\">\n<p class=\"x_MsoNormal\">Tras estudiar en el St. Mary&#8217;s College en su isla natal y en la Universidad de West Indies en Jamaica, Walcott se traslad\u00f3 en 1953 a Trinidad, donde trabaj\u00f3 como cr\u00edtico de teatro y arte. A los 18 a\u00f1os, hizo su debut con 25 poemas, pero su descubrimiento vino con el poemario En una noche verde (1962).<\/p>\n<p class=\"x_MsoNormal\">\n<p class=\"x_MsoNormal\">En 1953 se traslad\u00f3 a Trinidad, donde trabaj\u00f3 en el teatro, imparti\u00f3 clases y ejerci\u00f3 la cr\u00edtica de arte hasta que obtuvo una beca de la Fundaci\u00f3n Rockefeller para estudiar en Nueva York. Seis a\u00f1os despu\u00e9s, a su regreso a Trinidad, fund\u00f3 su propio grupo de teatro, el Trinidad Theatre Workship, en el que tuvo la oportunidad de representar sus primeras obras teatrales. En 1962, cosech\u00f3 su primer \u00e9xito literario con la antolog\u00eda In a Green Night, publicada en Londres y en la que se recog\u00edan poemas escritos por Walcott entre 1948 y 1960.<\/p>\n<p class=\"x_MsoNormal\">\n<p class=\"x_MsoNormal\">Tras ejercer como profesor en distintas universidades del Caribe, a principios de la d\u00e9cada de los ochenta fij\u00f3 su residencia en Estados Unidos y en 1984 comenz\u00f3 a ense\u00f1ar Arte Dram\u00e1tico y Literatura en la Universidad de Boston.<\/p>\n<p class=\"x_MsoNormal\">\n<p class=\"x_MsoNormal\">El 8 de octubre de 1992, la Academia sueca de las Letras acord\u00f3 concederle el Premio Nobel de Literatura y poco despu\u00e9s la Unesco anunci\u00f3 su nombramiento como miembro de la Comisi\u00f3n Mundial de la Cultura y el Desarrollo. Su obra, integrada por poes\u00eda y piezas teatrales, est\u00e1 muy marcada por su procedencia caribe\u00f1a y por el mestizaje de culturas y razas que se da en su familia.<\/p>\n<p class=\"x_MsoNormal\">\n<p class=\"x_MsoNormal\"><span lang=\"EN-US\">Entre sus libros de poes\u00eda figuran: 25 poems (1948); Epitaph for the young (1949); Poems (Poemas) (1951); In a green night (1962); Selected poems (Poemas escogidos) (1964); The castaway and other poems (1965); The Gulf and other poems (1969) y Another life (1973).<\/span><\/p>\n<p class=\"x_MsoNormal\"><span lang=\"EN-US\">\u00a0<\/span><\/p>\n<p class=\"x_MsoNormal\">Adem\u00e1s destacan Sea grapes (1976); The star-apple kingdom (1979); Selected poetry (1981); The fortunate traveller (1981); The caribbean poetry of Derek Walcott (1983); Midsummer (Verano: midsummer) (1984); Collected poems (1986); The Arkansas testament (El testamento de Arkansas) (1987); y Omeros, publicada en 1990, en Nueva York y que ha sido definida por la Academia Nobel como una \u00abmajestuosa epopeya caribe\u00f1a\u00bb.<\/p>\n<p class=\"x_MsoNormal\">\n<p class=\"x_MsoNormal\"><span lang=\"EN-US\">Entre sus obras dram\u00e1ticas constan: Harry Dernier (1952); Dream on Monkey Mountain and other plays (1970); The joker of Seville and Oh! <\/span>Babylon (1978); Remembrance and Pantomime: two plays (1980); y Three plays (1986).<\/p>\n<p class=\"x_MsoNormal\">Derek Walcott fue un poeta prol\u00edfico y vers\u00e1til cuya obra deslumbrante y pictoricista captur\u00f3 la esencia de su Caribe natal.<\/p>\n<p class=\"x_MsoNormal\">Castries. Derek Walcott, un poeta laureado con el Premio Nobel por capturar la esencia de su nativo Caribe y el escritor m\u00e1s reconocido internacionalmente de la regi\u00f3n, falleci\u00f3. Ten\u00eda 87 a\u00f1os.<\/p>\n<p class=\"x_MsoNormal\">Walcott muri\u00f3 la ma\u00f1ana del viernes en su casa en la isla de Santa Luc\u00eda, dijo su hijo Peter. La familia planeaba emitir un comunicado m\u00e1s tarde.<\/p>\n<p class=\"x_MsoNormal\">Walcott recibi\u00f3 el Nobel de Literatura en 1992 tras haber figurado en la lista de finalistas por muchos a\u00f1os. Al seleccionarlo, la academia sueca, que otorga el reconocimiento, cit\u00f3 \u00abla gran luminosidad\u00bb de sus escritos, incluyendo Omeros de 1990, una \u00e9pica caribe\u00f1a de 64 cap\u00edtulos.<\/p>\n","protected":false},"excerpt":{"rendered":"<p>Muere el Nobel Derek Walcott, destacado poeta caribe\u00f1o Ap EFE San Juan Muere el poeta Derek Walcott, premio Nobel de Literatura El escritor ha fallecido a los 87 a\u00f1os en su casa de la isla de Santa Luc\u00eda tras una larga enfermedad El poeta Derek Walcott, premio Nobel de Literatura, ha muerto a los 87 [&hellip;]<\/p>\n","protected":false},"author":249,"featured_media":12222,"comment_status":"open","ping_status":"closed","sticky":false,"template":"","format":"standard","meta":{"footnotes":""},"categories":[1],"tags":[],"class_list":["post-12221","post","type-post","status-publish","format-standard","has-post-thumbnail","hentry","category-sin-categoria"],"_links":{"self":[{"href":"https:\/\/eloficiodehistoriar.com.mx\/index.php?rest_route=\/wp\/v2\/posts\/12221","targetHints":{"allow":["GET"]}}],"collection":[{"href":"https:\/\/eloficiodehistoriar.com.mx\/index.php?rest_route=\/wp\/v2\/posts"}],"about":[{"href":"https:\/\/eloficiodehistoriar.com.mx\/index.php?rest_route=\/wp\/v2\/types\/post"}],"author":[{"embeddable":true,"href":"https:\/\/eloficiodehistoriar.com.mx\/index.php?rest_route=\/wp\/v2\/users\/249"}],"replies":[{"embeddable":true,"href":"https:\/\/eloficiodehistoriar.com.mx\/index.php?rest_route=%2Fwp%2Fv2%2Fcomments&post=12221"}],"version-history":[{"count":1,"href":"https:\/\/eloficiodehistoriar.com.mx\/index.php?rest_route=\/wp\/v2\/posts\/12221\/revisions"}],"predecessor-version":[{"id":12223,"href":"https:\/\/eloficiodehistoriar.com.mx\/index.php?rest_route=\/wp\/v2\/posts\/12221\/revisions\/12223"}],"wp:featuredmedia":[{"embeddable":true,"href":"https:\/\/eloficiodehistoriar.com.mx\/index.php?rest_route=\/wp\/v2\/media\/12222"}],"wp:attachment":[{"href":"https:\/\/eloficiodehistoriar.com.mx\/index.php?rest_route=%2Fwp%2Fv2%2Fmedia&parent=12221"}],"wp:term":[{"taxonomy":"category","embeddable":true,"href":"https:\/\/eloficiodehistoriar.com.mx\/index.php?rest_route=%2Fwp%2Fv2%2Fcategories&post=12221"},{"taxonomy":"post_tag","embeddable":true,"href":"https:\/\/eloficiodehistoriar.com.mx\/index.php?rest_route=%2Fwp%2Fv2%2Ftags&post=12221"}],"curies":[{"name":"wp","href":"https:\/\/api.w.org\/{rel}","templated":true}]}}