{"id":12236,"date":"2017-03-29T14:34:57","date_gmt":"2017-03-29T20:34:57","guid":{"rendered":"https:\/\/eloficiodehistoriar.com.mx\/?p=12236"},"modified":"2017-03-29T14:34:57","modified_gmt":"2017-03-29T20:34:57","slug":"el-inventario-de-jep","status":"publish","type":"post","link":"https:\/\/eloficiodehistoriar.com.mx\/?p=12236","title":{"rendered":"El\u00a0Inventario\u00a0de JEP"},"content":{"rendered":"<div class=\"x_cabeza\">El\u00a0<em>Inventario<\/em>\u00a0de JEP<\/div>\n<div class=\"x_sumarios\"><\/div>\n<div class=\"x_credito-articulo\">Javier Aranda Luna<\/div>\n<div class=\"x_credito-articulo\"><\/div>\n<div id=\"x_article-text\" class=\"x_text\">\n<div class=\"x_inicial\">Jos\u00e9 Emilio Pacheco\u00a0(JEP) fue durante m\u00e1s de 40 a\u00f1os nuestro\u00a0<em>Big\u00a0Data,<\/em>\u00a0la encarnaci\u00f3n de ese uso masivo de datos descrito por V\u00edctor Sch\u00f6nberger que supera las capacidades de cualquier memoria convencional. Desde muy joven fue un experto en recuperar documentos para cruzar sus referencias con otras; un minero de la informaci\u00f3n sepultada en bibliotecas y hemerotecas; un cazador minucioso de esas p\u00e1ginas que como mariposas aletean por la Internet con un volar incierto o aparecen en documentales imposibles.<\/div>\n<div class=\"x_col x_col1\">\n<p>Tuve que esperar 20 a\u00f1os para tener acceso a ese disco duro que Pacheco hab\u00eda alimentado con sus hallazgos toda la vida. Su memoria fotogr\u00e1fica como la de su amigo Monsiv\u00e1is era asombrosa. En 1987, desesperado por no dar con un texto de Carlos Fuentes sobre el fascismo y M\u00e9xico, me atrev\u00ed a molestar a Jose Emilio Pacheco por tel\u00e9fono.<\/p>\n<p>Despu\u00e9s de escuchar mi consulta, tras un breve silencio me dio su respuesta:<\/p>\n<p>\u2013Fue la ponencia de Fuentes en un congreso de 1976 en Mazatl\u00e1n. Lo debe haber publicado\u00a0<em>Exc\u00e9lsior\u00a0<\/em>el 17 o el 19 de mayo.<\/p>\n<p>Luego de despedirme entre agradecimientos y genuflexiones \u2013a pesar de que no pod\u00eda verme\u2013 corr\u00ed a la hemeroteca de La Ciudadela, que entonces se encontraba muy cerca de\u00a0<em>La Jornada.<\/em>\u00a0Y all\u00ed estaba el texto de Fuentes en la primera fecha que me mencion\u00f3:\u00a0<q>M\u00e9xico: objetivo final de la marea fascista<\/q>.<\/p>\n<p>Entre agosto de 1973 y enero de 2014\u00a0 apareci\u00f3 una de las columnas literarias m\u00e1s importantes de Hispanoam\u00e9rica. A decir de Carlos Monsiv\u00e1is\u00a0<q>la mejor secci\u00f3n de periodismo cultural en M\u00e9xico de la segunda mitad del siglo XX<\/q>. Su autor ten\u00eda 34 a\u00f1os y firmaba s\u00f3lo con sus iniciales: JEP.<\/p>\n<p>Se titulaba\u00a0<em>Inventario<\/em>\u00a0y apareci\u00f3 inicialmente en el peri\u00f3dico\u00a0<em>Exc\u00e9lsior<\/em>\u00a0de Julio Scherer y despu\u00e9s del golpe al diario perpetrado por el entonces presidente Luis Echeverr\u00eda en 1976, en la revista\u00a0<em>Proceso.<\/em><\/p>\n<p>Aunque la cr\u00f3nica literaria tiene una larga tradici\u00f3n en M\u00e9xico, pocas han sido tan constantes y fecundas como la escrita por Jos\u00e9 Emilio Pacheco durante m\u00e1s de cuatro d\u00e9cadas.<\/p>\n<p>Curiosamente a pesar de haber sido tan p\u00fablica \u2013aparec\u00eda cada semana\u2013, esa es la obra menos valorada del poeta. Una obra de servicio en la que se vali\u00f3 de su erudici\u00f3n para entender los asuntos del presente.<\/p>\n<p>Si en la literatura nada viene de nada \u2013 todo es hijo de la tradici\u00f3n, del pasarse la estafeta literaria de una generaci\u00f3n a otra\u2013\u00a0<em>Inventario<\/em>\u00a0dio cuenta de ello. Por eso siempre encontr\u00f3 el pretexto para conversar con los muertos, para hablar de autores y obras en contexto, para entrecruzar la vida cultural y la estad\u00edstica dura, los gustos cinematogr\u00e1ficos de una \u00e9poca y la m\u00fasica.<\/p>\n<p>Son notables sus cr\u00f3nicas sobre el nacimiento del jazz en Nueva Orle\u00e1ns, las que escribi\u00f3 sobre Obreg\u00f3n o Borges. Tambi\u00e9n sus acercamientos a Truman Capote, Revueltas, Noticias del imperio, Dumas, Pitol, Arreola, Stevenson, Gelman, Salvador Novo, de quien exhum\u00f3 de las catacumbas de las hemerotecas sus cr\u00f3nicas con el t\u00edtulo\u00a0<em>La vida en M\u00e9xico durante el periodo presidencial de&#8230;<\/em><\/p>\n<p>\u00bfY qu\u00e9 decir de sus acercamientos a Alfonso Reyes, Salman Rushdie, Monsimad, Monsimarx, Monsiv\u00e1is?<\/p>\n<\/div>\n<div class=\"x_col x_col2\">\n<p>Gilles Lipovetsky, sin duda el fil\u00f3sofo referente de nuestra cambiante modernidad, est\u00e1 cierto de que luego de la democratizaci\u00f3n del arte y la cultura hecha por el mercado (la motivaci\u00f3n econ\u00f3mica no mata la creaci\u00f3n, la cultura pervive pese a su utilizaci\u00f3n mercantilista) lo que sigue es afinar la educaci\u00f3n de los consumidores de la nueva estetizaci\u00f3n del mundo: ayudarlos a pasar de los espejismos de la cantidad a la calidad; a no conformarse con el erotismo de las\u00a0<em>Cincuenta sombras de Grey<\/em>\u00a0y asomarse, por ejemplo, a la\u00a0<em>Lolita<\/em>\u00a0de Nabokov. Jos\u00e9 Emilio Pacheco fue en este sentido un mediador indispensable, un verdadero curador de hechos culturales y expresiones art\u00edsticas cruzando datos aparentemente dispares, rescatando virtudes desatendidas, retomando lo nuevo, lo novedoso de un poeta como Ovidio vali\u00e9ndose de cantantes como Gloria Trevi.<\/p>\n<p>Aunque todas sus cr\u00f3nicas literarias\u00a0 dan cuenta de este generoso\u00a0<em>Big Data<\/em>\u00a0que tuvimos el privilegio de conocer, hay cr\u00f3nicas que retratan su erudici\u00f3n sin pedanter\u00eda, su por momentos inveros\u00edmil capacidad para cruzar los datos m\u00e1s dis\u00edmbolos para ofrecernos una lectura amable y francamente sabrosa como sus\u00a0<em>close ups<\/em>\u00a0de Vasconcelos, \u00c1lvaro Obreg\u00f3n o Francisco de Quevedo.<\/p>\n<p>Jos\u00e9 Emilio fue el \u00fanico escritor que not\u00f3, por ejemplo, el ninguneo en M\u00e9xico y Espa\u00f1a, a los cuatro siglos del nacimiento de Quevedo, del forjador del bronce de la lengua castellana:\u00a0<q>el mayor artista que han tenido la prosa y el verso<\/q>\u00a0de nuestro idioma.<\/p>\n<p>S\u00f3lo Pacheco pudo recordar que el poeta sigui\u00f3 vivo\u00a0en las cantinas mexicanas de los cincuenta; que la vanguardia dio, en boca de Borges, nuevas perspectivas para leerlo; que su vocabulario prohibido le ha dado vigencia, que uno de sus herederos fue Neruda, el poeta que habit\u00f3 la isla Negra. Tambi\u00e9n nos hizo ver que fue el poeta de la congoja, la pesadumbre, el desenga\u00f1o; el de la carcajada grotesca y del gargajo en el rostro de la belleza; el poeta cuyo reino, dominio, har\u00e9n, plaza fuerte, sensualidad e imperio fue la lengua espa\u00f1ola.\u00a0<q>Francisco de Quevedo y Villegas, el prisionero sombr\u00edo de la Torre de Juan Abad, es el emperador del castellano<\/q>.<\/p>\n<p>\u00bfY qu\u00e9 decir de sus aproximaciones a los\u00a0<em>Cuatro cuartetos<\/em>\u00a0de Eliot, a Porfirio D\u00edaz o a la Academia de Letr\u00e1n, la academia m\u00e1s productiva y menos onerosa de nuestra historia, donde un grupo de escritores liberales de acci\u00f3n y reflexi\u00f3n como Ignacio Ram\u00edrez vivieron una vida austera y emocionante, caracter\u00edsticas que dif\u00edcilmente podemos encontrar en los neoliberales de nuestros d\u00edas?<\/p>\n<p>Recientemente Ediciones Era puso a circular una antolog\u00eda en tres tomos del<em>\u00a0Inventario<\/em>\u00a0de Jos\u00e9 Emilio Pacheco. La novedad editorial que esper\u00e9 durante 20 a\u00f1os y que se convertir\u00e1 en uno de los acontecimientos literarios m\u00e1s importantes en mucho tiempo.<\/p>\n<p>En estos d\u00edas en que se ha anunciado un nuevo modelo educativo para que los ni\u00f1os m\u00e1s que memorizar razonen,\u00a0ser\u00eda estupendo que todas las bibliotecas p\u00fablicas contaran con una colecci\u00f3n de\u00a0<em>Inventario<\/em>\u00a0para que pudieran conocer un ejemplar ejercicio de razonamiento a partir de la cultura.<\/p>\n<\/div>\n<\/div>\n","protected":false},"excerpt":{"rendered":"<p>El\u00a0Inventario\u00a0de JEP Javier Aranda Luna Jos\u00e9 Emilio Pacheco\u00a0(JEP) fue durante m\u00e1s de 40 a\u00f1os nuestro\u00a0Big\u00a0Data,\u00a0la encarnaci\u00f3n de ese uso masivo de datos descrito por V\u00edctor Sch\u00f6nberger que supera las capacidades de cualquier memoria convencional. Desde muy joven fue un experto en recuperar documentos para cruzar sus referencias con otras; un minero de la informaci\u00f3n sepultada [&hellip;]<\/p>\n","protected":false},"author":249,"featured_media":12237,"comment_status":"open","ping_status":"closed","sticky":false,"template":"","format":"standard","meta":{"footnotes":""},"categories":[1],"tags":[],"class_list":["post-12236","post","type-post","status-publish","format-standard","has-post-thumbnail","hentry","category-sin-categoria"],"_links":{"self":[{"href":"https:\/\/eloficiodehistoriar.com.mx\/index.php?rest_route=\/wp\/v2\/posts\/12236","targetHints":{"allow":["GET"]}}],"collection":[{"href":"https:\/\/eloficiodehistoriar.com.mx\/index.php?rest_route=\/wp\/v2\/posts"}],"about":[{"href":"https:\/\/eloficiodehistoriar.com.mx\/index.php?rest_route=\/wp\/v2\/types\/post"}],"author":[{"embeddable":true,"href":"https:\/\/eloficiodehistoriar.com.mx\/index.php?rest_route=\/wp\/v2\/users\/249"}],"replies":[{"embeddable":true,"href":"https:\/\/eloficiodehistoriar.com.mx\/index.php?rest_route=%2Fwp%2Fv2%2Fcomments&post=12236"}],"version-history":[{"count":1,"href":"https:\/\/eloficiodehistoriar.com.mx\/index.php?rest_route=\/wp\/v2\/posts\/12236\/revisions"}],"predecessor-version":[{"id":12238,"href":"https:\/\/eloficiodehistoriar.com.mx\/index.php?rest_route=\/wp\/v2\/posts\/12236\/revisions\/12238"}],"wp:featuredmedia":[{"embeddable":true,"href":"https:\/\/eloficiodehistoriar.com.mx\/index.php?rest_route=\/wp\/v2\/media\/12237"}],"wp:attachment":[{"href":"https:\/\/eloficiodehistoriar.com.mx\/index.php?rest_route=%2Fwp%2Fv2%2Fmedia&parent=12236"}],"wp:term":[{"taxonomy":"category","embeddable":true,"href":"https:\/\/eloficiodehistoriar.com.mx\/index.php?rest_route=%2Fwp%2Fv2%2Fcategories&post=12236"},{"taxonomy":"post_tag","embeddable":true,"href":"https:\/\/eloficiodehistoriar.com.mx\/index.php?rest_route=%2Fwp%2Fv2%2Ftags&post=12236"}],"curies":[{"name":"wp","href":"https:\/\/api.w.org\/{rel}","templated":true}]}}