{"id":12240,"date":"2017-03-30T17:25:25","date_gmt":"2017-03-30T23:25:25","guid":{"rendered":"https:\/\/eloficiodehistoriar.com.mx\/?p=12240"},"modified":"2017-03-30T17:25:25","modified_gmt":"2017-03-30T23:25:25","slug":"fallece-el-escritor-juan-banuelos-a-los-84-anos","status":"publish","type":"post","link":"https:\/\/eloficiodehistoriar.com.mx\/?p=12240","title":{"rendered":"Fallece el escritor Juan Ba\u00f1uelos a los 84 a\u00f1os"},"content":{"rendered":"<p class=\"x_MsoNormal\">Fallece el escritor Juan Ba\u00f1uelos a los 84 a\u00f1os<\/p>\n<p class=\"x_MsoNormal\">Notimex<\/p>\n<p class=\"x_MsoNormal\">Ciudad de M\u00e9xico.<\/p>\n<p class=\"x_MsoNormal\">El escritor Juan Ba\u00f1uelos, quien form\u00f3 parte del grupo La espiga amotinada, falleci\u00f3 este mi\u00e9rcoles a los 84 a\u00f1os de edad en la Ciudad de M\u00e9xico, debido a complicaciones respiratorias, inform\u00f3 el Instituto Nacional de Bellas Artes (INBA).<\/p>\n<p class=\"x_MsoNormal\">\n<p class=\"x_MsoNormal\">De acuerdo con el Instituto, los restos del poeta chiapaneco ser\u00e1n velados a partir de las 22:00 horas en la funeraria J. Garc\u00eda L\u00f3pez, ubicada en la colonia Ju\u00e1rez.<\/p>\n<p class=\"x_MsoNormal\">\n<p class=\"x_MsoNormal\">\u201cEn nombre de la familia Ba\u00f1uelos, estamos consternados por la p\u00e9rdida de mi padre. Fue una persona que aport\u00f3 tanto a la literatura mexicana y, en particular, a la literatura que defiende los derechos ind\u00edgenas\u00bb, coment\u00f3 Cecilia Ba\u00f1uelos, hija del poeta.<\/p>\n<p class=\"x_MsoNormal\">\n<p class=\"x_MsoNormal\">Se\u00f1al\u00f3 que \u00abevidentemente es una gran p\u00e9rdida para nosotros en el plano personal, pero tambi\u00e9n en el plano de la literatura mexicana. Era un amante de su naci\u00f3n y de su entidad, de la naturaleza, le cantaba y hac\u00eda poes\u00eda dedicada a la cultura\u201d.<\/p>\n<p class=\"x_MsoNormal\">\n<p class=\"x_MsoNormal\">El autor, quien estudi\u00f3 en las facultades de Derecho, Filosof\u00eda y Letras y en la de Ciencias Pol\u00edticas y Sociales de la UNAM, form\u00f3 parte del grupo integrado por cinco poetas mexicanos que en 1960 publicaron el volumen colectivo La espiga amotinada.<\/p>\n<p class=\"x_MsoNormal\">\n<p class=\"x_MsoNormal\">Las obras Puertas del mundo, de Juan Ba\u00f1uelos; La voz desbocada, de \u00d3scar Oliva, La rueda y el eco, de Jaime Augusto Shelley, Los soles de la noche, de Eraclio Zepeda, y El descenso, de Jaime Labastida, conformaron el volumen.<\/p>\n<p class=\"x_MsoNormal\">\n<p class=\"x_MsoNormal\">Jaime Labastida expres\u00f3 su pesar por la muerte de Juan Ba\u00f1uelos. \u201cFuimos amigos desde 1957. Fue un amigo entra\u00f1able, puedo decir mi hermano. Los que constituimos La espiga amotinada ya nos estamos yendo: primero Eraclio, ahora Juan. Me duele much\u00edsimo, no tengo palabras\u201d.<\/p>\n<p class=\"x_MsoNormal\">\n<p class=\"x_MsoNormal\">Ba\u00f1uelos fue miembro fundador del Ateneo de Chiapas, as\u00ed como un destacado coordinador de talleres de poes\u00eda de la UNAM y de las universidades de Guerrero, Quer\u00e9taro, Sinaloa y Chiapas. Su obra fue traducida al checo, polaco, h\u00fangaro, noruego, sueco, b\u00falgaro, rumano y alem\u00e1n.<\/p>\n<p class=\"x_MsoNormal\">\n<p class=\"x_MsoNormal\">Fue reconocido con el Premio Bellas Artes de Poes\u00eda Aguascalientes 1968 por Espejo humeante; el Premio Chiapas en la rama de Arte 1984 por su destacada aportaci\u00f3n a la l\u00edrica de M\u00e9xico.<\/p>\n<p class=\"x_MsoNormal\">\n<p class=\"x_MsoNormal\">Tambi\u00e9n obtuvo el Premio Bellas Artes de Poes\u00eda Carlos Pellicer 2001 por El traje que vest\u00ed ma\u00f1ana, as\u00ed como el Premio Xavier Villaurrutia y el Premio de Poes\u00eda Jos\u00e9 Lezama Lima por A paso de hierba.<\/p>\n<p class=\"x_MsoNormal\">\n<p class=\"x_MsoNormal\">Entre la obra de Ba\u00f1uelos se encuentra Puertas del mundo, en La espiga amotinada (1960); Escribo en las paredes en Ocupaci\u00f3n de la palabra (1965); Espejo humeante (1969); No consta en actas (1971); Destino arbitrario (1982) y Donde muere la lluvia (1992).<\/p>\n","protected":false},"excerpt":{"rendered":"<p>Fallece el escritor Juan Ba\u00f1uelos a los 84 a\u00f1os Notimex Ciudad de M\u00e9xico. El escritor Juan Ba\u00f1uelos, quien form\u00f3 parte del grupo La espiga amotinada, falleci\u00f3 este mi\u00e9rcoles a los 84 a\u00f1os de edad en la Ciudad de M\u00e9xico, debido a complicaciones respiratorias, inform\u00f3 el Instituto Nacional de Bellas Artes (INBA). De acuerdo con el [&hellip;]<\/p>\n","protected":false},"author":249,"featured_media":12241,"comment_status":"open","ping_status":"closed","sticky":false,"template":"","format":"standard","meta":{"footnotes":""},"categories":[1],"tags":[],"class_list":["post-12240","post","type-post","status-publish","format-standard","has-post-thumbnail","hentry","category-sin-categoria"],"_links":{"self":[{"href":"https:\/\/eloficiodehistoriar.com.mx\/index.php?rest_route=\/wp\/v2\/posts\/12240","targetHints":{"allow":["GET"]}}],"collection":[{"href":"https:\/\/eloficiodehistoriar.com.mx\/index.php?rest_route=\/wp\/v2\/posts"}],"about":[{"href":"https:\/\/eloficiodehistoriar.com.mx\/index.php?rest_route=\/wp\/v2\/types\/post"}],"author":[{"embeddable":true,"href":"https:\/\/eloficiodehistoriar.com.mx\/index.php?rest_route=\/wp\/v2\/users\/249"}],"replies":[{"embeddable":true,"href":"https:\/\/eloficiodehistoriar.com.mx\/index.php?rest_route=%2Fwp%2Fv2%2Fcomments&post=12240"}],"version-history":[{"count":1,"href":"https:\/\/eloficiodehistoriar.com.mx\/index.php?rest_route=\/wp\/v2\/posts\/12240\/revisions"}],"predecessor-version":[{"id":12242,"href":"https:\/\/eloficiodehistoriar.com.mx\/index.php?rest_route=\/wp\/v2\/posts\/12240\/revisions\/12242"}],"wp:featuredmedia":[{"embeddable":true,"href":"https:\/\/eloficiodehistoriar.com.mx\/index.php?rest_route=\/wp\/v2\/media\/12241"}],"wp:attachment":[{"href":"https:\/\/eloficiodehistoriar.com.mx\/index.php?rest_route=%2Fwp%2Fv2%2Fmedia&parent=12240"}],"wp:term":[{"taxonomy":"category","embeddable":true,"href":"https:\/\/eloficiodehistoriar.com.mx\/index.php?rest_route=%2Fwp%2Fv2%2Fcategories&post=12240"},{"taxonomy":"post_tag","embeddable":true,"href":"https:\/\/eloficiodehistoriar.com.mx\/index.php?rest_route=%2Fwp%2Fv2%2Ftags&post=12240"}],"curies":[{"name":"wp","href":"https:\/\/api.w.org\/{rel}","templated":true}]}}