{"id":12386,"date":"2017-06-04T12:44:06","date_gmt":"2017-06-04T18:44:06","guid":{"rendered":"https:\/\/eloficiodehistoriar.com.mx\/?p=12386"},"modified":"2017-06-04T12:44:06","modified_gmt":"2017-06-04T18:44:06","slug":"el-escritor-espanol-juan-goytisolo-fallecio","status":"publish","type":"post","link":"https:\/\/eloficiodehistoriar.com.mx\/?p=12386","title":{"rendered":"El escritor espa\u00f1ol Juan Goytisolo falleci\u00f3"},"content":{"rendered":"<p class=\"x_MsoNormal\">El escritor espa\u00f1ol Juan Goytisolo falleci\u00f3<\/p>\n<p class=\"x_MsoNormal\">La Jornada<\/p>\n<p class=\"x_MsoNormal\">Madrid.<\/p>\n<p class=\"x_MsoNormal\">El escritor espa\u00f1ol Juan Goytisolo falleci\u00f3 este domingo a los 86 a\u00f1os en su residencia en Marrakech, Marruecos, inform\u00f3 su agencia literaria Carmen Balcells en Barcelona, Espa\u00f1a.<\/p>\n<p class=\"x_MsoNormal\">\n<p class=\"x_MsoNormal\">El novelista y ensayista, laureado en 2014 con el Premio Cervantes, considerado el Nobel de las letras hispanas, muri\u00f3 \u00aben su domicilio de Marrakech rodeado de sus allegados\u00bb, se\u00f1al\u00f3 una nota de prensa de la agencia literaria.<\/p>\n<p class=\"x_MsoNormal\">\n<p class=\"x_MsoNormal\">La nota no especifica las circunstancias de la muerte de Goytisolo, llamado el escritor \u00abde las dos orillas\u00bb por su defensa del mundo \u00e1rabe y de los puentes con Latinoam\u00e9rica, quien hab\u00eda sufrido percances de salud en los \u00faltimos meses, como una fractura de cadera que lo obligaba a desplazarse en silla de ruedas.<\/p>\n<p class=\"x_MsoNormal\">\n<p class=\"x_MsoNormal\">La noticia de su fallecimiento fue comunicada \u00abpor la Embajada de Espa\u00f1a en Marruecos\u00bb, explic\u00f3 la nota de la agencia, que transmiti\u00f3 los agradecimientos \u00abde la familia Goytisolo (&#8230;) a las autoridades diplom\u00e1ticas espa\u00f1olas por la atenci\u00f3n y cuidados ofrecidos al autor en todo momento\u00bb.<\/p>\n<p class=\"x_MsoNormal\">\n<p class=\"x_MsoNormal\">Conocido por su continua experimentaci\u00f3n narrativa y por un estilo singular e imprevisible fruto de su independencia intelectual, Goytisolo es autor de una variada obra narrativa y ensay\u00edstica, iniciada en 1954 con el realismo cr\u00edtico de \u00abJuegos de manos\u00bb, que retrat\u00f3 momentos trascendentales de la historia reciente de Espa\u00f1a, Europa y el mundo isl\u00e1mico.<\/p>\n<p class=\"x_MsoNormal\">\n<p class=\"x_MsoNormal\">Nacido en Barcelona en 1931 en el seno de una familia burguesa, era hermano del tambi\u00e9n fallecido poeta Jos\u00e9 Agust\u00edn Goytisolo y del novelista Luis Goytisolo.<\/p>\n<p class=\"x_MsoNormal\">\n<p class=\"x_MsoNormal\">Opositor a la dictadura franquista, se instal\u00f3 en Par\u00eds a finales de los a\u00f1os 1950 y desde entonces nunca volvi\u00f3 a vivir de manera permanente en Espa\u00f1a.<\/p>\n<p class=\"x_MsoNormal\">\n<p class=\"x_MsoNormal\">Publicada en Par\u00eds, M\u00e9xico y Buenos Aires, la obra de Goytisolo, entre la que destacan t\u00edtulos como Para vivir aqu\u00ed (1960), Se\u00f1as de identidad (1966) o Juan sin tierra (1975), fue prohibida en Espa\u00f1a por la dictadura franquista.<\/p>\n<p class=\"x_MsoNormal\">\n<p class=\"x_MsoNormal\">Su \u00faltima novela \u00abEl exiliado de aqu\u00ed y de all\u00e1\u00bb apareci\u00f3 en 2008.<\/p>\n<p class=\"x_MsoNormal\">\n<p class=\"x_MsoNormal\">Adem\u00e1s del premio Cervantes, en cuya gala de entrega en abril de 2015 hizo una dura denuncia sobre las desigualdades en Espa\u00f1a, Goytisolo recibi\u00f3 el Premio Nacional de las Letras Espa\u00f1olas 2008, el Octavio Paz de Literatura 2002 y el Juan Rulfo de literatura latinoamericana 2004<\/p>\n","protected":false},"excerpt":{"rendered":"<p>El escritor espa\u00f1ol Juan Goytisolo falleci\u00f3 La Jornada Madrid. El escritor espa\u00f1ol Juan Goytisolo falleci\u00f3 este domingo a los 86 a\u00f1os en su residencia en Marrakech, Marruecos, inform\u00f3 su agencia literaria Carmen Balcells en Barcelona, Espa\u00f1a. El novelista y ensayista, laureado en 2014 con el Premio Cervantes, considerado el Nobel de las letras hispanas, muri\u00f3 [&hellip;]<\/p>\n","protected":false},"author":249,"featured_media":12387,"comment_status":"open","ping_status":"closed","sticky":false,"template":"","format":"standard","meta":{"footnotes":""},"categories":[1],"tags":[],"class_list":["post-12386","post","type-post","status-publish","format-standard","has-post-thumbnail","hentry","category-sin-categoria"],"_links":{"self":[{"href":"https:\/\/eloficiodehistoriar.com.mx\/index.php?rest_route=\/wp\/v2\/posts\/12386","targetHints":{"allow":["GET"]}}],"collection":[{"href":"https:\/\/eloficiodehistoriar.com.mx\/index.php?rest_route=\/wp\/v2\/posts"}],"about":[{"href":"https:\/\/eloficiodehistoriar.com.mx\/index.php?rest_route=\/wp\/v2\/types\/post"}],"author":[{"embeddable":true,"href":"https:\/\/eloficiodehistoriar.com.mx\/index.php?rest_route=\/wp\/v2\/users\/249"}],"replies":[{"embeddable":true,"href":"https:\/\/eloficiodehistoriar.com.mx\/index.php?rest_route=%2Fwp%2Fv2%2Fcomments&post=12386"}],"version-history":[{"count":1,"href":"https:\/\/eloficiodehistoriar.com.mx\/index.php?rest_route=\/wp\/v2\/posts\/12386\/revisions"}],"predecessor-version":[{"id":12388,"href":"https:\/\/eloficiodehistoriar.com.mx\/index.php?rest_route=\/wp\/v2\/posts\/12386\/revisions\/12388"}],"wp:featuredmedia":[{"embeddable":true,"href":"https:\/\/eloficiodehistoriar.com.mx\/index.php?rest_route=\/wp\/v2\/media\/12387"}],"wp:attachment":[{"href":"https:\/\/eloficiodehistoriar.com.mx\/index.php?rest_route=%2Fwp%2Fv2%2Fmedia&parent=12386"}],"wp:term":[{"taxonomy":"category","embeddable":true,"href":"https:\/\/eloficiodehistoriar.com.mx\/index.php?rest_route=%2Fwp%2Fv2%2Fcategories&post=12386"},{"taxonomy":"post_tag","embeddable":true,"href":"https:\/\/eloficiodehistoriar.com.mx\/index.php?rest_route=%2Fwp%2Fv2%2Ftags&post=12386"}],"curies":[{"name":"wp","href":"https:\/\/api.w.org\/{rel}","templated":true}]}}