{"id":12396,"date":"2017-06-07T08:37:39","date_gmt":"2017-06-07T14:37:39","guid":{"rendered":"https:\/\/eloficiodehistoriar.com.mx\/?p=12396"},"modified":"2017-06-07T08:37:39","modified_gmt":"2017-06-07T14:37:39","slug":"la-arqueologia-mexicana-una-historia-de-siglos","status":"publish","type":"post","link":"https:\/\/eloficiodehistoriar.com.mx\/?p=12396","title":{"rendered":"La arqueolog\u00eda mexicana, una historia de siglos"},"content":{"rendered":"<h1 class=\"x_post-title x_item x_fn\">La arqueolog\u00eda mexicana, una historia de siglos<\/h1>\n<h4 class=\"x_post-title x_item x_fn\">JUDITH AMADOR TELLO<\/h4>\n<p>CIUDAD DE M\u00c9XICO (apro).- La historia de la arqueolog\u00eda en M\u00e9xico se remonta al siglo XVI cuando a su llegada a Mesoam\u00e9rica, los espa\u00f1oles y europeos quedaron impresionados con el mundo tan diferente al suyo que encontraron y tuvieron el inter\u00e9s por conocerlo y documentarlo:<\/p>\n<p>\u201cEstaban los cronistas militares y civiles, as\u00ed como los frailes, quienes proporcionaron una rica informaci\u00f3n sin la cual, quiz\u00e1s, no se podr\u00eda entender muchos de los aspectos del pasado. La riqueza de los c\u00f3dices prehisp\u00e1nicos, relatos coloniales, lienzos y mapas, es informaci\u00f3n que les permiti\u00f3 conocerlo y empezar a investigarlo\u201d.<\/p>\n<div id=\"x_taboola-mid-article-thumbnails\" class=\"x_trc_related_container x_trc_spotlight_widget x_trc_elastic x_trc_elastic_trc_86796\"><\/div>\n<p>As\u00ed lo relat\u00f3 el arque\u00f3logo Eduardo Matos Moctezuma, investigador em\u00e9rito del Instituto Nacional de Antropolog\u00eda e Historia (INAH), al participar en el curso superior \u201cLa visi\u00f3n antropol\u00f3gica e hist\u00f3rica de M\u00e9xico. Homenaje a Rodolfo Stavenhagen\u201d, organizado por la Academia Mexicana de Ciencias Antropol\u00f3gicas (AMCA), en honor al soci\u00f3logo fallecido el 5 de noviembre pasado.<\/p>\n<p>Autor entre otros libros de Breve historia de la arqueolog\u00eda en M\u00e9xico (SRE, 1992); \u201cHistoria de la Arqueolog\u00eda en M\u00e9xico II. La arqueolog\u00eda y la Ilustraci\u00f3n (1750-1810)\u201d, publicado en 2002 en la revista\u00a0<em>Arqueolog\u00eda Mexicana<\/em>; y\u00a0<em>Arqueolog\u00eda del M\u00e9xico Antiguo<\/em>\u00a0(Jaca Boks-INAH, 2010), hizo el recuento de esa disciplina que ha sido su profesi\u00f3n desde hace d\u00e9cadas. Se recordar\u00e1 que entre sus proyectos m\u00e1s destacados est\u00e1 el de las excavaciones en el Templo Mayor en el coraz\u00f3n de la Ciudad de M\u00e9xico, de las cuales fue responsable, entre 1978 y 1982, adem\u00e1s de haber investigado en la Zona Arqueol\u00f3gica de Teotihuac\u00e1n.<\/p>\n<div><\/div>\n<p>En su recuento, el acad\u00e9mico se\u00f1al\u00f3 que fue en los siglos XVII y XVIII cuando ya propiamente, la arqueolog\u00eda comenz\u00f3 a encontrar vestigios de lo que se hab\u00eda documentado. Destac\u00f3 que al rey Carlos III de Borb\u00f3n le interes\u00f3 esta disciplina, e incluso siendo rey de N\u00e1poles y Sicilia, orden\u00f3 las excavaciones de las ciudades de Pompeya y Herculano.<\/p>\n<p>Luego, al asumir el trono espa\u00f1ol, dio indicaciones para investigar el pasado y los vestigios hist\u00f3ricos de las colonias espa\u00f1olas. As\u00ed, el militar y naturalista Antonio de Ulloa, cre\u00f3 el Real Gabinete de Historia Natural, para agrupar antig\u00fcedades, f\u00f3siles minerales, animales y monumentos arqueol\u00f3gicos.<\/p>\n<p>Se\u00f1al\u00f3 como un momento especial el a\u00f1o de 1700 cuando se dio a conocer el hallazgo de las ruinas de El Taj\u00edn y los trabajos realizados por Jos\u00e9 Antonio Alzate en Xochicalco, titulados\u00a0<em>Descripci\u00f3n de las antig\u00fcedades de Xochicalco<\/em>.<\/p>\n<p>Otro acontecimiento, sin duda relevante, fue el descubrimiento de la impresionante escultura de la diosa Coatlicue, que anteriormente \u2013precis\u00f3\u2013 fue llamada Teayoamiqui. \u00c9ste se realiz\u00f3 el 13 de agosto de 1790, en las excavaciones de la Plaza Mayor de la Ciudad de M\u00e9xico, ordenadas por el virrey Juan Vicente G\u00fcemes Pacheco y de Padilla, segundo conde Revillagigedo.<\/p>\n<p>El mismo a\u00f1o, pero el 17 de diciembre, se encontr\u00f3 la Piedra del Sol y posteriormente la Piedra de Tizoc. Hay que mencionar que en el lujoso y bellamente ilustrado volumen\u00a0<em>Escultura monumental mexica<\/em>, que Matos public\u00f3 con su colega Leonardo L\u00f3pez Lujan, da cuenta detalladamente del momento del hallazgo de las piedras mencionadas, con documentos hist\u00f3ricos y cr\u00f3nicas, as\u00ed como de su descripci\u00f3n y se acompa\u00f1a de fotograf\u00edas.<\/p>\n<p>Matos refiri\u00f3 tambi\u00e9n la arqueolog\u00eda del siglo XX en la cual tuvo relevante papel Leopoldo Batres, \u201cun capit\u00e1n lancero del ej\u00e9rcito de Benito Ju\u00e1rez dedicado a la arqueolog\u00eda\u201d. Trabaj\u00f3 en varios lugares, pero Teotihuac\u00e1n es uno de los m\u00e1s emblem\u00e1ticos, pues reconstruy\u00f3 (para bien o para mal, seg\u00fan la perspectiva hist\u00f3rica, acad\u00e9mica, conservacionista o el fin con que se mire ahora en el siglo XXI) la Pir\u00e1mide del Sol.<\/p>\n<p>El arque\u00f3logo se\u00f1al\u00f3 que hiz\u00f3 adem\u00e1s uno de los primeros museos de sitio:<\/p>\n<p>\u201cA \u00e9l se le debe la instauraci\u00f3n de la inspecci\u00f3n de monumentos, con lo que se busca vigilar todo lo relativo a excavaciones arqueol\u00f3gicas, a la protecci\u00f3n de monumentos, entre otras tareas.\u201d<\/p>\n<p>M\u00e1s tarde vendr\u00eda la creaci\u00f3n de la Escuela Internacional de Arqueolog\u00eda Etnolog\u00eda Americana a la cual se incorporaron adem\u00e1s de la arqueolog\u00eda, disciplinas ling\u00fc\u00edsticas y etnograf\u00eda, entre otras, y egresaron personajes como Manuel Gamio y Franz Boas.<\/p>\n<p>Record\u00f3 tambi\u00e9n que en 1825 en el primer gobierno independiente, por decreto presidencial de Guadalupe Victoria, se cre\u00f3 en la calle de Moneda en el Centro Hist\u00f3rico el Museo Nacional, antecedente del Museo Nacional de Antropolog\u00eda construido por Pedro Ram\u00edrez V\u00e1zquez en 1964 en el Bosque de Chapultepec, el cual fue declarado monumento nacional y sigue consider\u00e1ndose un hito en la historia de los museos hasta la actualidad.<\/p>\n<p>Cuando apareci\u00f3\u00a0<em>Arqueolog\u00eda el M\u00e9xico antiguo<\/em>, L\u00f3pez Lujan destac\u00f3 que se trata de una \u201cobra erudita\u2026 digna sucesora de la\u00a0<em>Historia de la arqueolog\u00eda en M\u00e9xico<\/em>\u201d, de Ignacio Bernal, publicada en 1979.<\/p>\n","protected":false},"excerpt":{"rendered":"<p>La arqueolog\u00eda mexicana, una historia de siglos JUDITH AMADOR TELLO CIUDAD DE M\u00c9XICO (apro).- La historia de la arqueolog\u00eda en M\u00e9xico se remonta al siglo XVI cuando a su llegada a Mesoam\u00e9rica, los espa\u00f1oles y europeos quedaron impresionados con el mundo tan diferente al suyo que encontraron y tuvieron el inter\u00e9s por conocerlo y documentarlo: [&hellip;]<\/p>\n","protected":false},"author":249,"featured_media":12397,"comment_status":"open","ping_status":"closed","sticky":false,"template":"","format":"standard","meta":{"footnotes":""},"categories":[1],"tags":[],"class_list":["post-12396","post","type-post","status-publish","format-standard","has-post-thumbnail","hentry","category-sin-categoria"],"_links":{"self":[{"href":"https:\/\/eloficiodehistoriar.com.mx\/index.php?rest_route=\/wp\/v2\/posts\/12396","targetHints":{"allow":["GET"]}}],"collection":[{"href":"https:\/\/eloficiodehistoriar.com.mx\/index.php?rest_route=\/wp\/v2\/posts"}],"about":[{"href":"https:\/\/eloficiodehistoriar.com.mx\/index.php?rest_route=\/wp\/v2\/types\/post"}],"author":[{"embeddable":true,"href":"https:\/\/eloficiodehistoriar.com.mx\/index.php?rest_route=\/wp\/v2\/users\/249"}],"replies":[{"embeddable":true,"href":"https:\/\/eloficiodehistoriar.com.mx\/index.php?rest_route=%2Fwp%2Fv2%2Fcomments&post=12396"}],"version-history":[{"count":1,"href":"https:\/\/eloficiodehistoriar.com.mx\/index.php?rest_route=\/wp\/v2\/posts\/12396\/revisions"}],"predecessor-version":[{"id":12398,"href":"https:\/\/eloficiodehistoriar.com.mx\/index.php?rest_route=\/wp\/v2\/posts\/12396\/revisions\/12398"}],"wp:featuredmedia":[{"embeddable":true,"href":"https:\/\/eloficiodehistoriar.com.mx\/index.php?rest_route=\/wp\/v2\/media\/12397"}],"wp:attachment":[{"href":"https:\/\/eloficiodehistoriar.com.mx\/index.php?rest_route=%2Fwp%2Fv2%2Fmedia&parent=12396"}],"wp:term":[{"taxonomy":"category","embeddable":true,"href":"https:\/\/eloficiodehistoriar.com.mx\/index.php?rest_route=%2Fwp%2Fv2%2Fcategories&post=12396"},{"taxonomy":"post_tag","embeddable":true,"href":"https:\/\/eloficiodehistoriar.com.mx\/index.php?rest_route=%2Fwp%2Fv2%2Ftags&post=12396"}],"curies":[{"name":"wp","href":"https:\/\/api.w.org\/{rel}","templated":true}]}}