{"id":124,"date":"2008-05-25T16:55:49","date_gmt":"2008-05-25T21:55:49","guid":{"rendered":"https:\/\/eloficiodehistoriar.com.mx\/?p=124"},"modified":"2008-05-25T16:55:49","modified_gmt":"2008-05-25T21:55:49","slug":"el-rio-de-la-canada-42-ojos-de-agua","status":"publish","type":"post","link":"https:\/\/eloficiodehistoriar.com.mx\/?p=124","title":{"rendered":"El R\u00edo de La Ca\u00f1ada: 42 ojos de agua"},"content":{"rendered":"<p><span style=\"font-size: 18pt; font-family: Arial\">El R\u00edo de <st1:personname ProductID=\"La Ca?ada\" w:st=\"on\">La Ca\u00f1ada<\/st1:personname>, los 42 ojos de agua del Capul\u00edn y el Acueducto de Quer\u00e9taro.<o:p><\/o:p><\/span><o:p><font face=\"Times New Roman\">\u00a0<\/font><\/o:p><o:p><\/o:p><span style=\"font-family: Arial\"><o:p>\u00a0<\/o:p><\/span><\/p>\n<p style=\"margin: 0cm 0cm 0pt; text-align: justify\" class=\"MsoNormal\"><span style=\"font-family: Arial\"><\/span><\/p>\n<p style=\"margin: 0cm 0cm 0pt; text-align: justify\" class=\"MsoNormal\"><span style=\"font-family: Arial\"><\/span><\/p>\n<p><span style=\"font-family: Arial\">1738 \u2013<span>\u00a0\u00a0 <\/span><st1:metricconverter ProductID=\"30 litros\" w:st=\"on\">30 litros<\/st1:metricconverter> por segundo<span>\u00a0 <\/span>\u201cTrazo del Marqu\u00e9s\u201d (166 a\u00f1os)<o:p><\/o:p><\/span><span style=\"font-family: Arial\">1904 _<span>\u00a0\u00a0 <\/span><st1:metricconverter ProductID=\"60 litros\" w:st=\"on\">60 litros<\/st1:metricconverter> por segundo<span>\u00a0\u00a0 <\/span>\u201cTrazo porfiriano\u201d<span>\u00a0 <\/span>(42 a\u00f1os)<o:p><\/o:p><\/span><span style=\"font-family: Arial\">1946 _<span>\u00a0\u00a0 <\/span><st1:metricconverter ProductID=\"90 litros\" w:st=\"on\">90 litros<\/st1:metricconverter> por segundo<span>\u00a0\u00a0\u00a0 <\/span>Gobierno de Agapito Pozo (15 a\u00f1os)<o:p><\/o:p><\/span><span style=\"font-family: Arial\">1949 _<span>\u00a0\u00a0 <\/span>Se tapa el ca\u00f1o del acueducto para evitar la contaminaci\u00f3n del agua<o:p><\/o:p><\/span><span style=\"font-family: Arial\">1961 _<span>\u00a0\u00a0 <\/span>Se excava el primer pozo en <st1:personname ProductID=\"La Alberca\" w:st=\"on\">La Alberca<\/st1:personname><o:p><\/o:p><\/span><span style=\"font-family: Arial\"><o:p>\u00a0<\/o:p><\/span><\/p>\n<p style=\"margin: 0cm 0cm 0pt; text-align: justify\" class=\"MsoNormal\"><span style=\"font-family: Arial\"><\/span><\/p>\n<p style=\"margin: 0cm 0cm 0pt; text-align: justify\" class=\"MsoNormal\"><span style=\"font-family: Arial\"><\/span><\/p>\n<p><span style=\"font-family: Arial\">Por el poniente las corrientes que bajan de <st1:personname ProductID=\"La Machorra\" w:st=\"on\">La Machorra<\/st1:personname>, de Palo Alto, de Calamanda, El Ahorcado, sum\u00e1ndose las que bajan del Pinal del Zamorano, pasando por Chichimequillas, Presa de Rayas, Atongo, Amazcala, <st1:personname ProductID=\"La Griega\" w:st=\"on\">La Griega<\/st1:personname>, El Colorado, y Saldarriaga, forman el R\u00edo de <st1:personname ProductID=\"La Ca?ada\" w:st=\"on\">La Ca\u00f1ada<\/st1:personname>, que pasando por Quer\u00e9taro, se incorpora al R\u00edo <st1:personname ProductID=\"La Laja\" w:st=\"on\">La Laja<\/st1:personname>, afluente de la laguna de Chapala, que despu\u00e9s con el nombre de R\u00edo Lerma desemboca en el Oc\u00e9ano Pac\u00edfico.<o:p><\/o:p><\/span><span style=\"font-family: Arial\"><o:p>\u00a0<\/o:p><\/span><\/p>\n<p style=\"margin: 0cm 0cm 0pt; text-align: justify\" class=\"MsoNormal\"><span style=\"font-family: Arial\"><\/span><\/p>\n<p style=\"margin: 0cm 0cm 0pt; text-align: justify\" class=\"MsoNormal\"><span style=\"font-family: Arial\"><\/span><\/p>\n<p><span style=\"font-family: Arial\">Documento de testigos de vista se\u00f1alan all\u00e1 por el 11 de enero de 1572 que se dot\u00f3 a cada uno de los habitantes de Quer\u00e9taro de solares para construir sus casas y de acequias derivadas del R\u00edo de La ca\u00f1ada para el riego de sus huertos.<o:p><\/o:p><\/span><span style=\"font-family: Arial\"><o:p>\u00a0<\/o:p><\/span><\/p>\n<p style=\"margin: 0cm 0cm 0pt; text-align: justify\" class=\"MsoNormal\"><span style=\"font-family: Arial\"><\/span><\/p>\n<p style=\"margin: 0cm 0cm 0pt; text-align: justify\" class=\"MsoNormal\"><span style=\"font-family: Arial\"><\/span><\/p>\n<p><span style=\"font-family: Arial\">A principios del siglo XVlll, el sistema reticular de Quer\u00e9taro, provoc\u00f3 que la peste cundiera en forma r\u00e1pida en la poblaci\u00f3n, que la ropa infectada se lavara en el r\u00edo, contamin\u00e1ndolo, agregando que all\u00ed eran arrojados los rehechos qu\u00edmicos de los colorantes de los obrajes, de las tener\u00edas y de las f\u00e1brica de tabaco, acabando con el agua potable en la ciudad.<o:p><\/o:p><\/span><span style=\"font-family: Arial\"><o:p>\u00a0<\/o:p><\/span><\/p>\n<p style=\"margin: 0cm 0cm 0pt; text-align: justify\" class=\"MsoNormal\"><span style=\"font-family: Arial\"><\/span><\/p>\n<p style=\"margin: 0cm 0cm 0pt; text-align: justify\" class=\"MsoNormal\"><span style=\"font-family: Arial\"><\/span><\/p>\n<p><span style=\"font-family: Arial\">Debido a esas circunstancias lleg\u00f3 a Quer\u00e9taro del Regidor vitalicio de la ciudad de M\u00e9xico, Obrero Mayor y Alcalde de <st1:personname ProductID=\"La Alameda\" w:st=\"on\">La Alameda<\/st1:personname>, Juan Antonio de Urrutia y Arana, P\u00e9rez de Ironiza y Ech\u00e1varri, Guerrero y D\u00e1vila, Marqu\u00e9s de <st1:personname ProductID=\"la Villa\" w:st=\"on\">la Villa<\/st1:personname> del Villar del \u00c1guila, miembro de la orden militar de Alc\u00e1ntara, con conocimientos de acueductos y arcadas de estilo romano en Espa\u00f1a, principalmente en las ciudades de Segovia, M\u00e9rida y Terragona, por haber intervenido en la conservaci\u00f3n y funcionamiento del Acueducto de Chapultepec y de Los Arcos de Belem y de Los Remedios.<o:p><\/o:p><\/span><span style=\"font-family: Arial\"><o:p>\u00a0<\/o:p><\/span><\/p>\n<p style=\"margin: 0cm 0cm 0pt; text-align: justify\" class=\"MsoNormal\"><span style=\"font-family: Arial\"><\/span><\/p>\n<p style=\"margin: 0cm 0cm 0pt; text-align: justify\" class=\"MsoNormal\"><span style=\"font-family: Arial\"><\/span><\/p>\n<p><span style=\"font-family: Arial\">El Marqu\u00e9s concibi\u00f3 la construcci\u00f3n de los maravillosos Arcos de Quer\u00e9taro, para salvar la hondonada de Carretas, , localizar un sitio elevado en el barrio de <st1:personname ProductID=\"La Cruz\" w:st=\"on\">La Cruz<\/st1:personname>, que asentara un tanque de distribuci\u00f3n que hiciera llegar por gravedad el agua a la ciudad.<o:p><\/o:p><\/span><span style=\"font-family: Arial\"><o:p>\u00a0<\/o:p><\/span><\/p>\n<p style=\"margin: 0cm 0cm 0pt; text-align: justify\" class=\"MsoNormal\"><span style=\"font-family: Arial\"><\/span><\/p>\n<p style=\"margin: 0cm 0cm 0pt; text-align: justify\" class=\"MsoNormal\"><span style=\"font-family: Arial\"><\/span><\/p>\n<p><span style=\"font-family: Arial\">El manantial de agua del Capul\u00edn, con 42 ojos de agua, <st1:personname ProductID=\"la Cantera\" w:st=\"on\">la Cantera<\/st1:personname> y la mano de obra de los habitantes ind\u00edgenas de <st1:personname ProductID=\"La Ca?ada\" w:st=\"on\">La Ca\u00f1ada<\/st1:personname>, esta obra hubiera sido imposible para Quer\u00e9taro, urgido de agua potable.<o:p><\/o:p><\/span><span style=\"font-family: Arial\"><o:p>\u00a0<\/o:p><\/span><\/p>\n<p style=\"margin: 0cm 0cm 0pt; text-align: justify\" class=\"MsoNormal\"><span style=\"font-family: Arial\"><\/span><\/p>\n<p style=\"margin: 0cm 0cm 0pt; text-align: justify\" class=\"MsoNormal\"><span style=\"font-family: Arial\"><\/span><\/p>\n<p><span style=\"font-family: Arial\">Este manantial se conocer\u00e1 como <st1:personname ProductID=\"La Alberca\" w:st=\"on\">La Alberca<\/st1:personname>, porque a su alrededor se construy\u00f3 un alto muro que serv\u00eda para contener al agua y desviarla hacia el poniente o hacia Quer\u00e9taro atravesando las huertas por medio de un ca\u00f1o estrecho y hondo, construido con piedra bola y mezcla de cal viva tratada con baba de nopal, usual en la \u00e9poca y se le conoce como \u201cTrazo del Marqu\u00e9s\u201d.<o:p><\/o:p><\/span><span style=\"font-family: Arial\"><o:p>\u00a0<\/o:p><\/span><\/p>\n<p style=\"margin: 0cm 0cm 0pt; text-align: justify\" class=\"MsoNormal\"><span style=\"font-family: Arial\"><\/span><\/p>\n<p style=\"margin: 0cm 0cm 0pt; text-align: justify\" class=\"MsoNormal\"><span style=\"font-family: Arial\"><\/span><\/p>\n<p><span style=\"font-family: Arial\">Desde 1738 el trazo del acueducto oper\u00f3 satisfactoriamente, por<span>\u00a0 <\/span>166 a\u00f1os, conduciendo <st1:metricconverter ProductID=\"30 litros\" w:st=\"on\">30 litros<\/st1:metricconverter> por segundo ala ciudad de Quer\u00e9taro.<o:p><\/o:p><\/span><span style=\"font-family: Arial\"><o:p>\u00a0<\/o:p><\/span><\/p>\n<p style=\"margin: 0cm 0cm 0pt; text-align: justify\" class=\"MsoNormal\"><span style=\"font-family: Arial\"><\/span><\/p>\n<p style=\"margin: 0cm 0cm 0pt; text-align: justify\" class=\"MsoNormal\"><span style=\"font-family: Arial\"><\/span><\/p>\n<p><span style=\"font-family: Arial\">En el dictamen geol\u00f3gico del Ing. en minas, Juan de Dios Villarello,<span>\u00a0 <\/span>del 30 de diciembre de 1904, que para satisfacer la demanda de agua potable para Quer\u00e9taro se instalara una compuerta en la parte norte de <st1:personname ProductID=\"La Alberca\" w:st=\"on\">La Alberca<\/st1:personname> y se realiz\u00f3 un nuevo trazo del acueducto, logrando llevar el doble del volumen de agua, o sea <st1:metricconverter ProductID=\"60 litros\" w:st=\"on\">60 litros<\/st1:metricconverter> por segundo, a esta obra se le conoce como \u201cTrazo porfiriano del Acueducto\u201d.<o:p><\/o:p><\/span><span style=\"font-family: Arial\"><o:p>\u00a0<\/o:p><\/span><\/p>\n<p style=\"margin: 0cm 0cm 0pt; text-align: justify\" class=\"MsoNormal\"><span style=\"font-family: Arial\"><\/span><\/p>\n<p style=\"margin: 0cm 0cm 0pt; text-align: justify\" class=\"MsoNormal\"><span style=\"font-family: Arial\"><\/span><\/p>\n<p><span style=\"font-family: Arial\">Debido a nuevas exigencias de la ciudad, siendo gobernador del estado Agapito Pozo Balb\u00e1s, EN 1946 se levant\u00f3 el peralte del ca\u00f1o <st1:metricconverter ProductID=\"40 cent?metros\" w:st=\"on\">40 cent\u00edmetros<\/st1:metricconverter> permitiendo incrementar el volumen de agua hacia Quer\u00e9taro, en <st1:metricconverter ProductID=\"90 litros\" w:st=\"on\">90 litros<\/st1:metricconverter> por segundo.<o:p><\/o:p><\/span><span style=\"font-family: Arial\"><o:p>\u00a0<\/o:p><\/span><\/p>\n<p style=\"margin: 0cm 0cm 0pt; text-align: justify\" class=\"MsoNormal\"><span style=\"font-family: Arial\"><\/span><\/p>\n<p style=\"margin: 0cm 0cm 0pt; text-align: justify\" class=\"MsoNormal\"><span style=\"font-family: Arial\"><\/span><\/p>\n<p><span style=\"font-family: Arial\">Durante el gobierno de Octavio S Mondrag\u00f3n Guerra (1949-19559, se coloc\u00f3 un lomo de cemento arriba y a lo largo del Acueducto.<o:p><\/o:p><\/span><span style=\"font-family: Arial\"><o:p>\u00a0<\/o:p><\/span><\/p>\n<p style=\"margin: 0cm 0cm 0pt; text-align: justify\" class=\"MsoNormal\"><span style=\"font-family: Arial\"><\/span><\/p>\n<p style=\"margin: 0cm 0cm 0pt; text-align: justify\" class=\"MsoNormal\"><span style=\"font-family: Arial\"><\/span><\/p>\n<p><span style=\"font-family: Arial\">Durante el gobierno e Manuel Gonz\u00e1lez Cos\u00edo (1961-1967) se perfor\u00f3 el primer pozo en <st1:personname ProductID=\"La Alberca\" w:st=\"on\">La Alberca<\/st1:personname>, dando comienzo al desequilibrio ecol\u00f3gico, con la extracci\u00f3n de agua del subsuelo que ha continuado hasta la fecha en forma grave.<o:p><\/o:p><\/span><span style=\"font-family: Arial\"><o:p>\u00a0<\/o:p><\/span><\/p>\n<p style=\"margin: 0cm 0cm 0pt; text-align: justify\" class=\"MsoNormal\"><span style=\"font-family: Arial\"><\/span><\/p>\n<p style=\"margin: 0cm 0cm 0pt; text-align: justify\" class=\"MsoNormal\"><span style=\"font-family: Arial\"><\/span><\/p>\n<p><span style=\"font-family: Arial\">Al abatirse los mantos fri\u00e1ticos dejaron reverterse los excedentes de agua al R\u00edo de <st1:personname ProductID=\"La Ca?ada\" w:st=\"on\">La Ca\u00f1ada<\/st1:personname> y la desaparici\u00f3n de m\u00faltiples manantiales empleaos para diferentes usos.<o:p><\/o:p><\/span><span style=\"font-family: Arial\"><o:p>\u00a0<\/o:p><\/span><\/p>\n<p style=\"margin: 0cm 0cm 0pt; text-align: justify\" class=\"MsoNormal\"><span style=\"font-family: Arial\"><\/span><\/p>\n<p style=\"margin: 0cm 0cm 0pt; text-align: justify\" class=\"MsoNormal\"><span style=\"font-family: Arial\"><\/span><\/p>\n<p><span style=\"font-family: Arial\">Diego de Tapia, hijo de Con\u00edn, construy\u00f3 El Molino Colorado, con la intenci\u00f3n de construir tres molinos escalonados y de all\u00ed surgi\u00f3 lo que ahora conocemos como la poblaci\u00f3n de \u201cEl H\u00e9rcules\u201d , obra que se comenz\u00f3 en 1634 despu\u00e9s de la muerte de \u00e9ste, con la construcci\u00f3n de la llamada<span>\u00a0 <\/span>\u201cPresa del Diablo\u201d. Sobre el r\u00edo de La ca\u00f1ada.<o:p><\/o:p><\/span><span style=\"font-family: Arial\"><o:p>\u00a0<\/o:p><\/span><\/p>\n<p style=\"margin: 0cm 0cm 0pt; text-align: justify\" class=\"MsoNormal\"><span style=\"font-family: Arial\"><\/span><\/p>\n<p style=\"margin: 0cm 0cm 0pt; text-align: justify\" class=\"MsoNormal\"><span style=\"font-family: Arial\"><\/span><\/p>\n<p><span style=\"font-family: Arial\">En 1838 Cayetano Rubio adquiri\u00f3 el Molino Colorado, con todos sus anexos: Tierras, manantial, presa, y los molinos de <st1:personname ProductID=\"La Pur?sima\" w:st=\"on\">La Pur\u00edsima<\/st1:personname> y San Antonio.<o:p><\/o:p><\/span><span style=\"font-family: Arial\"><o:p>\u00a0<\/o:p><\/span><\/p>\n<p style=\"margin: 0cm 0cm 0pt; text-align: justify\" class=\"MsoNormal\"><span style=\"font-family: Arial\"><\/span><\/p>\n<p style=\"margin: 0cm 0cm 0pt; text-align: justify\" class=\"MsoNormal\"><span style=\"font-family: Arial\"><\/span><\/p>\n<p><span style=\"font-family: Arial\">El acu\u00edfero de Los Socavones que vert\u00eda m\u00e1s de <st1:metricconverter ProductID=\"690 litros\" w:st=\"on\">690 litros<\/st1:metricconverter> por segundo al r\u00edo de La ca\u00f1ada, se le control\u00f3 con la famosa \u201cData\u201d, estrechamiento del r\u00edo, para cuando llegaba fuerte el agua del Zamorano,<span>\u00a0 <\/span>poder controlar la rueda hidr\u00e1ulica que mov\u00eda la maquinaria de 106 caballos de fuerza, ayudados con dos m\u00e1quinas de vapor de 115 caballos de potencia.<o:p><\/o:p><\/span><span style=\"font-family: Arial\"><o:p>\u00a0<\/o:p><\/span><span style=\"font-family: Arial\"><o:p>\u00a0<\/o:p><\/span><span style=\"font-family: Arial\"><o:p>\u00a0<\/o:p><\/span><span style=\"font-family: Arial\"><o:p>\u00a0<\/o:p><\/span><span style=\"font-family: Arial\"><o:p>\u00a0<\/o:p><\/span><span style=\"font-family: Arial\"><o:p>\u00a0<\/o:p><\/span><span style=\"font-family: Arial\"><o:p>\u00a0<\/o:p><\/span><span style=\"font-family: Arial\"><o:p>\u00a0<\/o:p><\/span><span style=\"font-family: Arial\"><o:p>\u00a0<\/o:p><\/span><\/p>\n","protected":false},"excerpt":{"rendered":"<p>El R\u00edo de La Ca\u00f1ada, los 42 ojos de agua del Capul\u00edn y el Acueducto de Quer\u00e9taro.\u00a0\u00a0 1738 \u2013\u00a0\u00a0 30 litros por segundo\u00a0 \u201cTrazo del Marqu\u00e9s\u201d (166 a\u00f1os)1904 _\u00a0\u00a0 60 litros por segundo\u00a0\u00a0 \u201cTrazo porfiriano\u201d\u00a0 (42 a\u00f1os)1946 _\u00a0\u00a0 90 litros por segundo\u00a0\u00a0\u00a0 Gobierno de Agapito Pozo (15 a\u00f1os)1949 _\u00a0\u00a0 Se tapa el ca\u00f1o del acueducto [&hellip;]<\/p>\n","protected":false},"author":249,"featured_media":0,"comment_status":"open","ping_status":"closed","sticky":false,"template":"","format":"standard","meta":{"footnotes":""},"categories":[8,6],"tags":[],"class_list":["post-124","post","type-post","status-publish","format-standard","hentry","category-ciudad-de-queretaro","category-valles-centrales"],"_links":{"self":[{"href":"https:\/\/eloficiodehistoriar.com.mx\/index.php?rest_route=\/wp\/v2\/posts\/124","targetHints":{"allow":["GET"]}}],"collection":[{"href":"https:\/\/eloficiodehistoriar.com.mx\/index.php?rest_route=\/wp\/v2\/posts"}],"about":[{"href":"https:\/\/eloficiodehistoriar.com.mx\/index.php?rest_route=\/wp\/v2\/types\/post"}],"author":[{"embeddable":true,"href":"https:\/\/eloficiodehistoriar.com.mx\/index.php?rest_route=\/wp\/v2\/users\/249"}],"replies":[{"embeddable":true,"href":"https:\/\/eloficiodehistoriar.com.mx\/index.php?rest_route=%2Fwp%2Fv2%2Fcomments&post=124"}],"version-history":[{"count":0,"href":"https:\/\/eloficiodehistoriar.com.mx\/index.php?rest_route=\/wp\/v2\/posts\/124\/revisions"}],"wp:attachment":[{"href":"https:\/\/eloficiodehistoriar.com.mx\/index.php?rest_route=%2Fwp%2Fv2%2Fmedia&parent=124"}],"wp:term":[{"taxonomy":"category","embeddable":true,"href":"https:\/\/eloficiodehistoriar.com.mx\/index.php?rest_route=%2Fwp%2Fv2%2Fcategories&post=124"},{"taxonomy":"post_tag","embeddable":true,"href":"https:\/\/eloficiodehistoriar.com.mx\/index.php?rest_route=%2Fwp%2Fv2%2Ftags&post=124"}],"curies":[{"name":"wp","href":"https:\/\/api.w.org\/{rel}","templated":true}]}}