{"id":12436,"date":"2017-06-13T14:38:43","date_gmt":"2017-06-13T20:38:43","guid":{"rendered":"https:\/\/eloficiodehistoriar.com.mx\/?p=12436"},"modified":"2017-06-13T14:38:43","modified_gmt":"2017-06-13T20:38:43","slug":"ciudad-que-la-vio-nacer-hace-200-anos-celebra-a-la-bicicleta","status":"publish","type":"post","link":"https:\/\/eloficiodehistoriar.com.mx\/?p=12436","title":{"rendered":"Ciudad que la vio nacer, hace 200 a\u00f1os&#8230; celebra a la bicicleta"},"content":{"rendered":"<h1 style=\"text-align: center;\">Ciudad que la vio nacer hace 200 a\u00f1os celebra a la bicicleta<\/h1>\n<p>&nbsp;<\/p>\n<p><em>Mannheim<\/em>. La ciudad alemana de Mannheim celebra a partir de hoy con un festival de dos d\u00edas la invenci\u00f3n de la bicicleta hace 200 a\u00f1os.<\/p>\n<p>El centro de esta ciudad en el suroeste alem\u00e1n se pobl\u00f3 de artistas y m\u00fasicos callejeros y un sinn\u00famero de puestos informativos en torno a la bicicleta. Junto a la hist\u00f3rica Torre de Agua de Mannheim, fabricantes de bicicletas mostraban sus novedades.<\/p>\n<p>El inventor alem\u00e1n Karl Drais present\u00f3 el 12 de junio de 1817 por primera vez ante un gran p\u00fablico un artefacto al que dio el nombre de\u00a0<em>Laufmaschine<\/em>\u00a0(m\u00e1quina andante), considerado el primer prototipo de la bicicleta.<\/p>\n<p>Constaba de una rueda trasera y una delantera unidas con un cuadro de madera, un sill\u00edn y un manubrio con el cual el conductor se impulsaba con los pies en el suelo y se dejaba rodar. Drais efectu\u00f3 ese d\u00eda el trayecto de ida y vuelta entre Mannheim y la vecina Schwetzingen, unos 14 kil\u00f3metros, en menos de una hora y a mayor velocidad que una diligencia.<\/p>\n<p>El veloc\u00edpedo, tambi\u00e9n conocido como Draisina, no le depar\u00f3 \u00e9xito comercial, pero Drais dej\u00f3 de legado la idea de dos ruedas impulsadas por la fuerza muscular que conquist\u00f3 el mundo de forma paulatina.<\/p>\n<p>A\u00f1os m\u00e1s tarde, en 1879, el brit\u00e1nico Henry John Lawson invent\u00f3 la propulsi\u00f3n por cadena para la rueda trasera y en 1885, su compatriota John Kemp Starley patentaba la primera bicicleta con un sistema de cadena integrado a las dos ruedas, frenos y gomas con c\u00e1mara de aire desarrollados por el irland\u00e9s John Boyd Dunlop. As\u00ed se convert\u00eda la bicicleta en un medio de transporte masivo.<\/p>\n<p>&nbsp;<\/p>\n","protected":false},"excerpt":{"rendered":"<p>Ciudad que la vio nacer hace 200 a\u00f1os celebra a la bicicleta &nbsp; Mannheim. La ciudad alemana de Mannheim celebra a partir de hoy con un festival de dos d\u00edas la invenci\u00f3n de la bicicleta hace 200 a\u00f1os. El centro de esta ciudad en el suroeste alem\u00e1n se pobl\u00f3 de artistas y m\u00fasicos callejeros y [&hellip;]<\/p>\n","protected":false},"author":249,"featured_media":12437,"comment_status":"open","ping_status":"closed","sticky":false,"template":"","format":"standard","meta":{"footnotes":""},"categories":[1],"tags":[],"class_list":["post-12436","post","type-post","status-publish","format-standard","has-post-thumbnail","hentry","category-sin-categoria"],"_links":{"self":[{"href":"https:\/\/eloficiodehistoriar.com.mx\/index.php?rest_route=\/wp\/v2\/posts\/12436","targetHints":{"allow":["GET"]}}],"collection":[{"href":"https:\/\/eloficiodehistoriar.com.mx\/index.php?rest_route=\/wp\/v2\/posts"}],"about":[{"href":"https:\/\/eloficiodehistoriar.com.mx\/index.php?rest_route=\/wp\/v2\/types\/post"}],"author":[{"embeddable":true,"href":"https:\/\/eloficiodehistoriar.com.mx\/index.php?rest_route=\/wp\/v2\/users\/249"}],"replies":[{"embeddable":true,"href":"https:\/\/eloficiodehistoriar.com.mx\/index.php?rest_route=%2Fwp%2Fv2%2Fcomments&post=12436"}],"version-history":[{"count":1,"href":"https:\/\/eloficiodehistoriar.com.mx\/index.php?rest_route=\/wp\/v2\/posts\/12436\/revisions"}],"predecessor-version":[{"id":12438,"href":"https:\/\/eloficiodehistoriar.com.mx\/index.php?rest_route=\/wp\/v2\/posts\/12436\/revisions\/12438"}],"wp:featuredmedia":[{"embeddable":true,"href":"https:\/\/eloficiodehistoriar.com.mx\/index.php?rest_route=\/wp\/v2\/media\/12437"}],"wp:attachment":[{"href":"https:\/\/eloficiodehistoriar.com.mx\/index.php?rest_route=%2Fwp%2Fv2%2Fmedia&parent=12436"}],"wp:term":[{"taxonomy":"category","embeddable":true,"href":"https:\/\/eloficiodehistoriar.com.mx\/index.php?rest_route=%2Fwp%2Fv2%2Fcategories&post=12436"},{"taxonomy":"post_tag","embeddable":true,"href":"https:\/\/eloficiodehistoriar.com.mx\/index.php?rest_route=%2Fwp%2Fv2%2Ftags&post=12436"}],"curies":[{"name":"wp","href":"https:\/\/api.w.org\/{rel}","templated":true}]}}