{"id":12442,"date":"2017-06-13T14:46:35","date_gmt":"2017-06-13T20:46:35","guid":{"rendered":"https:\/\/eloficiodehistoriar.com.mx\/?p=12442"},"modified":"2017-06-13T14:46:35","modified_gmt":"2017-06-13T20:46:35","slug":"el-disgusto-de-lorca-sin-plaza-en-la-residencia-de-estudiantes","status":"publish","type":"post","link":"https:\/\/eloficiodehistoriar.com.mx\/?p=12442","title":{"rendered":"El disgusto de Lorca: sin plaza en la Residencia de Estudiantes"},"content":{"rendered":"<p class=\"x_MsoNormal\">El disgusto de Lorca: sin plaza en la Residencia de Estudiantes<\/p>\n<p class=\"x_MsoNormal\">Una correspondencia in\u00e9dita y estudiada por Roger Tinnell del poeta con el m\u00fasico Adolfo Salazar desvela el empe\u00f1o del poeta por ingresar un a\u00f1o m\u00e1s en el centro con sus amigos<\/p>\n<p class=\"x_MsoNormal\">JES\u00daS RUIZ MANTILLA<\/p>\n<p class=\"x_MsoNormal\">Madrid<\/p>\n<p class=\"x_MsoNormal\">En ese oasis madrile\u00f1o que es la colina de los chopos a\u00fan se puede sentir la presencia de Federico Garc\u00eda Lorca. La Residencia de Estudiantes conserva las mismas fachadas en la calle Pinar, los mismos espacios traseros que emulan un campus de prestigio con toque anglosaj\u00f3n e incluso el jard\u00edn con acequia donde Juan Ram\u00f3n Jim\u00e9nez plant\u00f3 sus adelfas.<\/p>\n<p class=\"x_MsoNormal\">Era el paisaje que le ayud\u00f3 a abrir los ojos en su juventud, junto a sus compa\u00f1eros de farras inventivas, cuando como orgullosos integrantes de los putrefactos, ese surrealismo germinal espa\u00f1ol, se abr\u00edan a la vanguardia y todos los caminos del arte. Pero hubo unos meses en que el poeta se qued\u00f3 fuera. Por tardar en hacer la inscripci\u00f3n.<\/p>\n<p class=\"x_MsoNormal\">\n<p class=\"x_MsoNormal\">Es lo que desvelan las euf\u00f3ricas, cari\u00f1osas y desinhibidas cartas que se cruz\u00f3 en esa \u00e9poca con su amigo m\u00fasico y cr\u00edtico, Adolfo Salazar. Un correo in\u00e9dito que el music\u00f3logo y experto en la generaci\u00f3n de la Edad de Plata, Roger Tinnell, ha analizado en el archivo de la Residencia. Ha sido despu\u00e9s de que llegara el legado de Salazar desde M\u00e9xico \u2014donde este se exili\u00f3 hasta su muerte en 1959\u2014 a Madrid. \u201cFueron grandes amigos. Le ayud\u00f3 cuando era muy joven y contribuy\u00f3 a lanzar su carrera. Desde que lo conoci\u00f3 en 1919 se volvieron muy c\u00f3mplices\u201d, afirma Tinnell.<\/p>\n<p class=\"x_MsoNormal\">\n<p class=\"x_MsoNormal\">Por el tono, queda claro. A trav\u00e9s de sus l\u00edneas comentan el arte, la vida y las preferencias entre los hombres envueltas en los c\u00f3digos gais de la \u00e9poca, aunque abiertamente. \u201cNo tuvieron ninguna relaci\u00f3n amorosa, pero s\u00ed una franca amistad donde cab\u00edan, claro, las confidencias\u201d.<\/p>\n<p class=\"x_MsoNormal\">\n<p class=\"x_MsoNormal\">Entre ellas, la rabia que le dio quedarse en 1922 sin plaza en Madrid. \u201cEn la carta sugiere que no quiere ir a otra pensi\u00f3n porque le asustan, dice, los ambientes Baroja y Gald\u00f3s\u201d. Tambi\u00e9n le camela para que hable con Alberto Jim\u00e9nez Fraud, el director del centro: \u201c\u00bfIr\u00e9 a Madrid? Gestiona t\u00fa algo\u2026. pero muy delicadamente y sin decir que yo te lo he dicho. \u00a1Qu\u00e9 fastidio!\u2026. y qu\u00e9 ni\u00f1o soy. Me figuraba que ir a la Residencia era cosa de decir voy y ya est\u00e1\u201d. Lorca lo suplica porque dice ahogarse en Granada y que necesita ir para darse un ba\u00f1o de amistad.<\/p>\n<p class=\"x_MsoNormal\">\n<p class=\"x_MsoNormal\">\u201c\u00bfIr\u00e9 a Madrid? Gestiona t\u00fa algo\u2026. pero muy delicadamente y sin decir que yo te lo he dicho. \u00a1Qu\u00e9 fastidio!\u2026.\u00bb, se queja Lorca en una de las cartas<\/p>\n<p class=\"x_MsoNormal\">No pod\u00eda soportar la idea de quedar sin el fuselaje que le proporcionaban Dal\u00ed, Bu\u00f1uel, Pep\u00edn Bello\u2026 Meses ausente de esa sala de conferencias por las que pasaron madame Curie, Albert Einstein, Igor Stravinski\u2026 Sin las vitaminas de sus correligionarios po\u00e9ticos y artistas, sin la posibilidad de respirar teatro, sin esas sesiones de espiritismo, g\u00fcija e hipnosis en las que le encantaba hacerse el muerto.<\/p>\n<p class=\"x_MsoNormal\">\n<p class=\"x_MsoNormal\">Tambi\u00e9n en las cartas resuena un presentimiento de tragedia, tan transparente en su obra. \u201cPocos han sido tan conscientes de la posibilidad de martirio como lo fue \u00e9l\u201d, asegura Tinnell. De hecho, en una de las cartas, escribe: \u201cMientras yo viva creo firmemente (como crees t\u00fa) que he venido a la tierra para ser Perseo, para ser H\u00e9rcules, para ser Narciso, para ser Cristo\u201d.<\/p>\n<p class=\"x_MsoNormal\">\n<p class=\"x_MsoNormal\">Como m\u00ednimo, tama\u00f1a confesi\u00f3n, congela la sangre. Es el Lorca visionario de la muerte, el poeta de las pertinentes profec\u00edas, el autor de versos como: \u00abAs\u00ed hablaba yo cuando Saturno detuvo los trenes\/ Y la bruma y el Sue\u00f1o y la Muerte me estaban buscando\/ Me estaban buscando&#8230; (Poema doble del lago Eden). Un Lorca \u00edntimo que demuestra la confianza y la amistad que le une a Salazar. No extra\u00f1a, comenta Tinnell, \u201cel m\u00fasico ten\u00eda predicamento en la poes\u00eda espa\u00f1ola de la \u00e9poca y hab\u00eda escrito un art\u00edculo en El sol en 1919 titulado: Un nuevo poeta. Federico G. Lorca, que ayuda en gran medida a catapultarlo\u201d.<\/p>\n<p class=\"x_MsoNormal\">\n<p class=\"x_MsoNormal\">Compart\u00edan adem\u00e1s amistad con Falla, mencionado en las cartas, as\u00ed como con otros m\u00fasicos como el guitarrista Regino Sainz de la Maza o el compositor Roberto Gerhard. Junto a Salazar, Lorca comparte otra de sus facetas esenciales: la m\u00fasica. \u201cQuiso dedicarse a ello en un tiempo. Pero no lo ve\u00edan bien en su familia, quer\u00edan que estudiara Derecho\u201d. Algo que hizo, por cumplir expediente, sin pena ni gloria. Consciente de que no hab\u00eda venido a este mundo para batirse por intereses ajenos en los tribunales. Sino a fijar el rumbo de la poes\u00eda y el teatro futuros. Mientras pudo.<\/p>\n<p class=\"x_MsoNormal\">\n<p class=\"x_MsoNormal\">\u201cEn su casa, sobre todo su madre, andaban preocupados por lo que Federico hac\u00eda en Madrid y por ciertas amistades\u201d, asegura Tinnell. Los c\u00edrculos m\u00e1gicos tienen eso, que asustan a los mortales si se cubren de cierta excentricidad y misterio. Y de eso, tanto a Lorca como a Bu\u00f1uel o Dal\u00ed, no les falt\u00f3 nunca. El hijo de un terrateniente de la Vega de Granada que lanzaba verdades como pu\u00f1ales a la cara de un pa\u00eds incendiado, el macarra de Calanda (Teruel) que quer\u00eda ser boxeador y acab\u00f3 revolucionando el cine mundial y el escu\u00e1lido artista de Figueres, con pinta de mohicano, conformaron, desde esa bendita logia de amistades de la Residencia un caudal de diamantes para la cultura universal del siglo XX.<\/p>\n","protected":false},"excerpt":{"rendered":"<p>El disgusto de Lorca: sin plaza en la Residencia de Estudiantes Una correspondencia in\u00e9dita y estudiada por Roger Tinnell del poeta con el m\u00fasico Adolfo Salazar desvela el empe\u00f1o del poeta por ingresar un a\u00f1o m\u00e1s en el centro con sus amigos JES\u00daS RUIZ MANTILLA Madrid En ese oasis madrile\u00f1o que es la colina de [&hellip;]<\/p>\n","protected":false},"author":249,"featured_media":12443,"comment_status":"open","ping_status":"closed","sticky":false,"template":"","format":"standard","meta":{"footnotes":""},"categories":[1],"tags":[],"class_list":["post-12442","post","type-post","status-publish","format-standard","has-post-thumbnail","hentry","category-sin-categoria"],"_links":{"self":[{"href":"https:\/\/eloficiodehistoriar.com.mx\/index.php?rest_route=\/wp\/v2\/posts\/12442","targetHints":{"allow":["GET"]}}],"collection":[{"href":"https:\/\/eloficiodehistoriar.com.mx\/index.php?rest_route=\/wp\/v2\/posts"}],"about":[{"href":"https:\/\/eloficiodehistoriar.com.mx\/index.php?rest_route=\/wp\/v2\/types\/post"}],"author":[{"embeddable":true,"href":"https:\/\/eloficiodehistoriar.com.mx\/index.php?rest_route=\/wp\/v2\/users\/249"}],"replies":[{"embeddable":true,"href":"https:\/\/eloficiodehistoriar.com.mx\/index.php?rest_route=%2Fwp%2Fv2%2Fcomments&post=12442"}],"version-history":[{"count":1,"href":"https:\/\/eloficiodehistoriar.com.mx\/index.php?rest_route=\/wp\/v2\/posts\/12442\/revisions"}],"predecessor-version":[{"id":12444,"href":"https:\/\/eloficiodehistoriar.com.mx\/index.php?rest_route=\/wp\/v2\/posts\/12442\/revisions\/12444"}],"wp:featuredmedia":[{"embeddable":true,"href":"https:\/\/eloficiodehistoriar.com.mx\/index.php?rest_route=\/wp\/v2\/media\/12443"}],"wp:attachment":[{"href":"https:\/\/eloficiodehistoriar.com.mx\/index.php?rest_route=%2Fwp%2Fv2%2Fmedia&parent=12442"}],"wp:term":[{"taxonomy":"category","embeddable":true,"href":"https:\/\/eloficiodehistoriar.com.mx\/index.php?rest_route=%2Fwp%2Fv2%2Fcategories&post=12442"},{"taxonomy":"post_tag","embeddable":true,"href":"https:\/\/eloficiodehistoriar.com.mx\/index.php?rest_route=%2Fwp%2Fv2%2Ftags&post=12442"}],"curies":[{"name":"wp","href":"https:\/\/api.w.org\/{rel}","templated":true}]}}