{"id":125,"date":"2008-05-25T19:36:43","date_gmt":"2008-05-26T00:36:43","guid":{"rendered":"https:\/\/eloficiodehistoriar.com.mx\/?p=125"},"modified":"2008-05-25T19:36:43","modified_gmt":"2008-05-26T00:36:43","slug":"a-40-anos-de-la-humanae-vitae-de-paulo-vl","status":"publish","type":"post","link":"https:\/\/eloficiodehistoriar.com.mx\/?p=125","title":{"rendered":"A 40 a\u00f1os de la \u00abHumanae Vitae\u00bb de Paulo Vl"},"content":{"rendered":"<p><span style=\"font-family: Arial\"><o:p><\/o:p><\/span><span style=\"font-family: Arial\"><o:p>Papa PauloVl\u00a0<\/o:p><\/span><span style=\"font-family: Arial\"><o:p>\u00a0<\/o:p><\/span><\/p>\n<p style=\"margin: 0cm 0cm 0pt; text-align: justify\" class=\"MsoNormal\"><span style=\"font-family: Arial\"><\/span><\/p>\n<p style=\"margin: 0cm 0cm 0pt; text-align: justify\" class=\"MsoNormal\"><span style=\"font-family: Arial\"><\/span><\/p>\n<p><span style=\"font-family: Arial\">Hijo de un abogado y de una piadosa mujer, Giovanni Battista Montini, despu\u00e9s Paulo Vl, naci\u00f3 en Concesio, cerca de Brescia, el 26 de septiembre de 1897. <o:p><\/o:p><\/span><span style=\"font-family: Arial\"><o:p>\u00a0<\/o:p><\/span><\/p>\n<p style=\"margin: 0cm 0cm 0pt; text-align: justify\" class=\"MsoNormal\"><span style=\"font-family: Arial\"><\/span><\/p>\n<p style=\"margin: 0cm 0cm 0pt; text-align: justify\" class=\"MsoNormal\"><span style=\"font-family: Arial\"><\/span><\/p>\n<p><span style=\"font-family: Arial\">Desde peque\u00f1o Giovanni se caracteriz\u00f3 por una gran timidez, as\u00ed como por un gran amor al estudio. <o:p><\/o:p><\/span><span style=\"font-family: Arial\"><o:p>\u00a0<\/o:p><\/span><\/p>\n<p style=\"margin: 0cm 0cm 0pt; text-align: justify\" class=\"MsoNormal\"><span style=\"font-family: Arial\"><\/span><\/p>\n<p style=\"margin: 0cm 0cm 0pt; text-align: justify\" class=\"MsoNormal\"><span style=\"font-family: Arial\"><\/span><\/p>\n<p><span style=\"font-family: Arial\">Fue un joven sacerdote con poca salud que acaba trabajando en <st1:personname ProductID=\"la Curia\" w:st=\"on\">la Curia<\/st1:personname> romana.<o:p><\/o:p><\/span><span style=\"font-family: Arial\"><o:p>\u00a0<\/o:p><\/span><\/p>\n<p style=\"margin: 0cm 0cm 0pt; text-align: justify\" class=\"MsoNormal\"><span style=\"font-family: Arial\"><\/span><\/p>\n<p style=\"margin: 0cm 0cm 0pt; text-align: justify\" class=\"MsoNormal\"><span style=\"font-family: Arial\"><\/span><\/p>\n<p><span style=\"font-family: Arial\">Acogiendo la llamada sacerdotal, Giovanni ingres\u00f3 a los 19 a\u00f1os al Seminario de Brescia. Ordenado presb\u00edtero el 29 de mayo de 1920, cuando ten\u00eda cumplidos 23 a\u00f1os, se dirigi\u00f3 a Roma para perfeccionar all\u00ed sus estudios teol\u00f3gicos. <o:p><\/o:p><\/span><span style=\"font-family: Arial\"><o:p>\u00a0<\/o:p><\/span><\/p>\n<p style=\"margin: 0cm 0cm 0pt; text-align: justify\" class=\"MsoNormal\"><span style=\"font-family: Arial\"><\/span><\/p>\n<p style=\"margin: 0cm 0cm 0pt; text-align: justify\" class=\"MsoNormal\"><span style=\"font-family: Arial\"><\/span><\/p>\n<p><span style=\"font-family: Arial\">All\u00ed mismo realiz\u00f3 estudios tambi\u00e9n en la academia pontificia de estudios diplom\u00e1ticos y en 1922 ingres\u00f3 al servicio papal como miembro de <st1:personname ProductID=\"la Secretar?a\" w:st=\"on\">la Secretar\u00eda<\/st1:personname> de Estado. <o:p><\/o:p><\/span><span style=\"font-family: Arial\"><o:p>\u00a0<\/o:p><\/span><\/p>\n<p style=\"margin: 0cm 0cm 0pt; text-align: justify\" class=\"MsoNormal\"><span style=\"font-family: Arial\"><\/span><\/p>\n<p style=\"margin: 0cm 0cm 0pt; text-align: justify\" class=\"MsoNormal\"><span style=\"font-family: Arial\"><\/span><\/p>\n<p><span style=\"font-family: Arial\">En mayo de 1923 se le nombr\u00f3 secretario del Nuncio en Varsovia, cargo que por su fr\u00e1gil salud tuvo que abandonar a finales del mismo a\u00f1o. <o:p><\/o:p><\/span><span style=\"font-family: Arial\"><o:p>\u00a0<\/o:p><\/span><\/p>\n<p style=\"margin: 0cm 0cm 0pt; text-align: justify\" class=\"MsoNormal\"><span style=\"font-family: Arial\"><\/span><\/p>\n<p style=\"margin: 0cm 0cm 0pt; text-align: justify\" class=\"MsoNormal\"><span style=\"font-family: Arial\"><\/span><\/p>\n<p><span style=\"font-family: Arial\">De vuelta en Roma, y trabajando nuevamente en <st1:personname ProductID=\"la Secretar?a\" w:st=\"on\">la Secretar\u00eda<\/st1:personname> de Estado de <st1:personname ProductID=\"la Santa Sede\" w:st=\"on\">la Santa Sede<\/st1:personname>, el padre Montini dedic\u00f3 gran parte de sus esfuerzos apost\u00f3licos al movimiento italiano de estudiantes cat\u00f3licos (1924-1933), ejerciendo all\u00ed una importante labor pastoral. <o:p><\/o:p><\/span><span style=\"font-family: Arial\"><o:p>\u00a0<\/o:p><\/span><\/p>\n<p style=\"margin: 0cm 0cm 0pt; text-align: justify\" class=\"MsoNormal\"><span style=\"font-family: Arial\"><\/span><\/p>\n<p style=\"margin: 0cm 0cm 0pt; text-align: justify\" class=\"MsoNormal\"><span style=\"font-family: Arial\"><\/span><\/p>\n<p><span style=\"font-family: Arial\">En <st1:metricconverter ProductID=\"1931, a\" w:st=\"on\">1931, a<\/st1:metricconverter> sus 32 a\u00f1os, le era asignada la c\u00e1tedra de Historia Diplom\u00e1tica en <st1:personname ProductID=\"la Academia Diplom?tica.\" w:st=\"on\">la Academia Diplom\u00e1tica.<\/st1:personname> <o:p><\/o:p><\/span><span style=\"font-family: Arial\"><o:p>\u00a0<\/o:p><\/span><\/p>\n<p style=\"margin: 0cm 0cm 0pt; text-align: justify\" class=\"MsoNormal\"><span style=\"font-family: Arial\"><\/span><\/p>\n<p style=\"margin: 0cm 0cm 0pt; text-align: justify\" class=\"MsoNormal\"><span style=\"font-family: Arial\"><\/span><\/p>\n<p><span style=\"font-family: Arial\">En 1937 fue nombrado asistente del Cardenal Pacelli, posteriormente P\u00edo Xll, quien por entonces se desempe\u00f1aba como Secretario de Estado. En este puesto de servicio Monse\u00f1or Montini prestar\u00eda un valioso apoyo en la ayuda que <st1:personname ProductID=\"la Santa Sede\" w:st=\"on\">la Santa Sede<\/st1:personname> brind\u00f3 a numerosos refugiados y presos de guerra. <o:p><\/o:p><\/span><span style=\"font-family: Arial\"><o:p>\u00a0<\/o:p><\/span><\/p>\n<p style=\"margin: 0cm 0cm 0pt; text-align: justify\" class=\"MsoNormal\"><span style=\"font-family: Arial\"><\/span><\/p>\n<p style=\"margin: 0cm 0cm 0pt; text-align: justify\" class=\"MsoNormal\"><span style=\"font-family: Arial\"><\/span><\/p>\n<p><span style=\"font-family: Arial\">Arzobispo y cardenal preparando el Concilio Vaticano II.<span>\u00a0 <\/span>En 1944, ya bajo el pontificado de S.S. P\u00edo XII, fue nombrado director de asuntos eclesi\u00e1sticos internos, y ocho a\u00f1os m\u00e1s tarde, Pro-secretario de Estado. <o:p><\/o:p><\/span><span style=\"font-family: Arial\"><o:p>\u00a0<\/o:p><\/span><\/p>\n<p style=\"margin: 0cm 0cm 0pt; text-align: justify\" class=\"MsoNormal\"><span style=\"font-family: Arial\"><\/span><\/p>\n<p style=\"margin: 0cm 0cm 0pt; text-align: justify\" class=\"MsoNormal\"><span style=\"font-family: Arial\"><\/span><\/p>\n<p><span style=\"font-family: Arial\">En 1954, el Papa P\u00edo XII lo nombr\u00f3 Arzobispo de Mil\u00e1n. El nuevo Arzobispo habr\u00eda de enfrentar muchos retos, siendo el m\u00e1s delicado de todos, el problema social. <o:p><\/o:p><\/span><span style=\"font-family: Arial\">Entreg\u00e1ndose con gran energ\u00eda al cuidado de la grey que se le confiaba, desarroll\u00f3 un plan pastoral que tendr\u00eda como puntos centrales la preocupaci\u00f3n por los problemas sociales, el acercamiento de los trabajadores industriales a <st1:personname ProductID=\"la Iglesia\" w:st=\"on\">la Iglesia<\/st1:personname>, y la renovaci\u00f3n de la vida lit\u00fargica. <o:p><\/o:p><\/span><span style=\"font-family: Arial\"><o:p>\u00a0<\/o:p><\/span><\/p>\n<p style=\"margin: 0cm 0cm 0pt; text-align: justify\" class=\"MsoNormal\"><span style=\"font-family: Arial\"><\/span><\/p>\n<p style=\"margin: 0cm 0cm 0pt; text-align: justify\" class=\"MsoNormal\"><span style=\"font-family: Arial\"><\/span><\/p>\n<p><span style=\"font-family: Arial\">Por el respeto y la confianza que supo ganarse por parte de la inmensa multitud de obreros, Montini ser\u00eda conocido como el \u00abArzobispo de los obreros\u00bb. <o:p><\/o:p><\/span><span style=\"font-family: Arial\"><o:p>\u00a0<\/o:p><\/span><\/p>\n<p style=\"margin: 0cm 0cm 0pt; text-align: justify\" class=\"MsoNormal\"><span style=\"font-family: Arial\"><\/span><\/p>\n<p style=\"margin: 0cm 0cm 0pt; text-align: justify\" class=\"MsoNormal\"><span style=\"font-family: Arial\"><\/span><\/p>\n<p><span style=\"font-family: Arial\">En diciembre de 1958 fue creado Cardenal por S.S. Juan XXIII quien, al mismo tiempo, le otorg\u00f3 un importante rol en la preparaci\u00f3n del Concilio Vaticano II al nombrarlo su asistente. <o:p><\/o:p><\/span><span style=\"font-family: Arial\"><o:p>\u00a0<\/o:p><\/span><\/p>\n<p style=\"margin: 0cm 0cm 0pt; text-align: justify\" class=\"MsoNormal\"><span style=\"font-family: Arial\"><\/span><\/p>\n<p style=\"margin: 0cm 0cm 0pt; text-align: justify\" class=\"MsoNormal\"><span style=\"font-family: Arial\"><\/span><\/p>\n<p><span style=\"font-family: Arial\">Durante estos a\u00f1os previos al Concilio, el Cardenal Montini realiz\u00f3 algunos viajes importantes: Estados Unidos (1960); Dubl\u00edn (1961); \u00c1frica (1962). <o:p><\/o:p><\/span><span style=\"font-family: Arial\"><o:p>\u00a0<\/o:p><\/span><\/p>\n<p style=\"margin: 0cm 0cm 0pt; text-align: justify\" class=\"MsoNormal\"><strong><span style=\"font-family: Arial\"><\/span><\/strong><\/p>\n<p style=\"margin: 0cm 0cm 0pt; text-align: justify\" class=\"MsoNormal\"><strong><span style=\"font-family: Arial\"><\/span><\/strong><\/p>\n<p><strong><span style=\"font-family: Arial\">Sumo Pont\u00edfice con apretado programa apost\u00f3lico<span>\u00a0\u00a0\u00a0\u00a0\u00a0\u00a0\u00a0\u00a0\u00a0 <\/span><o:p><\/o:p><\/span><\/strong><strong><span style=\"font-family: Arial\"><o:p>\u00a0<\/o:p><\/span><\/strong><strong><span style=\"font-family: Arial\">Su pontificado<o:p><\/o:p><\/span><\/strong><span style=\"font-family: Arial\"><o:p>\u00a0<\/o:p><\/span><\/p>\n<p style=\"margin: 0cm 0cm 0pt; text-align: justify\" class=\"MsoNormal\"><span style=\"font-family: Arial\"><\/span><\/p>\n<p style=\"margin: 0cm 0cm 0pt; text-align: justify\" class=\"MsoNormal\"><span style=\"font-family: Arial\"><\/span><\/p>\n<p><span style=\"font-family: Arial\">El Cardenal Montini contaba con 66 a\u00f1os cuando fue elegido como sucesor del Pont\u00edfice Juan XXIII, el 21 de junio de 1963, tomando el nombre de Pablo VI. <o:p><\/o:p><\/span><span style=\"font-family: Arial\"><o:p>\u00a0<\/o:p><\/span><\/p>\n<p style=\"margin: 0cm 0cm 0pt; text-align: justify\" class=\"MsoNormal\"><span style=\"font-family: Arial\"><\/span><\/p>\n<p style=\"margin: 0cm 0cm 0pt; text-align: justify\" class=\"MsoNormal\"><span style=\"font-family: Arial\"><\/span><\/p>\n<p><span style=\"font-family: Arial\">Tres d\u00edas antes de su coronaci\u00f3n, realizada el 30 de junio, el nuevo Papa daba a conocer a todos el programa de su pontificado: su primer y principal esfuerzo se orientaba a la culminaci\u00f3n y puesta en marcha del gran Concilio, convocado e inaugurado por su predecesor. <o:p><\/o:p><\/span><span style=\"font-family: Arial\"><o:p>\u00a0<\/o:p><\/span><\/p>\n<p style=\"margin: 0cm 0cm 0pt; text-align: justify\" class=\"MsoNormal\"><span style=\"font-family: Arial\"><\/span><\/p>\n<p style=\"margin: 0cm 0cm 0pt; text-align: justify\" class=\"MsoNormal\"><span style=\"font-family: Arial\"><\/span><\/p>\n<p><span style=\"font-family: Arial\">Adem\u00e1s de esto, el anuncio universal del Evangelio, el trabajo en favor de la unidad de los cristianos y del di\u00e1logo con los no creyentes, la paz y solidaridad en el orden social \u2014esta vez a escala mundial\u2014, merecer\u00edan su especial preocupaci\u00f3n pastoral. <o:p><\/o:p><\/span><span style=\"font-family: Arial\"><o:p>\u00a0<\/o:p><\/span><\/p>\n<p style=\"margin: 0cm 0cm 0pt; text-align: justify\" class=\"MsoNormal\"><strong><span style=\"font-family: Arial\"><\/span><\/strong><\/p>\n<p style=\"margin: 0cm 0cm 0pt; text-align: justify\" class=\"MsoNormal\"><strong><span style=\"font-family: Arial\"><\/span><\/strong><\/p>\n<p><strong><span style=\"font-family: Arial\">En torno al Concilio Vaticano II<span> <\/span><o:p><\/o:p><\/span><\/strong><strong><span style=\"font-family: Arial\"><o:p>\u00a0<\/o:p><\/span><\/strong><\/p>\n<p style=\"margin: 0cm 0cm 0pt; text-align: justify\" class=\"MsoNormal\"><strong><span style=\"font-family: Arial\"><\/span><\/strong><\/p>\n<p style=\"margin: 0cm 0cm 0pt; text-align: justify\" class=\"MsoNormal\"><strong><span style=\"font-family: Arial\"><\/span><\/strong><\/p>\n<p><strong><span style=\"font-family: Arial\">El Papa Pablo VI y el Concilio Vaticano II<o:p><\/o:p><\/span><\/strong><strong><span style=\"font-family: Arial\"><span>\u00a0\u00a0\u00a0\u00a0\u00a0\u00a0 <\/span><o:p><\/o:p><\/span><\/strong><\/p>\n<p style=\"margin: 0cm 0cm 0pt; text-align: justify\" class=\"MsoNormal\"><span style=\"font-family: Arial\"><span><\/span><\/span><\/p>\n<p style=\"margin: 0cm 0cm 0pt; text-align: justify\" class=\"MsoNormal\"><span style=\"font-family: Arial\"><span><\/span><\/span><\/p>\n<p><span style=\"font-family: Arial\"><span>\u00a0<\/span>El pontificado de Pablo VI est\u00e1 profundamente vinculado al Concilio, tanto en su desarrollo como en la inmediata aplicaci\u00f3n. <o:p><\/o:p><\/span><span style=\"font-family: Arial\"><o:p>\u00a0<\/o:p><\/span><\/p>\n<p style=\"margin: 0cm 0cm 0pt; text-align: justify\" class=\"MsoNormal\"><span style=\"font-family: Arial\"><\/span><\/p>\n<p style=\"margin: 0cm 0cm 0pt; text-align: justify\" class=\"MsoNormal\"><span style=\"font-family: Arial\"><\/span><\/p>\n<p><span style=\"font-family: Arial\">En su primera enc\u00edclica, la \u00abprogram\u00e1tica\u00bb Ecclesiam suam, publicada en 1966 al finalizar la segunda sesi\u00f3n del Concilio, planteaba que eran tres los caminos por los que el Esp\u00edritu le impulsaba a conducir a <st1:personname ProductID=\"la Iglesia\" w:st=\"on\">la Iglesia<\/st1:personname>, respondiendo a los \u00abvientos de renovaci\u00f3n\u00bb que desplegaban las amplias velas de la barca de Pedro. <o:p><\/o:p><\/span><span style=\"font-family: Arial\"><o:p>\u00a0<\/o:p><\/span><\/p>\n<p style=\"margin: 0cm 0cm 0pt; text-align: justify\" class=\"MsoNormal\"><span style=\"font-family: Arial\"><\/span><\/p>\n<p style=\"margin: 0cm 0cm 0pt; text-align: justify\" class=\"MsoNormal\"><span style=\"font-family: Arial\"><\/span><\/p>\n<p><span style=\"font-family: Arial\">Dec\u00eda \u00e9l mismo el d\u00eda anterior a la publicaci\u00f3n de su enc\u00edclica Ecclesiam suam: El primer camino \u00abes espiritual; se refiere a la conciencia que <st1:personname ProductID=\"la Iglesia\" w:st=\"on\">la Iglesia<\/st1:personname> debe tener y fomentar de s\u00ed misma. <o:p><\/o:p><\/span><span style=\"font-family: Arial\"><o:p>\u00a0<\/o:p><\/span><\/p>\n<p style=\"margin: 0cm 0cm 0pt; text-align: justify\" class=\"MsoNormal\"><span style=\"font-family: Arial\"><\/span><\/p>\n<p style=\"margin: 0cm 0cm 0pt; text-align: justify\" class=\"MsoNormal\"><span style=\"font-family: Arial\"><\/span><\/p>\n<p><span style=\"font-family: Arial\">El segundo es moral; se refiere a la renovaci\u00f3n asc\u00e9tica, pr\u00e1ctica, can\u00f3nica, que <st1:personname ProductID=\"la Iglesia\" w:st=\"on\">la Iglesia<\/st1:personname> necesita para conformarse a la conciencia mencionada, para ser pura, santa, fuerte, aut\u00e9ntica. <o:p><\/o:p><\/span><span style=\"font-family: Arial\"><o:p>\u00a0<\/o:p><\/span><\/p>\n<p style=\"margin: 0cm 0cm 0pt; text-align: justify\" class=\"MsoNormal\"><span style=\"font-family: Arial\"><\/span><\/p>\n<p style=\"margin: 0cm 0cm 0pt; text-align: justify\" class=\"MsoNormal\"><span style=\"font-family: Arial\"><\/span><\/p>\n<p><span style=\"font-family: Arial\">Y el tercer camino es apost\u00f3lico; lo hemos designado con t\u00e9rminos hoy en boga: el di\u00e1logo; es decir, se refiere este camino al modo, al arte, al estilo que <st1:personname ProductID=\"la Iglesia\" w:st=\"on\">la Iglesia<\/st1:personname> debe infundir en su actividad ministerial en el concierto disonante, voluble y complejo del mundo contempor\u00e1neo. <o:p><\/o:p><\/span><span style=\"font-family: Arial\"><o:p>\u00a0<\/o:p><\/span><\/p>\n<p style=\"margin: 0cm 0cm 0pt; text-align: justify\" class=\"MsoNormal\"><span style=\"font-family: Arial\"><\/span><\/p>\n<p style=\"margin: 0cm 0cm 0pt; text-align: justify\" class=\"MsoNormal\"><span style=\"font-family: Arial\"><\/span><\/p>\n<p><span style=\"font-family: Arial\">Conciencia, renovaci\u00f3n, di\u00e1logo, son los caminos que hoy se abren ante <st1:personname ProductID=\"la Iglesia\" w:st=\"on\">la Iglesia<\/st1:personname> viva y que forman los tres cap\u00edtulos de la enc\u00edclica\u00bb.<o:p><\/o:p><\/span><span style=\"font-family: Arial\"><o:p>\u00a0<\/o:p><\/span><\/p>\n<p style=\"margin: 0cm 0cm 0pt; text-align: justify\" class=\"MsoNormal\"><strong><span style=\"font-family: Arial\"><\/span><\/strong><\/p>\n<p style=\"margin: 0cm 0cm 0pt; text-align: justify\" class=\"MsoNormal\"><strong><span style=\"font-family: Arial\"><\/span><\/strong><\/p>\n<p><strong><span style=\"font-family: Arial\">Sesiones del Concilio Vaticano II y varios viajes apost\u00f3licos<span>\u00a0\u00a0\u00a0 <\/span><o:p><\/o:p><\/span><\/strong><strong><span style=\"font-family: Arial\"><o:p>\u00a0<\/o:p><\/span><\/strong><\/p>\n<p style=\"margin: 0cm 0cm 0pt; text-align: justify\" class=\"MsoNormal\"><strong><span style=\"font-family: Arial\"><\/span><\/strong><\/p>\n<p style=\"margin: 0cm 0cm 0pt; text-align: justify\" class=\"MsoNormal\"><strong><span style=\"font-family: Arial\"><\/span><\/strong><\/p>\n<p><strong><span style=\"font-family: Arial\">Cronolog\u00eda del Concilio bajo su pontificado<o:p><\/o:p><\/span><\/strong><span style=\"font-family: Arial\"><span>\u00a0\u00a0\u00a0\u00a0\u00a0\u00a0\u00a0 <\/span><o:p><\/o:p><\/span><span style=\"font-family: Arial\">El 29 de septiembre de 1963 se abre la segunda sesi\u00f3n del Concilio. S.S. Pablo VI la clausura el 4 de diciembre con la promulgaci\u00f3n de <st1:personname ProductID=\"la Constituci?n\" w:st=\"on\">la Constituci\u00f3n<\/st1:personname> sobre <st1:personname ProductID=\"la Sagrada Liturgia.\" w:st=\"on\">la Sagrada Liturgia.<\/st1:personname><o:p><\/o:p><\/span><span style=\"font-family: Arial\"><o:p>\u00a0<\/o:p><\/span><\/p>\n<p style=\"margin: 0cm 0cm 0pt; text-align: justify\" class=\"MsoNormal\"><span style=\"font-family: Arial\"><\/span><\/p>\n<p style=\"margin: 0cm 0cm 0pt; text-align: justify\" class=\"MsoNormal\"><span style=\"font-family: Arial\"><\/span><\/p>\n<p><span style=\"font-family: Arial\">En enero de 1964 (4-6), S.S. Pablo VI realiza un viaje sin precedentes a Tierra Santa, en donde se da un hist\u00f3rico encuentro con Aten\u00e1goras I, Patriarca de Jerusal\u00e9n.<o:p><\/o:p><\/span><span style=\"font-family: Arial\"><span>\u00a0\u00a0\u00a0\u00a0\u00a0\u00a0\u00a0 <\/span><o:p><\/o:p><\/span><\/p>\n<p style=\"margin: 0cm 0cm 0pt; text-align: justify\" class=\"MsoNormal\"><span style=\"font-family: Arial\"><\/span><\/p>\n<p style=\"margin: 0cm 0cm 0pt; text-align: justify\" class=\"MsoNormal\"><span style=\"font-family: Arial\"><\/span><\/p>\n<p><span style=\"font-family: Arial\">El 6 de agosto de 1964, S.S. Pablo VI publica su enc\u00edclica program\u00e1tica Ecclesiam suam.<o:p><\/o:p><\/span><span style=\"font-family: Arial\"><span>\u00a0\u00a0\u00a0\u00a0\u00a0\u00a0\u00a0 <\/span><o:p><\/o:p><\/span><\/p>\n<p style=\"margin: 0cm 0cm 0pt; text-align: justify\" class=\"MsoNormal\"><span style=\"font-family: Arial\"><\/span><\/p>\n<p style=\"margin: 0cm 0cm 0pt; text-align: justify\" class=\"MsoNormal\"><span style=\"font-family: Arial\"><\/span><\/p>\n<p><span style=\"font-family: Arial\">La tercera sesi\u00f3n conciliar durar\u00eda del 14 de septiembre hasta el 21 de noviembre de 1964. Se clausuraba con la promulgaci\u00f3n de <st1:personname ProductID=\"la Constituci?n\" w:st=\"on\">la Constituci\u00f3n<\/st1:personname> sobre <st1:personname ProductID=\"la Iglesia\" w:st=\"on\">la Iglesia<\/st1:personname>, en aquella ocasi\u00f3n proclam\u00f3 a Mar\u00eda, como Madre de <st1:personname ProductID=\"la Iglesia.\" w:st=\"on\">la Iglesia.<\/st1:personname><o:p><\/o:p><\/span><span style=\"font-family: Arial\"><span>\u00a0\u00a0\u00a0\u00a0\u00a0\u00a0\u00a0 <\/span><o:p><\/o:p><\/span><\/p>\n<p style=\"margin: 0cm 0cm 0pt; text-align: justify\" class=\"MsoNormal\"><span style=\"font-family: Arial\"><\/span><\/p>\n<p style=\"margin: 0cm 0cm 0pt; text-align: justify\" class=\"MsoNormal\"><span style=\"font-family: Arial\"><\/span><\/p>\n<p><span style=\"font-family: Arial\">Entre la tercera y cuarta sesi\u00f3n del Concilio (diciembre 1964), S.S. Pablo VI viaja a Bombay, para participar en un Congreso Eucar\u00edstico Internacional.<o:p><\/o:p><\/span><span style=\"font-family: Arial\"><span>\u00a0\u00a0\u00a0\u00a0\u00a0\u00a0\u00a0 <\/span><o:p><\/o:p><\/span><\/p>\n<p style=\"margin: 0cm 0cm 0pt; text-align: justify\" class=\"MsoNormal\"><span style=\"font-family: Arial\"><\/span><\/p>\n<p style=\"margin: 0cm 0cm 0pt; text-align: justify\" class=\"MsoNormal\"><span style=\"font-family: Arial\"><\/span><\/p>\n<p><span style=\"font-family: Arial\">El 4 de octubre, durante la cuarta y \u00faltima sesi\u00f3n del Concilio, viaja a Nueva York a la sede de <st1:personname ProductID=\"la ONU\" w:st=\"on\">la ONU<\/st1:personname>, para hacer un hist\u00f3rico llamado a la paz mundial ante los representantes de todas las naciones.<o:p><\/o:p><\/span><span style=\"font-family: Arial\"><span>\u00a0\u00a0\u00a0\u00a0\u00a0\u00a0\u00a0 <\/span><o:p><\/o:p><\/span><\/p>\n<p style=\"margin: 0cm 0cm 0pt; text-align: justify\" class=\"MsoNormal\"><span style=\"font-family: Arial\"><\/span><\/p>\n<p style=\"margin: 0cm 0cm 0pt; text-align: justify\" class=\"MsoNormal\"><span style=\"font-family: Arial\"><\/span><\/p>\n<p><span style=\"font-family: Arial\">El 7 de diciembre de 1965, un d\u00eda antes de finalizar el gran Concilio, el Papa Pablo VI y el Patriarca Aten\u00e1goras I hacen una declaraci\u00f3n conjunta por la que deploraban y se levantaban los mutuos anatemas \u2014pronunciados por representantes de <st1:personname ProductID=\"la Iglesia Oriental\" w:st=\"on\">la Iglesia Oriental<\/st1:personname> y Occidental en Constantinopla en 1054, y que marcaban el momento culminante del cisma entre las Iglesias de oriente y la de occidente\u2014. <o:p><\/o:p><\/span><span style=\"font-family: Arial\"><span>\u00a0\u00a0\u00a0\u00a0\u00a0\u00a0\u00a0 <\/span><o:p><\/o:p><\/span><\/p>\n<p style=\"margin: 0cm 0cm 0pt; text-align: justify\" class=\"MsoNormal\"><span style=\"font-family: Arial\"><\/span><\/p>\n<p style=\"margin: 0cm 0cm 0pt; text-align: justify\" class=\"MsoNormal\"><span style=\"font-family: Arial\"><\/span><\/p>\n<p><span style=\"font-family: Arial\">El 8 de diciembre de 1965 confirmaba solemnemente todos los decretos del Concilio, y proclamaba un jubileo extraordinario, el 1 de enero al 29 de mayo de 1966, para la reflexi\u00f3n y renovaci\u00f3n de toda <st1:personname ProductID=\"la Iglesia\" w:st=\"on\">la Iglesia<\/st1:personname> a la luz de las grandes ense\u00f1anzas conciliares.<o:p><\/o:p><\/span><strong><span style=\"font-family: Arial\">El Post-Concilio<span>\u00a0\u00a0\u00a0\u00a0 <\/span><o:p><\/o:p><\/span><\/strong><strong><span style=\"font-family: Arial\"><o:p>\u00a0<\/o:p><\/span><\/strong><\/p>\n<p style=\"margin: 0cm 0cm 0pt; text-align: justify\" class=\"MsoNormal\"><strong><span style=\"font-family: Arial\"><\/span><\/strong><\/p>\n<p style=\"margin: 0cm 0cm 0pt; text-align: justify\" class=\"MsoNormal\"><strong><span style=\"font-family: Arial\"><\/span><\/strong><\/p>\n<p><strong><span style=\"font-family: Arial\">La \u00e9poca post-conciliar <o:p><\/o:p><\/span><\/strong><span style=\"font-family: Arial\"><span>\u00a0\u00a0\u00a0\u00a0\u00a0\u00a0\u00a0 <\/span><o:p><\/o:p><\/span><\/p>\n<p style=\"margin: 0cm 0cm 0pt; text-align: justify\" class=\"MsoNormal\"><span style=\"font-family: Arial\"><\/span><\/p>\n<p style=\"margin: 0cm 0cm 0pt; text-align: justify\" class=\"MsoNormal\"><span style=\"font-family: Arial\"><\/span><\/p>\n<p><span style=\"font-family: Arial\">Culminado el gran Concilio abierto al tercer milenio, se iniciaba el dif\u00edcil periodo de su aplicaci\u00f3n. <o:p><\/o:p><\/span><span style=\"font-family: Arial\"><o:p>\u00a0<\/o:p><\/span><\/p>\n<p style=\"margin: 0cm 0cm 0pt; text-align: justify\" class=\"MsoNormal\"><span style=\"font-family: Arial\"><\/span><\/p>\n<p style=\"margin: 0cm 0cm 0pt; text-align: justify\" class=\"MsoNormal\"><span style=\"font-family: Arial\"><\/span><\/p>\n<p><span style=\"font-family: Arial\">Ello exig\u00eda un hombre de mucha fortaleza interior, con un esp\u00edritu hondamente cimentado en el Se\u00f1or; hombre de profunda oraci\u00f3n para discernir, a la luz del Esp\u00edritu los caminos seguros por donde conducir al Pueblo de Dios en medio de dificultades propias de todo proceso de cambio, de adecuaci\u00f3n, de renovaci\u00f3n&#8230; propias tambi\u00e9n de la furia del enemigo, cuyas fuerzas buscan prevalecer sobre <st1:personname ProductID=\"la Iglesia\" w:st=\"on\">la Iglesia<\/st1:personname> de Cristo.<o:p><\/o:p><\/span><span style=\"font-family: Arial\"><span>\u00a0\u00a0\u00a0\u00a0\u00a0\u00a0\u00a0 <\/span><o:p><\/o:p><\/span><\/p>\n<p style=\"margin: 0cm 0cm 0pt; text-align: justify\" class=\"MsoNormal\"><span style=\"font-family: Arial\"><\/span><\/p>\n<p style=\"margin: 0cm 0cm 0pt; text-align: justify\" class=\"MsoNormal\"><span style=\"font-family: Arial\"><\/span><\/p>\n<p><span style=\"font-family: Arial\">Lo que a S.S. Pablo VI le toc\u00f3 vivir como Pastor universal de la grey del Se\u00f1or, lo resume el Papa Juan Pablo II en un valios\u00edsimo testimonio, pues \u00e9l \u2014como dice \u00e9l mismo\u2014 hab\u00eda podido \u00abobservar de cerca\u00bb su actividad: <o:p><\/o:p><\/span><span style=\"font-family: Arial\"><o:p>\u00a0<\/o:p><\/span><\/p>\n<p style=\"margin: 0cm 0cm 0pt; text-align: justify\" class=\"MsoNormal\"><span style=\"font-family: Arial\"><\/span><\/p>\n<p style=\"margin: 0cm 0cm 0pt; text-align: justify\" class=\"MsoNormal\"><span style=\"font-family: Arial\"><\/span><\/p>\n<p><span style=\"font-family: Arial\">\u00abMe maravillaron siempre su profunda prudencia y valent\u00eda, as\u00ed como su constancia y paciencia en el dif\u00edcil per\u00edodo posconciliar de su pontificado. Como timonel de <st1:personname ProductID=\"la Iglesia\" w:st=\"on\">la Iglesia<\/st1:personname>, barca de Pedro, sab\u00eda conservar una tranquilidad y un equilibrio providencial incluso en los momentos m\u00e1s cr\u00edticos, cuando parec\u00eda que ella era sacudida desde dentro, manteniendo una esperanza inconmovible en su compactibilidad\u00bb (Redemptor hominis, 3).<o:p><\/o:p><\/span><span style=\"font-family: Arial\"><o:p>\u00a0<\/o:p><\/span><strong><span style=\"font-family: Arial\">Primer Papa en Am\u00e9rica<span>\u00a0\u00a0\u00a0 <\/span><o:p><\/o:p><\/span><\/strong><strong><span style=\"font-family: Arial\"><o:p>\u00a0<\/o:p><\/span><\/strong><\/p>\n<p style=\"margin: 0cm 0cm 0pt; text-align: justify\" class=\"MsoNormal\"><strong><span style=\"font-family: Arial\"><\/span><\/strong><\/p>\n<p style=\"margin: 0cm 0cm 0pt; text-align: justify\" class=\"MsoNormal\"><strong><span style=\"font-family: Arial\"><\/span><\/strong><\/p>\n<p><strong><span style=\"font-family: Arial\">Otras labores de su pontificado<o:p><\/o:p><\/span><\/strong><span style=\"font-family: Arial\"><span>\u00a0\u00a0\u00a0\u00a0\u00a0\u00a0\u00a0 <\/span><o:p><\/o:p><\/span><\/p>\n<p style=\"margin: 0cm 0cm 0pt; text-align: justify\" class=\"MsoNormal\"><span style=\"font-family: Arial\"><\/span><\/p>\n<p style=\"margin: 0cm 0cm 0pt; text-align: justify\" class=\"MsoNormal\"><span style=\"font-family: Arial\"><\/span><\/p>\n<p><span style=\"font-family: Arial\">El Papa Montini tuvo tambi\u00e9n una gran preocupaci\u00f3n por la uni\u00f3n de los cristianos, causa a la que dedic\u00f3 no pocos esfuerzos, dando as\u00ed los primeros pasos hacia la unidad de todos los cristianos.<o:p><\/o:p><\/span><span style=\"font-family: Arial\"><span>\u00a0\u00a0\u00a0\u00a0\u00a0\u00a0\u00a0 <\/span><o:p><\/o:p><\/span><\/p>\n<p style=\"margin: 0cm 0cm 0pt; text-align: justify\" class=\"MsoNormal\"><span style=\"font-family: Arial\"><\/span><\/p>\n<p style=\"margin: 0cm 0cm 0pt; text-align: justify\" class=\"MsoNormal\"><span style=\"font-family: Arial\"><\/span><\/p>\n<p><span style=\"font-family: Arial\">Por otro lado, foment\u00f3 con insistencia la colaboraci\u00f3n colegial de los obispos. Este impulso se concretar\u00eda de diversas formas, siendo las m\u00e1s significativas el proceso de consolidaci\u00f3n de las Conferencias Episcopales Nacionales en toda <st1:personname ProductID=\"la Iglesia\" w:st=\"on\">la Iglesia<\/st1:personname>, los diversos S\u00ednodos locales y tambi\u00e9n los S\u00ednodos internacionales trienales. <o:p><\/o:p><\/span><span style=\"font-family: Arial\"><o:p>\u00a0<\/o:p><\/span><\/p>\n<p style=\"margin: 0cm 0cm 0pt; text-align: justify\" class=\"MsoNormal\"><span style=\"font-family: Arial\"><\/span><\/p>\n<p style=\"margin: 0cm 0cm 0pt; text-align: justify\" class=\"MsoNormal\"><span style=\"font-family: Arial\"><\/span><\/p>\n<p><span style=\"font-family: Arial\">Durante su pontificado los temas tratados en estos S\u00ednodos episcopales fueron:<o:p><\/o:p><\/span><\/p>\n<p style=\"margin: 0cm 0cm 0pt; text-align: justify\" class=\"MsoNormal\"><strong><span style=\"font-family: Arial\"><span>\u00a0\u00a0\u00a0\u00a0\u00a0\u00a0\u00a0 <\/span><\/span><\/strong><\/p>\n<p style=\"margin: 0cm 0cm 0pt; text-align: justify\" class=\"MsoNormal\"><strong><span style=\"font-family: Arial\"><span><\/span><\/span><\/strong><\/p>\n<p><strong><span style=\"font-family: Arial\"><span><\/span>El sacerdocio (1971); <o:p><\/o:p><\/span><\/strong><\/p>\n<p style=\"margin: 0cm 0cm 0pt; text-align: justify\" class=\"MsoNormal\"><strong><span style=\"font-family: Arial\"><span>\u00a0\u00a0\u00a0\u00a0\u00a0\u00a0\u00a0 <\/span><\/span><\/strong><\/p>\n<p style=\"margin: 0cm 0cm 0pt; text-align: justify\" class=\"MsoNormal\"><strong><span style=\"font-family: Arial\"><span><\/span><\/span><\/strong><\/p>\n<p><strong><span style=\"font-family: Arial\"><span><\/span>La evangelizaci\u00f3n (1974);<o:p><\/o:p><\/span><\/strong><\/p>\n<p style=\"margin: 0cm 0cm 0pt; text-align: justify\" class=\"MsoNormal\"><strong><span style=\"font-family: Arial\"><span>\u00a0\u00a0\u00a0\u00a0\u00a0\u00a0\u00a0 <\/span><\/span><\/strong><\/p>\n<p style=\"margin: 0cm 0cm 0pt; text-align: justify\" class=\"MsoNormal\"><strong><span style=\"font-family: Arial\"><span><\/span><\/span><\/strong><\/p>\n<p><strong><span style=\"font-family: Arial\"><span><\/span>La catequesis (1977). <o:p><\/o:p><\/span><\/strong><span style=\"font-family: Arial\"><span>\u00a0\u00a0\u00a0\u00a0\u00a0\u00a0\u00a0 <\/span><o:p><\/o:p><\/span><\/p>\n<p style=\"margin: 0cm 0cm 0pt; text-align: justify\" class=\"MsoNormal\"><span style=\"font-family: Arial\"><\/span><\/p>\n<p style=\"margin: 0cm 0cm 0pt; text-align: justify\" class=\"MsoNormal\"><span style=\"font-family: Arial\"><\/span><\/p>\n<p><span style=\"font-family: Arial\">Otro hito importante de su pontificado lo constituye el viaje realizado al continente americano para la inauguraci\u00f3n de <st1:personname ProductID=\"la II Conferencia\" w:st=\"on\">la II Conferencia<\/st1:personname> general del Episcopado Latinoamericano, siendo \u00e9sta la primera vez que un Sucesor de Pedro pisaba tierras americanas. <o:p><\/o:p><\/span><span style=\"font-family: Arial\"><o:p>\u00a0<\/o:p><\/span><span style=\"font-family: Arial\"><o:p>\u00a0<\/o:p><\/span><strong><span style=\"font-family: Arial\">Su peculiar doctrina<o:p><\/o:p><\/span><\/strong><strong><span style=\"font-family: Arial\">Las ense\u00f1anzas al Pueblo de Dios<o:p><\/o:p><\/span><\/strong><span style=\"font-family: Arial\"><span>\u00a0 <\/span><o:p><\/o:p><\/span><\/p>\n<p style=\"margin: 0cm 0cm 0pt; text-align: justify\" class=\"MsoNormal\"><span style=\"font-family: Arial\"><\/span><\/p>\n<p style=\"margin: 0cm 0cm 0pt; text-align: justify\" class=\"MsoNormal\"><span style=\"font-family: Arial\"><\/span><\/p>\n<p><span style=\"font-family: Arial\">S.S. Pablo VI ha dejado un rico legado en sus muchos escritos. Dentro de esta larga lista cabe resaltar a la enc\u00edclica Populorum progressio, la cual trata sobre el tema del desarrollo integral de la persona. <o:p><\/o:p><\/span><span style=\"font-family: Arial\"><o:p>\u00a0<\/o:p><\/span><\/p>\n<p style=\"margin: 0cm 0cm 0pt; text-align: justify\" class=\"MsoNormal\"><span style=\"font-family: Arial\"><\/span><\/p>\n<p style=\"margin: 0cm 0cm 0pt; text-align: justify\" class=\"MsoNormal\"><span style=\"font-family: Arial\"><\/span><\/p>\n<p><span style=\"font-family: Arial\">Esta enc\u00edclica fue la base para <st1:personname ProductID=\"la Conferencia\" w:st=\"on\">la Conferencia<\/st1:personname> de los Obispos latinoamericanos en <strong>Medell\u00edn. <o:p><\/o:p><\/strong><\/span><strong><span style=\"font-family: Arial\"><o:p>\u00a0<\/o:p><\/span><\/strong><\/p>\n<p style=\"margin: 0cm 0cm 0pt; text-align: justify\" class=\"MsoNormal\"><span style=\"font-family: Arial\"><\/span><\/p>\n<p style=\"margin: 0cm 0cm 0pt; text-align: justify\" class=\"MsoNormal\"><span style=\"font-family: Arial\"><\/span><\/p>\n<p><span style=\"font-family: Arial\">Tambi\u00e9n merece ser especialmente mencionada la exhortaci\u00f3n Evangelii nuntiandi, carta magna de la evangelizaci\u00f3n, que pone enf\u00e1ticamente el anuncio de Jesucristo en el coraz\u00f3n de la misi\u00f3n de <st1:personname ProductID=\"la Iglesia.\" w:st=\"on\">la Iglesia.<\/st1:personname> <o:p><\/o:p><\/span><span style=\"font-family: Arial\"><o:p>\u00a0<\/o:p><\/span><\/p>\n<p style=\"margin: 0cm 0cm 0pt; text-align: justify\" class=\"MsoNormal\"><span style=\"font-family: Arial\"><\/span><\/p>\n<p style=\"margin: 0cm 0cm 0pt; text-align: justify\" class=\"MsoNormal\"><span style=\"font-family: Arial\"><\/span><\/p>\n<p><span style=\"font-family: Arial\">Para muchos, esta carta vino de alg\u00fan modo, a completar y profundizar <st1:personname ProductID=\"la Gaudium\" w:st=\"on\">la Gaudium<\/st1:personname> et spes. Adem\u00e1s, constituy\u00f3 el tel\u00f3n de fondo de <st1:personname ProductID=\"la III Conferencia\" w:st=\"on\">la III Conferencia<\/st1:personname> General del Episcopado Latinoamericano, en <strong>Puebla.<\/strong> <o:p><\/o:p><\/span><span style=\"font-family: Arial\"><span>\u00a0<\/span><span>\u00a0\u00a0\u00a0\u00a0\u00a0\u00a0 <\/span><o:p><\/o:p><\/span><\/p>\n<p style=\"margin: 0cm 0cm 0pt; text-align: justify\" class=\"MsoNormal\"><span style=\"font-family: Arial\"><\/span><\/p>\n<p style=\"margin: 0cm 0cm 0pt; text-align: justify\" class=\"MsoNormal\"><span style=\"font-family: Arial\"><\/span><\/p>\n<p><span style=\"font-family: Arial\">La enc\u00edclica program\u00e1tica Ecclesiam suam \u2013la primera que escribi\u00f3\u2014 es asimismo, de gran importancia. Manifiesta que de la \u00abconciencia contempor\u00e1nea de <st1:personname ProductID=\"la Iglesia\" w:st=\"on\">la Iglesia<\/st1:personname> \u2014nos dice S.S. Juan Pablo II\u2014, Pablo VI hizo el tema primero de su fundamental Enc\u00edclica que comienza con las palabras Ecclesiam suam; (&#8230;) Iluminada y sostenida por el Esp\u00edritu Santo, <st1:personname ProductID=\"la Iglesia\" w:st=\"on\">la Iglesia<\/st1:personname> tiene una conciencia cada vez m\u00e1s profunda, sea respecto de su misterio divino, sea respecto de su misi\u00f3n humana, sea finalmente respecto de sus mismas debilidades humanas: es precisamente esta conciencia la que debe seguir siendo la fuente principal del amor de esta Iglesia, al igual que el amor por su parte contribuye a consolidar y profundizar esa conciencia. <o:p><\/o:p><\/span><span style=\"font-family: Arial\"><o:p>\u00a0<\/o:p><\/span><\/p>\n<p style=\"margin: 0cm 0cm 0pt; text-align: justify\" class=\"MsoNormal\"><span style=\"font-family: Arial\"><\/span><\/p>\n<p style=\"margin: 0cm 0cm 0pt; text-align: justify\" class=\"MsoNormal\"><span style=\"font-family: Arial\"><\/span><\/p>\n<p><span style=\"font-family: Arial\">Pablo VI nos ha dejado el testimonio de esa profund\u00edsima conciencia de Iglesia. A trav\u00e9s de los m\u00faltiples y frecuentemente dolorosos acontecimientos de su pontificado, nos ha ense\u00f1ado el amor intr\u00e9pido a <st1:personname ProductID=\"la Iglesia\" w:st=\"on\">la Iglesia<\/st1:personname> (&#8230;)\u00bb (Redemptor hominis, 3).<o:p><\/o:p><\/span><span style=\"font-family: Arial\"><o:p>\u00a0<\/o:p><\/span><\/p>\n<p style=\"margin: 0cm 0cm 0pt; text-align: justify\" class=\"MsoNormal\"><span style=\"font-family: Arial\"><\/span><\/p>\n<p style=\"margin: 0cm 0cm 0pt; text-align: justify\" class=\"MsoNormal\"><span style=\"font-family: Arial\"><\/span><\/p>\n<p><span style=\"font-family: Arial\">Son muy significativas tambi\u00e9n todas las ense\u00f1anzas dadas con ocasi\u00f3n del A\u00f1o Santo de <st1:personname ProductID=\"la Reconciliaci?n\" w:st=\"on\">la Reconciliaci\u00f3n<\/st1:personname>, en 1975, lo que queda manifiesto en una importante exhortaci\u00f3n apost\u00f3lica: La reconciliaci\u00f3n dentro de <st1:personname ProductID=\"la Iglesia.\" w:st=\"on\">la Iglesia.<\/st1:personname> <o:p><\/o:p><\/span><span style=\"font-family: Arial\"><o:p>\u00a0<\/o:p><\/span><\/p>\n<p style=\"margin: 0cm 0cm 0pt; text-align: justify\" class=\"MsoNormal\"><span style=\"font-family: Arial\"><\/span><\/p>\n<p style=\"margin: 0cm 0cm 0pt; text-align: justify\" class=\"MsoNormal\"><span style=\"font-family: Arial\"><\/span><\/p>\n<p><span style=\"font-family: Arial\">Por otro lado, es tambi\u00e9n de especial importancia El Credo del Pueblo de Dios. <o:p><\/o:p><\/span><span style=\"font-family: Arial\"><o:p>\u00a0<\/o:p><\/span><\/p>\n<p style=\"margin: 0cm 0cm 0pt; text-align: justify\" class=\"MsoNormal\"><span style=\"font-family: Arial\"><\/span><\/p>\n<p style=\"margin: 0cm 0cm 0pt; text-align: justify\" class=\"MsoNormal\"><span style=\"font-family: Arial\"><\/span><\/p>\n<p><span style=\"font-family: Arial\">En el, el Papa Pablo VI hace una hermosa profesi\u00f3n de fe, que reafirma las verdades que el Cuerpo m\u00edstico de Cristo cree y vive, tomando as\u00ed una firme postura ante los no pocos intentos de agresi\u00f3n que sufr\u00eda la fe cristiana. <o:p><\/o:p><\/span><span style=\"font-family: Arial\"><o:p>\u00a0<\/o:p><\/span><\/p>\n<p style=\"margin: 0cm 0cm 0pt; text-align: justify\" class=\"MsoNormal\"><span style=\"font-family: Arial\"><\/span><\/p>\n<p style=\"margin: 0cm 0cm 0pt; text-align: justify\" class=\"MsoNormal\"><span style=\"font-family: Arial\"><\/span><\/p>\n<p><span style=\"font-family: Arial\">La herencia que ha dejado a <st1:personname ProductID=\"la Iglesia\" w:st=\"on\">la Iglesia<\/st1:personname> con todos sus escritos es invalorable. <o:p><\/o:p><\/span><span style=\"font-family: Arial\"><o:p>\u00a0<\/o:p><\/span><span style=\"font-family: Arial\"><o:p>\u00a0<\/o:p><\/span><span style=\"font-family: Arial\"><o:p>\u00a0<\/o:p><\/span><span style=\"font-family: Arial\"><o:p>\u00a0<\/o:p><\/span><span style=\"font-family: Arial\"><o:p>\u00a0<\/o:p><\/span><strong><span style=\"font-family: Arial\">Iluminando la plenitud humana de vida pr\u00f3ximo ya a su muerte<span>\u00a0\u00a0\u00a0\u00a0\u00a0\u00a0\u00a0\u00a0\u00a0\u00a0 <\/span><o:p><\/o:p><\/span><\/strong><\/p>\n<p style=\"margin: 0cm 0cm 0pt; text-align: justify\" class=\"MsoNormal\"><strong><span style=\"font-family: Arial\"><\/span><\/strong><\/p>\n<p style=\"margin: 0cm 0cm 0pt; text-align: justify\" class=\"MsoNormal\"><strong><span style=\"font-family: Arial\"><\/span><\/strong><\/p>\n<p><strong><span style=\"font-family: Arial\">Su tr\u00e1nsito a la casa del Padre<o:p><\/o:p><\/span><\/strong><strong><span style=\"font-family: Arial\"><o:p>\u00a0<\/o:p><\/span><\/strong><span style=\"font-family: Arial\"><o:p>\u00a0<\/o:p><\/span><span style=\"font-family: Arial\">Su Santidad Pablo VI, luego de su incansable labor en favor de <st1:personname ProductID=\"la Iglesia\" w:st=\"on\">la Iglesia<\/st1:personname> a la que tanto amor mostr\u00f3, fue llamado a su presencia por el Padre Eterno, el 6 de agosto de 1978, en <st1:personname ProductID=\"la Fiesta\" w:st=\"on\">la Fiesta<\/st1:personname> de <st1:personname ProductID=\"la Transfiguraci?n\" w:st=\"on\">la Transfiguraci\u00f3n<\/st1:personname> (que curiosamente fue tambi\u00e9n la fecha de la publicaci\u00f3n de la enc\u00edclica que anunciaba el programa de su pontificado). <o:p><\/o:p><\/span><span style=\"font-family: Arial\"><o:p>\u00a0<\/o:p><\/span><\/p>\n<p style=\"margin: 0cm 0cm 0pt; text-align: justify\" class=\"MsoNormal\"><span style=\"font-family: Arial\"><\/span><\/p>\n<p style=\"margin: 0cm 0cm 0pt; text-align: justify\" class=\"MsoNormal\"><span style=\"font-family: Arial\"><\/span><\/p>\n<p><span style=\"font-family: Arial\">Acaso el Se\u00f1or mismo, con este signo de su amorosa Providencia, quiso rubricar con sello divino aquello que el Santo Padre, pocos a\u00f1os antes, hab\u00eda escrito en una preciosa exhortaci\u00f3n apost\u00f3lica sobre la alegr\u00eda cristiana: <o:p><\/o:p><\/span><span style=\"font-family: Arial\"><o:p>\u00a0<\/o:p><\/span><\/p>\n<p style=\"margin: 0cm 0cm 0pt; text-align: justify\" class=\"MsoNormal\"><span style=\"font-family: Arial\"><\/span><\/p>\n<p style=\"margin: 0cm 0cm 0pt; text-align: justify\" class=\"MsoNormal\"><span style=\"font-family: Arial\"><\/span><\/p>\n<p><span style=\"font-family: Arial\">\u00ab&#8230;existen muchas moradas en la casa del Padre y, para quienes el Esp\u00edritu Santo abrasa el coraz\u00f3n, muchas maneras de morir a s\u00ed mismos y de alcanzar la santa alegr\u00eda de la resurrecci\u00f3n. La efusi\u00f3n de la sangre no es el \u00fanico camino. Sin embargo, el combate por el Reino incluye necesariamente la experiencia de una pasi\u00f3n de amor (&#8230;) \u00abper crucem ad lucem\u00bb, y de este mundo al Padre, en el soplo vivificador del Esp\u00edritu\u00bb (Gaudete in Domino, 37). <o:p><\/o:p><\/span><span style=\"font-family: Arial\"><o:p>\u00a0<\/o:p><\/span><\/p>\n<p style=\"margin: 0cm 0cm 0pt; text-align: justify\" class=\"MsoNormal\"><span style=\"font-family: Arial\"><\/span><\/p>\n<p style=\"margin: 0cm 0cm 0pt; text-align: justify\" class=\"MsoNormal\"><span style=\"font-family: Arial\"><\/span><\/p>\n<p><span style=\"font-family: Arial\">Y ciertamente, el Padre Eterno quiso que este hijo suyo, habiendo pasado por muchos sufrimientos y habiendo entregado ejemplarmente su vida en el servicio amoroso a <st1:personname ProductID=\"la Iglesia\" w:st=\"on\">la Iglesia<\/st1:personname>, pasase \u00abde la cruz a la luz\u00bb en el d\u00eda en que <st1:personname ProductID=\"la Iglesia\" w:st=\"on\">la Iglesia<\/st1:personname> entera celebraba la gran Fiesta de <st1:personname ProductID=\"la Transfiguraci?n\" w:st=\"on\">la Transfiguraci\u00f3n<\/st1:personname>, que indica esperanzada la meta final a la que conduce la muerte f\u00edsica de todo cristiano fiel.<o:p><\/o:p><\/span><span style=\"font-family: Arial\"><o:p>\u00a0<\/o:p><\/span><\/p>\n<p style=\"margin: 0cm 0cm 0pt; text-align: justify\" class=\"MsoNormal\"><span style=\"font-family: Arial\"><span><\/span><\/span><\/p>\n<p style=\"margin: 0cm 0cm 0pt; text-align: justify\" class=\"MsoNormal\"><span style=\"font-family: Arial\"><span><\/span><\/span><\/p>\n<p><span style=\"font-family: Arial\"><span><\/span>Y \u00e9l \u2014como dijera S.S. Juan Pablo I\u2014 hab\u00eda transitado ese camino de modo ejemplar: \u00ab(&#8230;) en quince a\u00f1os de Pontificado, este Papa ha demostrado no s\u00f3lo a m\u00ed, sino a todo el mundo, c\u00f3mo se ama, c\u00f3mo se sirve y c\u00f3mo se trabaja y sufre por <st1:personname ProductID=\"la Iglesia\" w:st=\"on\">la Iglesia<\/st1:personname> de Cristo\u00bb. <o:p><\/o:p><\/span><span style=\"font-family: Arial\"><o:p>\u00a0<\/o:p><\/span><\/p>\n<p style=\"margin: 0cm 0cm 0pt; text-align: justify\" class=\"MsoNormal\"><span style=\"font-family: Arial\"><\/span><\/p>\n<p style=\"margin: 0cm 0cm 0pt; text-align: justify\" class=\"MsoNormal\"><span style=\"font-family: Arial\"><\/span><\/p>\n<p><span style=\"font-family: Arial\">\u00c9l mismo, vislumbrando ya esta magn\u00edfica realidad, dejar\u00eda escrito para todos en su \u00abTestamento\u00bb: <o:p><\/o:p><\/span><span style=\"font-family: Arial\"><o:p>\u00a0<\/o:p><\/span><\/p>\n<p style=\"margin: 0cm 0cm 0pt; text-align: justify\" class=\"MsoNormal\"><span style=\"font-family: Arial\"><\/span><\/p>\n<p style=\"margin: 0cm 0cm 0pt; text-align: justify\" class=\"MsoNormal\"><span style=\"font-family: Arial\"><\/span><\/p>\n<p><span style=\"font-family: Arial\">\u00abFijo la mirada en el misterio de la muerte y de lo que a ella sigue a la luz de Cristo, el \u00fanico que la esclarece; miro, por tanto, la muerte con confianza, humilde y serenamente. Percibo la verdad que ese misterio ha proyectado siempre sobre la vida presente y bendigo al vencedor de la muerte por haber disipado en m\u00ed las tinieblas y descubierto su luz.<o:p><\/o:p><\/span><span style=\"font-family: Arial\"><o:p>\u00a0<\/o:p><\/span><\/p>\n<p style=\"margin: 0cm 0cm 0pt; text-align: justify\" class=\"MsoNormal\"><span style=\"font-family: Arial\"><\/span><\/p>\n<p style=\"margin: 0cm 0cm 0pt; text-align: justify\" class=\"MsoNormal\"><span style=\"font-family: Arial\"><\/span><\/p>\n<p><span style=\"font-family: Arial\">\u00bbPor ello, ante la muerte y la separaci\u00f3n total y definitiva de la vida presente, siento el deber de celebrar el don, la fortuna, la belleza, el destino de esta misma fugaz existencia: Se\u00f1or, te doy gracias porque me has llamado a la vida y m\u00e1s a\u00fan todav\u00eda porque me has regenerado y destinado a la plenitud de la vida\u00bb.<o:p><\/o:p><\/span><span style=\"font-family: Arial\"><o:p>\u00a0<\/o:p><\/span><span style=\"font-family: Arial\"><o:p>\u00a0<\/o:p><\/span><span style=\"font-family: Arial\"><o:p>\u00a0<\/o:p><\/span><span style=\"font-family: Arial\"><o:p>\u00a0<\/o:p><\/span><span style=\"font-family: Arial\">Enc\u00edclicas:<o:p><\/o:p><\/span><span style=\"font-family: Arial\"><o:p>\u00a0<\/o:p><\/span><span style=\"font-family: Arial\">Ecclesiam suam (6-8-1964), sobre los caminos que <st1:personname ProductID=\"la Iglesia Cat?lica\" w:st=\"on\">la Iglesia Cat\u00f3lica<\/st1:personname> debe seguir en la actualidad para cumplir con su misi\u00f3n.<o:p><\/o:p><\/span><span style=\"font-family: Arial\"><o:p>\u00a0<\/o:p><\/span><span style=\"font-family: Arial\">Mysterium fidei (3-9-1965), sobre la doctrina y culto de <st1:personname ProductID=\"la Santa Eucarist?a.\" w:st=\"on\">la Santa Eucarist\u00eda.<\/st1:personname><o:p><\/o:p><\/span><span style=\"font-family: Arial\"><o:p>\u00a0<\/o:p><\/span><span style=\"font-family: Arial\">Populorum progressio (26-3-1967), sobre la necesidad de promover el desarrollo de los pueblos.<o:p><\/o:p><\/span><span style=\"font-family: Arial\"><o:p>\u00a0<\/o:p><\/span><span style=\"font-family: Arial\">Sacerdotalis caelibatus (24-6-1967), sobre el celibato sacerdotal.<o:p><\/o:p><\/span><span style=\"font-family: Arial\"><o:p>\u00a0<\/o:p><\/span><span style=\"font-family: Arial\">Humanae vitae (25-7-1968), sobre la regulaci\u00f3n de la natalidad.<o:p><\/o:p><\/span><span style=\"font-family: Arial\"><span>\u00a0<\/span><o:p><\/o:p><\/span><span style=\"font-family: Arial\">Exhortaciones apost\u00f3licas:<o:p><\/o:p><\/span><span style=\"font-family: Arial\"><o:p>\u00a0<\/o:p><\/span><span style=\"font-family: Arial\">Marialis cultus (2-2-1974), sobre la recta ordenaci\u00f3n y desarrollo del culto a <st1:personname ProductID=\"la Sant?sima Virgen.\" w:st=\"on\">la Sant\u00edsima Virgen.<\/st1:personname><o:p><\/o:p><\/span><span style=\"font-family: Arial\"><o:p>\u00a0<\/o:p><\/span><span style=\"font-family: Arial\">Petrum et Paulum<o:p><\/o:p><\/span><span style=\"font-family: Arial\"><o:p>\u00a0<\/o:p><\/span><span style=\"font-family: Arial\">Gaudete in Domino (9-5-1975), sobre la alegr\u00eda cristiana.<o:p><\/o:p><\/span><span style=\"font-family: Arial\"><o:p>\u00a0<\/o:p><\/span><span style=\"font-family: Arial\">Evangelii nuntiandi (8-12-1975), acerca de la evangelizaci\u00f3n en el mundo contempor\u00e1neo.<o:p><\/o:p><\/span><span style=\"font-family: Arial\"><span>\u00a0<\/span><o:p><\/o:p><\/span><span style=\"font-family: Arial\">Cartas apost\u00f3licas: <o:p><\/o:p><\/span><span style=\"font-family: Arial\"><o:p>\u00a0<\/o:p><\/span><span style=\"font-family: Arial\">Octogesima adveniens (1971), con ocasi\u00f3n del 80 aniversario de la enc\u00edclica Rerum novarum.<o:p><\/o:p><\/span><span style=\"font-family: Arial\"><span>\u00a0<\/span><o:p><\/o:p><\/span><span style=\"font-family: Arial\">Declaraciones:<o:p><\/o:p><\/span><span style=\"font-family: Arial\"><o:p>\u00a0<\/o:p><\/span><span style=\"font-family: Arial\">Persona humana (29-12-1975), acerca de algunas cuestiones de \u00e9tica sexual.<o:p><\/o:p><\/span><span style=\"font-family: Arial\"><o:p>\u00a0<\/o:p><\/span><span style=\"font-family: Arial\">Inter insigniores (15-10-1976), sobre la cuesti\u00f3n de la admisi\u00f3n de las mujeres al sacerdocio ministerial.<o:p><\/o:p><\/span><span style=\"font-family: Arial\"><span>\u00a0<\/span><o:p><\/o:p><\/span><span style=\"font-family: Arial\">Otros: <o:p><\/o:p><\/span><span style=\"font-family: Arial\"><o:p>\u00a0<\/o:p><\/span><span style=\"font-family: Arial\">Constituci\u00f3n apost\u00f3lica Paenitemini (17-2-1966), sobre el valor de la penitencia individual.<o:p><\/o:p><\/span><span style=\"font-family: Arial\"><o:p>\u00a0<\/o:p><\/span><span style=\"font-family: Arial\">El \u00abCredo del Pueblo de Dios\u00bb (30-6-1968)<o:p><\/o:p><\/span><span style=\"font-family: Arial\"><o:p>\u00a0<\/o:p><\/span><span style=\"font-family: Arial\">Nombre de nacimiento:<span>\u00a0\u00a0\u00a0\u00a0\u00a0\u00a0 <\/span>Giovanni Battista Montini<o:p><\/o:p><\/span><span style=\"font-family: Arial\">Nacimiento<span>\u00a0\u00a0\u00a0 <\/span>Concesio, 26 de septiembre, 1897<o:p><\/o:p><\/span><span style=\"font-family: Arial\"><o:p><\/o:p><\/span><span style=\"font-family: Arial\">Elecci\u00f3n al pontificado <span>\u00a0\u00a0\u00a0\u00a0\u00a0\u00a0 <\/span>21 de junio, 1963<o:p><\/o:p><\/span><span style=\"font-family: Arial\"><o:p><\/o:p><\/span><span style=\"font-family: Arial\">Entronizaci\u00f3n papal:<span>\u00a0\u00a0\u00a0\u00a0\u00a0\u00a0\u00a0\u00a0\u00a0\u00a0\u00a0 <\/span>30 de junio, 1963<o:p><\/o:p><\/span><span style=\"font-family: Arial\"><o:p><\/o:p><\/span><span style=\"font-family: Arial\">Fin del pontificado:<span>\u00a0 <\/span>6 de agosto, 1978<o:p><\/o:p><\/span><span style=\"font-family: Arial\"><o:p><\/o:p><\/span><span style=\"font-family: Arial\">Predecesor:<span>\u00a0 <\/span>Beato Juan XXIII<o:p><\/o:p><\/span><span style=\"font-family: Arial\"><o:p><\/o:p><\/span><span style=\"font-family: Arial\">Sucesor:<span>\u00a0\u00a0\u00a0\u00a0\u00a0\u00a0\u00a0 <\/span>Siervo de Dios Juan Pablo I<o:p><\/o:p><\/span><span style=\"font-family: Arial\"><o:p>Autor: J\u00fcrgen Daum<\/o:p><\/span><\/p>\n","protected":false},"excerpt":{"rendered":"<p>Papa PauloVl\u00a0\u00a0 Hijo de un abogado y de una piadosa mujer, Giovanni Battista Montini, despu\u00e9s Paulo Vl, naci\u00f3 en Concesio, cerca de Brescia, el 26 de septiembre de 1897. \u00a0 Desde peque\u00f1o Giovanni se caracteriz\u00f3 por una gran timidez, as\u00ed como por un gran amor al estudio. \u00a0 Fue un joven sacerdote con poca salud [&hellip;]<\/p>\n","protected":false},"author":249,"featured_media":0,"comment_status":"open","ping_status":"closed","sticky":false,"template":"","format":"standard","meta":{"footnotes":""},"categories":[10],"tags":[],"class_list":["post-125","post","type-post","status-publish","format-standard","hentry","category-historia"],"_links":{"self":[{"href":"https:\/\/eloficiodehistoriar.com.mx\/index.php?rest_route=\/wp\/v2\/posts\/125","targetHints":{"allow":["GET"]}}],"collection":[{"href":"https:\/\/eloficiodehistoriar.com.mx\/index.php?rest_route=\/wp\/v2\/posts"}],"about":[{"href":"https:\/\/eloficiodehistoriar.com.mx\/index.php?rest_route=\/wp\/v2\/types\/post"}],"author":[{"embeddable":true,"href":"https:\/\/eloficiodehistoriar.com.mx\/index.php?rest_route=\/wp\/v2\/users\/249"}],"replies":[{"embeddable":true,"href":"https:\/\/eloficiodehistoriar.com.mx\/index.php?rest_route=%2Fwp%2Fv2%2Fcomments&post=125"}],"version-history":[{"count":0,"href":"https:\/\/eloficiodehistoriar.com.mx\/index.php?rest_route=\/wp\/v2\/posts\/125\/revisions"}],"wp:attachment":[{"href":"https:\/\/eloficiodehistoriar.com.mx\/index.php?rest_route=%2Fwp%2Fv2%2Fmedia&parent=125"}],"wp:term":[{"taxonomy":"category","embeddable":true,"href":"https:\/\/eloficiodehistoriar.com.mx\/index.php?rest_route=%2Fwp%2Fv2%2Fcategories&post=125"},{"taxonomy":"post_tag","embeddable":true,"href":"https:\/\/eloficiodehistoriar.com.mx\/index.php?rest_route=%2Fwp%2Fv2%2Ftags&post=125"}],"curies":[{"name":"wp","href":"https:\/\/api.w.org\/{rel}","templated":true}]}}