{"id":128,"date":"2008-05-26T09:21:55","date_gmt":"2008-05-26T14:21:55","guid":{"rendered":"https:\/\/eloficiodehistoriar.com.mx\/?p=128"},"modified":"2008-05-26T09:21:55","modified_gmt":"2008-05-26T14:21:55","slug":"taller-sobre-derechos-humanos-asiste","status":"publish","type":"post","link":"https:\/\/eloficiodehistoriar.com.mx\/?p=128","title":{"rendered":"Taller sobre Derechos Humanos: Asiste"},"content":{"rendered":"<p><strong><span style=\"font-size: 14pt; font-family: Arial\" lang=\"ES-TRAD\">EL COMIT\u00c9 PROMOTOR DEL FRENTE CONTRA <st1:personname ProductID=\"LA REPRESI?N Y\" w:st=\"on\">LA REPRESI\u00d3N Y<\/st1:personname> POR <st1:personname ProductID=\"LA DEFENSA DE\" w:st=\"on\">LA DEFENSA DE<\/st1:personname> LOS DERECHOS HUMANOS<o:p><\/o:p><\/span><\/strong><span style=\"font-size: 16pt; font-family: Arial\" lang=\"ES-TRAD\">Invita a Participar en el <strong><em><o:p><\/o:p><\/em><\/strong><\/span><span style=\"font-size: 14pt; font-family: Arial\" lang=\"ES-TRAD\">Primer<strong><em> Taller Sobre los Derechos Humanos, Mecanismos para su<br \/>\nDefensa y sobre Obligaciones del Estado<\/em><\/strong><\/span><strong><em><span style=\"font-family: Arial\" lang=\"ES-TRAD\"><o:p><\/o:p><\/span><\/em><\/strong><span style=\"font-size: 11pt; font-family: Arial\" lang=\"ES-TRAD\">Que impartir\u00e1 personal del departamento de educaci\u00f3n del <\/span><strong><span style=\"font-family: Arial\" lang=\"ES-TRAD\">Centro de Derechos Humanos \u201cMiguel Agust\u00edn Pro Ju\u00e1rez<\/span><\/strong><span style=\"font-size: 11pt; font-family: Arial\" lang=\"ES-TRAD\">\u201d <span>\u00a0<\/span><o:p><\/o:p><\/span><span style=\"font-family: Arial\" lang=\"ES-TRAD\">CONTENIDOS<\/span><span style=\"font-size: 11pt; font-family: Arial\" lang=\"ES-TRAD\">: <o:p><\/o:p><\/span><span style=\"font-size: 11pt; font-family: Arial\" lang=\"ES-TRAD\">1. La defensa integral de los derechos humanos<o:p><\/o:p><\/span><span style=\"font-size: 11pt; font-family: Symbol\" lang=\"ES-TRAD\"><span>\u00b7<span style=\"font: 7pt 'Times New Roman'\">\u00a0\u00a0\u00a0\u00a0\u00a0\u00a0\u00a0\u00a0 <\/span><\/span><\/span><span style=\"font-size: 11pt; font-family: Arial\" lang=\"ES-TRAD\">Definiciones b\u00e1sicas de derechos humanos<o:p><\/o:p><\/span><span style=\"font-size: 11pt; font-family: Symbol\" lang=\"ES-TRAD\"><span>\u00b7<span style=\"font: 7pt 'Times New Roman'\">\u00a0\u00a0\u00a0\u00a0\u00a0\u00a0\u00a0\u00a0 <\/span><\/span><\/span><span style=\"font-size: 11pt; font-family: Arial\" lang=\"ES-TRAD\">Obligaciones del Estado en materia de derechos humanos<o:p><\/o:p><\/span><span style=\"font-size: 11pt; font-family: Symbol\" lang=\"ES-TRAD\"><span>\u00b7<span style=\"font: 7pt 'Times New Roman'\">\u00a0\u00a0\u00a0\u00a0\u00a0\u00a0\u00a0\u00a0 <\/span><\/span><\/span><span style=\"font-size: 11pt; font-family: Arial\" lang=\"ES-TRAD\">Diagn\u00f3stico de la situaci\u00f3n de los derechos humanos en Quer\u00e9taro<o:p><\/o:p><\/span><span style=\"font-size: 11pt; font-family: Arial\" lang=\"ES-TRAD\">2. El Estado en la promoci\u00f3n y defensa de los derechos humanos <o:p><\/o:p><\/span><span style=\"font-size: 11pt; font-family: Symbol\" lang=\"ES-TRAD\"><span>\u00b7<span style=\"font: 7pt 'Times New Roman'\">\u00a0\u00a0\u00a0\u00a0\u00a0\u00a0\u00a0\u00a0 <\/span><\/span><\/span><span style=\"font-size: 11pt; font-family: Arial\" lang=\"ES-TRAD\">Divisi\u00f3n de poderes <o:p><\/o:p><\/span><span style=\"font-family: Symbol\" lang=\"ES-TRAD\"><span>\u00b7<span style=\"font: 7pt 'Times New Roman'\">\u00a0\u00a0\u00a0\u00a0\u00a0\u00a0\u00a0 <\/span><\/span><\/span><span style=\"font-size: 11pt; font-family: Arial\" lang=\"ES-TRAD\">Derechos de los derechos humanos <\/span><span style=\"font-family: Arial\" lang=\"ES-TRAD\"><o:p><\/o:p><\/span><span style=\"font-size: 11pt; font-family: Arial\" lang=\"ES-TRAD\">3. Conceptualizaci\u00f3n y pr\u00e1ctica de la defensa integral de los derechos humanos <\/span><span style=\"font-family: Arial\" lang=\"ES-TRAD\"><o:p><\/o:p><\/span><span style=\"font-family: Symbol\" lang=\"ES-TRAD\"><span>\u00b7<span style=\"font: 7pt 'Times New Roman'\">\u00a0\u00a0\u00a0\u00a0\u00a0\u00a0\u00a0 <\/span><\/span><\/span><span style=\"font-size: 11pt; font-family: Arial\" lang=\"ES-TRAD\">An\u00e1lisis de casos concretos <\/span><span style=\"font-family: Arial\" lang=\"ES-TRAD\"><o:p><\/o:p><\/span><span style=\"font-family: Arial\" lang=\"ES-TRAD\">DIRIGIDO A: <o:p><\/o:p><\/span><span style=\"font-family: Wingdings\" lang=\"ES-TRAD\"><span>\u00d8<span style=\"font: 7pt 'Times New Roman'\">\u00a0\u00a0\u00a0\u00a0\u00a0 <\/span><\/span><\/span><span style=\"font-size: 11pt; font-family: Arial\" lang=\"ES-TRAD\">Miembros de organismos de la sociedad civil <\/span><span style=\"font-family: Arial\" lang=\"ES-TRAD\"><o:p><\/o:p><\/span><span style=\"font-family: Wingdings\" lang=\"ES-TRAD\"><span>\u00d8<span style=\"font: 7pt 'Times New Roman'\">\u00a0\u00a0\u00a0\u00a0\u00a0 <\/span><\/span><\/span><span style=\"font-size: 11pt; font-family: Arial\" lang=\"ES-TRAD\">Acad\u00e9micos y universitarios <\/span><span style=\"font-family: Arial\" lang=\"ES-TRAD\"><o:p><\/o:p><\/span><span style=\"font-family: Wingdings\" lang=\"ES-TRAD\"><span>\u00d8<span style=\"font: 7pt 'Times New Roman'\">\u00a0\u00a0\u00a0\u00a0\u00a0 <\/span><\/span><\/span><span style=\"font-size: 11pt; font-family: Arial\" lang=\"ES-TRAD\">Toda persona interesada en la defensa y promoci\u00f3n de los derechos humanos y el combate a la represi\u00f3n <\/span><span style=\"font-family: Arial\" lang=\"ES-TRAD\"><o:p><\/o:p><\/span><span style=\"font-family: Arial\" lang=\"ES-TRAD\">LUGAR Y FECHA: <o:p><\/o:p><\/span><strong><span style=\"font-size: 11pt; font-family: Arial\" lang=\"ES-TRAD\">Sal\u00f3n 11 de <st1:personname ProductID=\"la Facultad\" w:st=\"on\">la Facultad<\/st1:personname> de Filosof\u00eda de <st1:personname ProductID=\"la UAQ\" w:st=\"on\">la UAQ<\/st1:personname><\/span><\/strong><span style=\"font-size: 11pt; font-family: Arial\" lang=\"ES-TRAD\">, Exprepa Centro (16 de septiembre 57, Centro Hist\u00f3rico, Quer\u00e9taro Qro.)<o:p><\/o:p><\/span><span style=\"font-size: 11pt; font-family: Arial\" lang=\"ES-TRAD\">Fecha: <strong>Viernes 30 de mayo de 10:00 a 18:00 horas, y<o:p><\/o:p><\/strong><\/span><strong><span style=\"font-size: 11pt; font-family: Arial\" lang=\"ES-TRAD\">S\u00e1bado 31 de mayo de 10:00 a 14:00 horas<\/span><\/strong><span style=\"font-size: 11pt; font-family: Arial\" lang=\"ES-TRAD\"> <\/span><span style=\"font-family: Arial\" lang=\"ES-TRAD\"><o:p><\/o:p><\/span><strong><span style=\"font-family: Arial\" lang=\"ES-TRAD\">Entrada libre <o:p><\/o:p><\/span><\/strong><span style=\"font-size: 11pt; font-family: Arial\" lang=\"ES-TRAD\">Si te interesa participar, por favor confirma tu asistencia y env\u00eda tus datos a las direcciones electr\u00f3nicas: foucault30@hotmail.com y bercarmen@hotmal.com, o bien llama al tel\u00e9fono: 2 34 27 52.<o:p><\/o:p><\/span><span style=\"font-size: 11pt; font-family: Arial\" lang=\"ES-TRAD\">DATOS: Nombre, Agrupaci\u00f3n o instituci\u00f3n, Tel\u00e9fono, Correo electr\u00f3nico.<o:p><\/o:p><\/span><\/p>\n","protected":false},"excerpt":{"rendered":"<p>EL COMIT\u00c9 PROMOTOR DEL FRENTE CONTRA LA REPRESI\u00d3N Y POR LA DEFENSA DE LOS DERECHOS HUMANOSInvita a Participar en el Primer Taller Sobre los Derechos Humanos, Mecanismos para su Defensa y sobre Obligaciones del EstadoQue impartir\u00e1 personal del departamento de educaci\u00f3n del Centro de Derechos Humanos \u201cMiguel Agust\u00edn Pro Ju\u00e1rez\u201d \u00a0CONTENIDOS: 1. La defensa integral [&hellip;]<\/p>\n","protected":false},"author":249,"featured_media":0,"comment_status":"open","ping_status":"closed","sticky":false,"template":"","format":"standard","meta":{"footnotes":""},"categories":[26],"tags":[],"class_list":["post-128","post","type-post","status-publish","format-standard","hentry","category-mundo"],"_links":{"self":[{"href":"https:\/\/eloficiodehistoriar.com.mx\/index.php?rest_route=\/wp\/v2\/posts\/128","targetHints":{"allow":["GET"]}}],"collection":[{"href":"https:\/\/eloficiodehistoriar.com.mx\/index.php?rest_route=\/wp\/v2\/posts"}],"about":[{"href":"https:\/\/eloficiodehistoriar.com.mx\/index.php?rest_route=\/wp\/v2\/types\/post"}],"author":[{"embeddable":true,"href":"https:\/\/eloficiodehistoriar.com.mx\/index.php?rest_route=\/wp\/v2\/users\/249"}],"replies":[{"embeddable":true,"href":"https:\/\/eloficiodehistoriar.com.mx\/index.php?rest_route=%2Fwp%2Fv2%2Fcomments&post=128"}],"version-history":[{"count":0,"href":"https:\/\/eloficiodehistoriar.com.mx\/index.php?rest_route=\/wp\/v2\/posts\/128\/revisions"}],"wp:attachment":[{"href":"https:\/\/eloficiodehistoriar.com.mx\/index.php?rest_route=%2Fwp%2Fv2%2Fmedia&parent=128"}],"wp:term":[{"taxonomy":"category","embeddable":true,"href":"https:\/\/eloficiodehistoriar.com.mx\/index.php?rest_route=%2Fwp%2Fv2%2Fcategories&post=128"},{"taxonomy":"post_tag","embeddable":true,"href":"https:\/\/eloficiodehistoriar.com.mx\/index.php?rest_route=%2Fwp%2Fv2%2Ftags&post=128"}],"curies":[{"name":"wp","href":"https:\/\/api.w.org\/{rel}","templated":true}]}}