{"id":12865,"date":"2017-10-29T16:58:57","date_gmt":"2017-10-29T22:58:57","guid":{"rendered":"https:\/\/eloficiodehistoriar.com.mx\/?p=12865"},"modified":"2017-10-29T16:58:57","modified_gmt":"2017-10-29T22:58:57","slug":"joan-miro-por-primera-vez-a-solas-en-buenos-aires","status":"publish","type":"post","link":"https:\/\/eloficiodehistoriar.com.mx\/?p=12865","title":{"rendered":"Joan Mir\u00f3, por primera vez a solas en Buenos Aires"},"content":{"rendered":"<p class=\"x_MsoNormal\">Joan Mir\u00f3, por primera vez a solas en Buenos Aires<\/p>\n<p class=\"x_MsoNormal\">Una muestra exhibe en el Bellas Artes 50 obras de las \u00faltimas dos d\u00e9cadas de la vida del artista catal\u00e1n<\/p>\n<p class=\"x_MsoNormal\">RAMIRO BARREIRO<\/p>\n<p class=\"x_MsoNormal\">Buenos Aires<\/p>\n<p class=\"x_MsoNormal\">En 1956, el artista catal\u00e1n Joan Mir\u00f3 se traslada a un nuevo estudio en Son Abrines de Mallorca. En ese taller-vivienda re\u00fane por primera vez en su historia la totalidad de su producci\u00f3n anterior. All\u00ed es que revisa y redefine toda su obra. Desde ah\u00ed hasta su muerte en 1983, sus cuadros, dibujos y esculturas expandieron sus l\u00edmites conceptuales a trav\u00e9s del cuestionamiento de su propia naturaleza. Ese valioso legado fue depositado en el Museo Reina Sof\u00eda de Madrid y hoy llega a la ciudad de Buenos Aires en lo que es la primera exposici\u00f3n enteramente dedicada al surrealista, que estar\u00e1 abierta al p\u00fablico en forma gratuita hasta el 25 de febrero en el Museo Bellas Artes.<\/p>\n<p class=\"x_MsoNormal\">\n<p class=\"x_MsoNormal\">Mir\u00f3: la experiencia de mirar es el nombre que recibe la muestra, que viajar\u00e1 en marzo de 2018 al Museo de Arte de Lima, en Per\u00fa, y juega en su t\u00edtulo con el verbo conjugado en pasado del nombre propio del artista catal\u00e1n. La mayor\u00eda de estas obras encadenadas por el misterio de la analog\u00eda muestran personajes abstractos a los que se ha sustra\u00eddo deliberadamente el drama que los habita. Es el pasaje del dibujo a la escultura. Y a la imagen en movimiento. Y trae a Argentina una de las obras pl\u00e1sticas m\u00e1s querida por grandes y chicos: Mujer, p\u00e1jaro y estrella, el sentido homenaje del artista a Pablo Picasso.<\/p>\n<p class=\"x_MsoNormal\">\n<p class=\"x_MsoNormal\">\u201cLos argentinos van a tener oportunidad de ver obras que a lo mejor no son tan conocidas, como el homenaje a Picasso, que ha sido muy difundida por el merchandising, y van a entrar muy bien en el Mir\u00f3 final, que es un resumen de toda su trayectoria y que est\u00e1 muy vivo\u201d, expresa a EL PA\u00cdS Carmen Fern\u00e1ndez Aparicio, una de las curadoras, junto a Bel\u00e9n Gal\u00e1n Mart\u00edn, ambas del Museo Reina Sof\u00eda.<\/p>\n<p class=\"x_MsoNormal\">\n<p class=\"x_MsoNormal\">\u00a0La exhibici\u00f3n tiene una fuerte presencia de esculturas.ampliar foto<\/p>\n<p class=\"x_MsoNormal\">La exhibici\u00f3n tiene una fuerte presencia de esculturas.<\/p>\n<p class=\"x_MsoNormal\">La muestra exhibe 50 obras de las \u00faltimas dos d\u00e9cadas de la vida del artista. Son 18 pinturas, seis dibujos, 26 esculturas y dos filmes: Mir\u00f3 parle (Mir\u00f3 habla), de 1974, del fot\u00f3grafo y realizador franc\u00e9s Clovis Pr\u00e9vot, que incluye una profunda entrevista al artista, de 1972. El otro es el cortometraje Mir\u00f3 l\u2019altre (Mir\u00f3, otro), de 1969, dirigido por Portabella, que documenta la composici\u00f3n y posterior destrucci\u00f3n por parte del artista de un mural.<\/p>\n<p class=\"x_MsoNormal\">\n<p class=\"x_MsoNormal\">La etapa tard\u00eda de Mir\u00f3 mantiene un relativo ocultamiento, dado que sus obras m\u00e1s conocidas refieren al per\u00edodo de entreguerras y posguerra. \u201cPara nosotros es una oportunidad porque uno de los fines del museo es difundir su colecci\u00f3n y como no todo puede estar expuesto en el Reina Sof\u00eda, conformamos exposiciones que puedan itinerar. Nos hace much\u00edsima ilusi\u00f3n porque esta exposici\u00f3n estuvo antes en cuatro museos norteamericanos, pero con Argentina tenemos much\u00edsima afinidad\u201d, agrega Fern\u00e1ndez Aparicio.<\/p>\n<p class=\"x_MsoNormal\">\n<p class=\"x_MsoNormal\">\u00a0Carmen Fern\u00e1ndez Aparicio, curadora de la muestra.ampliar foto<\/p>\n<p class=\"x_MsoNormal\">Carmen Fern\u00e1ndez Aparicio, curadora de la muestra.<\/p>\n<p class=\"x_MsoNormal\">\u201cMir\u00f3 es due\u00f1o de un lenguaje m\u00e1s gestual\u201d, describe el director del Museo Bellas Artes, Andr\u00e9s Duprat, \u201cEs un pintor que ha tomado mucho del arte abstracto del Siglo XX, y en general, el arte abstracto aleja, pero en el caso de \u00e9l hay un misterio, puede ser el uso de los colores primarios, la composici\u00f3n, la gestualidad que hace referencia a los dibujos de los ni\u00f1os o no s\u00e9 qu\u00e9 puede ser, pero en Argentina hay mucha empat\u00eda con su obra\u201d.<\/p>\n<p class=\"x_MsoNormal\">\n<p class=\"x_MsoNormal\">La muestra hab\u00eda sido preparada para Estados Unidos, incluso se present\u00f3 en Seattle y luego volvi\u00f3 a Espa\u00f1a. Se emplearon diversos vuelos para trasladarla, para que en caso de un accidente no se pierda la colecci\u00f3n entera. El Bellas Artes de Buenos Aires firm\u00f3 con el Reina Sof\u00eda de Madrid un convenio de colaboraci\u00f3n para intercambiar obras, pero tambi\u00e9n profesionales y t\u00e9cnicos y la instalaci\u00f3n de Mir\u00f3: la experiencia de mirar es resultado de ese acuerdo. \u201cArgentina es un pa\u00eds al que Espa\u00f1a le es muy cerca y hay un trio m\u00e1gico que son Picasso, Dal\u00ed y Mir\u00f3 que son artistas, adem\u00e1s de muy conocidos, muy familiares y queridos para el pa\u00eds\u201d, afirma Duprat.<\/p>\n<p class=\"x_MsoNormal\">\n<p class=\"x_MsoNormal\">\u201cEn Mir\u00f3 hay un modo de trabajar el color que es fascinante, entonces atrae a los ni\u00f1os. Sus trazos tienden a la simplificaci\u00f3n y tienen mucha fuerza. Esta exposici\u00f3n demuestra que es un hombre que trabaja con entera libertad y los ni\u00f1os tambi\u00e9n lo hacen, sin prejuicios. El acto de la creaci\u00f3n tambi\u00e9n es un juego y el artista es un poco un ni\u00f1o. Es el que hace algo sin ninguna funcionalidad, simplemente por el acto y la belleza de crear\u201d, cierra Fern\u00e1ndez Aparicio.<\/p>\n","protected":false},"excerpt":{"rendered":"<p>Joan Mir\u00f3, por primera vez a solas en Buenos Aires Una muestra exhibe en el Bellas Artes 50 obras de las \u00faltimas dos d\u00e9cadas de la vida del artista catal\u00e1n RAMIRO BARREIRO Buenos Aires En 1956, el artista catal\u00e1n Joan Mir\u00f3 se traslada a un nuevo estudio en Son Abrines de Mallorca. En ese taller-vivienda [&hellip;]<\/p>\n","protected":false},"author":249,"featured_media":12866,"comment_status":"open","ping_status":"closed","sticky":false,"template":"","format":"standard","meta":{"footnotes":""},"categories":[1],"tags":[],"class_list":["post-12865","post","type-post","status-publish","format-standard","has-post-thumbnail","hentry","category-sin-categoria"],"_links":{"self":[{"href":"https:\/\/eloficiodehistoriar.com.mx\/index.php?rest_route=\/wp\/v2\/posts\/12865","targetHints":{"allow":["GET"]}}],"collection":[{"href":"https:\/\/eloficiodehistoriar.com.mx\/index.php?rest_route=\/wp\/v2\/posts"}],"about":[{"href":"https:\/\/eloficiodehistoriar.com.mx\/index.php?rest_route=\/wp\/v2\/types\/post"}],"author":[{"embeddable":true,"href":"https:\/\/eloficiodehistoriar.com.mx\/index.php?rest_route=\/wp\/v2\/users\/249"}],"replies":[{"embeddable":true,"href":"https:\/\/eloficiodehistoriar.com.mx\/index.php?rest_route=%2Fwp%2Fv2%2Fcomments&post=12865"}],"version-history":[{"count":1,"href":"https:\/\/eloficiodehistoriar.com.mx\/index.php?rest_route=\/wp\/v2\/posts\/12865\/revisions"}],"predecessor-version":[{"id":12867,"href":"https:\/\/eloficiodehistoriar.com.mx\/index.php?rest_route=\/wp\/v2\/posts\/12865\/revisions\/12867"}],"wp:featuredmedia":[{"embeddable":true,"href":"https:\/\/eloficiodehistoriar.com.mx\/index.php?rest_route=\/wp\/v2\/media\/12866"}],"wp:attachment":[{"href":"https:\/\/eloficiodehistoriar.com.mx\/index.php?rest_route=%2Fwp%2Fv2%2Fmedia&parent=12865"}],"wp:term":[{"taxonomy":"category","embeddable":true,"href":"https:\/\/eloficiodehistoriar.com.mx\/index.php?rest_route=%2Fwp%2Fv2%2Fcategories&post=12865"},{"taxonomy":"post_tag","embeddable":true,"href":"https:\/\/eloficiodehistoriar.com.mx\/index.php?rest_route=%2Fwp%2Fv2%2Ftags&post=12865"}],"curies":[{"name":"wp","href":"https:\/\/api.w.org\/{rel}","templated":true}]}}