{"id":12868,"date":"2017-10-29T17:01:01","date_gmt":"2017-10-29T23:01:01","guid":{"rendered":"https:\/\/eloficiodehistoriar.com.mx\/?p=12868"},"modified":"2017-10-29T17:01:01","modified_gmt":"2017-10-29T23:01:01","slug":"arte-escondido-en-oaxaca","status":"publish","type":"post","link":"https:\/\/eloficiodehistoriar.com.mx\/?p=12868","title":{"rendered":"Arte escondido en Oaxaca"},"content":{"rendered":"<p class=\"x_MsoNormal\">Arte escondido en Oaxaca<\/p>\n<p class=\"x_MsoNormal\">Casa Wabi, una residencia para artistas dise\u00f1ada por dos premios Pritzker de arquitectura, est\u00e1 situada entre comunidades ind\u00edgenas cercanas al tur\u00edstico Puerto Escondido, en la costa del Pac\u00edfico mexicano<\/p>\n<p class=\"x_MsoNormal\">V\u00cdCTOR US\u00d3N<\/p>\n<p class=\"x_MsoNormal\">Puerto Escondido<\/p>\n<p class=\"x_MsoNormal\">Frente al Oc\u00e9ano Pac\u00edfico, a los pies de una solitaria playa y a escasos metros de la monta\u00f1a, aparecen una docena de palapas. Bajo ellas, seis artistas conviven con el \u00fanico prop\u00f3sito de crear. Los rodean 130 hect\u00e1reas de laboratorio art\u00edstico. Una incubadora de ideas que dos premios Pritzker de arquitectura se han encargado de transformar en el mejor lugar para la \u201cintrospecci\u00f3n\u201d y la \u201ccreatividad\u201d.<\/p>\n<p class=\"x_MsoNormal\">\n<p class=\"x_MsoNormal\">Casa Wabi, uno de los proyectos m\u00e1s preciados del mexicano Bosco Sodi, celebra este martes su aniversario. Cumple tres a\u00f1os esta residencia para artistas, situada cerca del tur\u00edstico Puerto Escondido, en la Costa Chica de Oaxaca, y considerada por The New York Times uno de los 52 lugares que visitar en 2017. A ella han acudido cerca de 150 creadores de las m\u00e1s diversas disciplinas y las m\u00e1s variadas nacionalidades, Un continuo ir y venir de autores que han hecho de este espacio, dirigido por Carla Sodi, un oasis en una de las regiones m\u00e1s deprimidas, olvidadas y pobres del pa\u00eds.<\/p>\n<p class=\"x_MsoNormal\">\n<p class=\"x_MsoNormal\">\u00a0\u201cEste lugar tiene mucho de mon\u00e1stico. La arquitectura fomenta una introspecci\u00f3n profunda en uno mismo. Algo que no a todos los artistas les sienta bien. Tambi\u00e9n enfatiza ese car\u00e1cter mon\u00e1stico el contraste con la comunidad, el staff y la marginalidad de la zona. Esto afecta en mayor medida a quienes m\u00e1s cerca de este contexto local est\u00e1n. Al extranjero le puede resultar ex\u00f3tico, pero para los artistas que son de este Estado llega a ser duro\u201d, comenta Alberto R\u00edos, curador de Casa Wabi y encargado de seleccionar a los artistas que realizan una residencia de entre uno y tres meses.<\/p>\n<p class=\"x_MsoNormal\">\n<p class=\"x_MsoNormal\">Arte que impacta sobre una poblaci\u00f3n que hasta ahora viv\u00eda a demasiados kil\u00f3metros de un cine, una sala de teatro o del circuito habitual de las exposiciones. Los proyectos que se desarrollan en Casa Wabi tienen como requisito indispensable generar un intercambio entre el artista y los chatinos, afromestizos o mixtecas que habitan las 12 comunidades que rodean esta casa, cuya sola presencia transforma la zona.<\/p>\n<p class=\"x_MsoNormal\">\n<p class=\"x_MsoNormal\">Exuberante en sus planteamientos, discreta para su entorno, el edificio principal ha sido dise\u00f1ado por el arquitecto japon\u00e9s Tadao Ando y uno de sus pabellones por el portugu\u00e9s \u00c1lvaro Siza. Esta obra minimalista, camuflada entre la naturaleza y de enorme simbolismo, re\u00fane dormitorios, estudios, una sala de exposiciones, otra de proyecci\u00f3n, zonas para el encuentro y tambi\u00e9n para la meditaci\u00f3n.<\/p>\n<p class=\"x_MsoNormal\">\n<p class=\"x_MsoNormal\">Desde la playa, apenas se aprecian una docena de palapas. En su interior, 300 metros de muro recorren el lugar. Es la columna vertebral de la casa. A un lado est\u00e1 el sur, el mar y la paradisiaca costa; al otro, el norte, la monta\u00f1a y el extenso jard\u00edn. Solo en ciertos puntos estrat\u00e9gicos del complejo se puede atravesar el hormig\u00f3n. \u201cEn Casa Wabi hay que decidir de qu\u00e9 lado del muro se est\u00e1\u201d, comenta R\u00edos.<\/p>\n<p class=\"x_MsoNormal\">\n<p class=\"x_MsoNormal\">\u201cCuando llegamos, resultaba impactante para la gente del lugar. No sab\u00edan c\u00f3mo enfrentarse a este tipo de arquitectura. Era interesante ver sus reacciones a las exposiciones de galer\u00eda. Cuando una persona no ha tenido contacto con el arte contempor\u00e1neo se produce un shock al enfrentarse a \u00e9l\u201d, cuenta Juan Pino, director del programa comunitario.<\/p>\n<p class=\"x_MsoNormal\">\n<p class=\"x_MsoNormal\">El contraste entre estos dos mundos se produce dentro y fuera de Casa Wabi. Ahora el cine ha llegado hasta las plazas de los pueblos y una biblioteca m\u00f3vil recorre las calles sin asfaltar de las comunidades. Mientras, en las recetas de las cocineras de esta residencia, atendida por un nutrido grupo de mujeres de la zona, se aprecia la influencia de los reconocidos chefs Niki Nakayama, Enrique Olvera y Najat Kaanache, que visitaron el lugar.<\/p>\n<p class=\"x_MsoNormal\">\n<p class=\"x_MsoNormal\">\u201cAqu\u00ed la gente no ha ido a una sala de cine y nosotros pretendemos acercarles un s\u00e9ptimo arte diferente aunque esto no resulte f\u00e1cil. No por darles una pel\u00edcula se convierten en cin\u00e9filos, por lo que realizamos un importante trabajo de sensibilizaci\u00f3n. Les entregamos un espacio en el que concentrarse en entender otro tipo de largometrajes\u201d, cuenta Paola Herrera, productora de pel\u00edculas de ficci\u00f3n y directora del programa de cine en Casa Wabi.<\/p>\n<p class=\"x_MsoNormal\">\n<p class=\"x_MsoNormal\">El arte contempor\u00e1neo ha llegado hasta la comunidad. Invade un territorio ajeno a trav\u00e9s de proyectos que invitan a los adolescentes a manchar, que recogen el pasaje sonoro de una localidad o en el que los vecinos elaboran esculturas a partir de las formas prehisp\u00e1nicas que a\u00fan se conservan en el lugar. En definitiva, obras que revalorizan su historia, su entorno y su propia comunidad. Con ellas, los habitantes de la zona se adentran en terrenos hasta ahora desconocidos, dan rienda suelta a su creatividad y avanzan por el camino de la libertad. \u201cLos proyectos comunitarios son el alma de la fundaci\u00f3n, sin ellos ser\u00eda una residencia m\u00e1s como hay otras muchas en el mundo\u201d, argumenta Pino.<\/p>\n<p class=\"x_MsoNormal\">\n<p class=\"x_MsoNormal\">El artista belga Michel Fran\u00e7oise, el suizo Ugo Rondinone, el brit\u00e1nico Richard Wentworth y el espa\u00f1ol Santiago Sierra son algunos de los artistas que han acudido a esta residencia y han hecho suyo el lugar. Han contribuido a transformar Casa Wabi en un hogar, en el que se desayuna, come y cena en comunidad. Vivieron entre uno y tres meses en un espacio ideal para la introspecci\u00f3n y la meditaci\u00f3n. Pero, paradojas del destino, en el mejor lugar para crear, el arte a duras penas se puede conservar. La sal, el calor y la humedad destruyen las obras sin piedad.<\/p>\n","protected":false},"excerpt":{"rendered":"<p>Arte escondido en Oaxaca Casa Wabi, una residencia para artistas dise\u00f1ada por dos premios Pritzker de arquitectura, est\u00e1 situada entre comunidades ind\u00edgenas cercanas al tur\u00edstico Puerto Escondido, en la costa del Pac\u00edfico mexicano V\u00cdCTOR US\u00d3N Puerto Escondido Frente al Oc\u00e9ano Pac\u00edfico, a los pies de una solitaria playa y a escasos metros de la monta\u00f1a, [&hellip;]<\/p>\n","protected":false},"author":249,"featured_media":12869,"comment_status":"open","ping_status":"closed","sticky":false,"template":"","format":"standard","meta":{"footnotes":""},"categories":[1],"tags":[],"class_list":["post-12868","post","type-post","status-publish","format-standard","has-post-thumbnail","hentry","category-sin-categoria"],"_links":{"self":[{"href":"https:\/\/eloficiodehistoriar.com.mx\/index.php?rest_route=\/wp\/v2\/posts\/12868","targetHints":{"allow":["GET"]}}],"collection":[{"href":"https:\/\/eloficiodehistoriar.com.mx\/index.php?rest_route=\/wp\/v2\/posts"}],"about":[{"href":"https:\/\/eloficiodehistoriar.com.mx\/index.php?rest_route=\/wp\/v2\/types\/post"}],"author":[{"embeddable":true,"href":"https:\/\/eloficiodehistoriar.com.mx\/index.php?rest_route=\/wp\/v2\/users\/249"}],"replies":[{"embeddable":true,"href":"https:\/\/eloficiodehistoriar.com.mx\/index.php?rest_route=%2Fwp%2Fv2%2Fcomments&post=12868"}],"version-history":[{"count":1,"href":"https:\/\/eloficiodehistoriar.com.mx\/index.php?rest_route=\/wp\/v2\/posts\/12868\/revisions"}],"predecessor-version":[{"id":12870,"href":"https:\/\/eloficiodehistoriar.com.mx\/index.php?rest_route=\/wp\/v2\/posts\/12868\/revisions\/12870"}],"wp:featuredmedia":[{"embeddable":true,"href":"https:\/\/eloficiodehistoriar.com.mx\/index.php?rest_route=\/wp\/v2\/media\/12869"}],"wp:attachment":[{"href":"https:\/\/eloficiodehistoriar.com.mx\/index.php?rest_route=%2Fwp%2Fv2%2Fmedia&parent=12868"}],"wp:term":[{"taxonomy":"category","embeddable":true,"href":"https:\/\/eloficiodehistoriar.com.mx\/index.php?rest_route=%2Fwp%2Fv2%2Fcategories&post=12868"},{"taxonomy":"post_tag","embeddable":true,"href":"https:\/\/eloficiodehistoriar.com.mx\/index.php?rest_route=%2Fwp%2Fv2%2Ftags&post=12868"}],"curies":[{"name":"wp","href":"https:\/\/api.w.org\/{rel}","templated":true}]}}