{"id":12879,"date":"2017-10-29T17:07:48","date_gmt":"2017-10-29T23:07:48","guid":{"rendered":"https:\/\/eloficiodehistoriar.com.mx\/?p=12879"},"modified":"2017-10-29T17:07:48","modified_gmt":"2017-10-29T23:07:48","slug":"mas-de-un-millon-de-vivos-aplauden-el-desfile-de-muertos-catrinas-y-calacas","status":"publish","type":"post","link":"https:\/\/eloficiodehistoriar.com.mx\/?p=12879","title":{"rendered":"M\u00e1s de un mill\u00f3n de vivos aplauden el desfile de muertos, Catrinas y calacas"},"content":{"rendered":"<p class=\"x_MsoNormal\">M\u00e1s de un mill\u00f3n de vivos aplauden el desfile de muertos, Catrinas y calacas<\/p>\n<p class=\"x_MsoNormal\">Las Ofrendas M\u00f3viles recorrieron Paseo de la Reforma hasta ubicarse en el Z\u00f3calo<\/p>\n<p class=\"x_MsoNormal\">Se vieron tambi\u00e9n personajes de la cultura mexicana y artistas que fallecieron este a\u00f1o<\/p>\n<p class=\"x_MsoNormal\">M\u00e1s de 15 carros aleg\u00f3ricos participaron en la segunda edici\u00f3n del desfile del D\u00eda de Muertos en la Ciudad de M\u00e9xico<\/p>\n<p class=\"x_MsoNormal\">\u00c1ngel Vargas<\/p>\n<p class=\"x_MsoNormal\">La Jornada<\/p>\n<p class=\"x_MsoNormal\">\n<p class=\"x_MsoNormal\">Saldo blanco fue reportado por la Secretar\u00eda de Seguridad P\u00fablica de la Ciudad de M\u00e9xico con motivo del Desfile de Ofrendas M\u00f3viles, efectuado ayer en la capital de la Rep\u00fablica como parte de las celebraciones del D\u00eda de Muertos, organizadas por el gobierno local.<\/p>\n<p class=\"x_MsoNormal\">\n<p class=\"x_MsoNormal\">De acuerdo con la instancia, m\u00e1s de un mill\u00f3n de personas presenciaron ese festivo y colorido recorrido, que durante cerca de tres horas abarc\u00f3 seis y medio kil\u00f3metros y que tuvo como punto de partida la Estela de Luz o Monumento del Bicentenario de la Independencia, conocido coloquialmente como la suavicrema, y que lleg\u00f3 a la Plaza de la Constituci\u00f3n.<\/p>\n<p class=\"x_MsoNormal\">\n<p class=\"x_MsoNormal\">Desde muy temprana hora, miles de personas comenzaron a llegar a Paseo de la Reforma con el prop\u00f3sito de conseguir el mejor lugar para apreciar el desfile, en el cual intervinieron una quincena de carros aleg\u00f3ricos y m\u00e1s de mil 500 voluntarios, que integraron las comparsas.<\/p>\n<p class=\"x_MsoNormal\">\n<p class=\"x_MsoNormal\">Centenas de mujeres ataviadas elegantemente como Catrinas, igual cantidad de calacas vestidas de gallardos charros, brujas, monjes, zombies, diablos, diablesas, momias, jorobados, vampiros e infinidad de esp\u00edritus chocarreros y de rostros maquillados como cr\u00e1neos humanos pudieron verse a lo largo de esa verbena popular.<\/p>\n<p class=\"x_MsoNormal\">\n<p class=\"x_MsoNormal\">De vez en vez, entre el avispero de voces humanas y la variada m\u00fasica surgida de los carros aleg\u00f3ricos, el firmamento fue enarcado con el fuerte tronido de los cohetones que desde la iglesia de San Hip\u00f3lito, a la altura del Metro Hidalgo, recordaron que ayer fue el d\u00eda de San Judas Tadeo, patrono de las causas imposibles.<\/p>\n<p class=\"x_MsoNormal\">\n<p class=\"x_MsoNormal\">Entre las comparsas destacaron los carros que rindieron homenaje al recientemente fallecido monero mexicano Eduardo del R\u00edo Rius, con la reproducci\u00f3n de los personajes de su historieta Los Supermachos, como Calzonzin, Do\u00f1a Eme y Don Perpetuo; algo similar con el dedicado a La Familia Burr\u00f3n, del tambi\u00e9n fallecido caricaturista Gabriel Vargas, en el que se apreciaron descarnados al apacible Don Regino, la desaforada Do\u00f1a Borola, y al resto de su prole: Macuca, El Tejocote y Foforito.<\/p>\n<p class=\"x_MsoNormal\">\n<p class=\"x_MsoNormal\">Tambi\u00e9n se observaron panteones gigantes m\u00f3viles, una enorme trajinera de Xochimilco con sus vistosos letreros en coloridas flores y en la que se transportaron actores disfrazados de personajes de la cultura popular mexicana ya fallecidos, como Frida Kahlo y Diego Rivera, Mar\u00eda F\u00e9lix, El Santo, JuanGa y Cantinflas, as\u00ed como un enorme y espeluznante tzomplantli prehisp\u00e1nico.<\/p>\n<p class=\"x_MsoNormal\">\n<p class=\"x_MsoNormal\">El desfile estuvo dividido en dos segmentos. El primero, titulado La muerte viva, incluy\u00f3 elementos relacionados con los decesos en el M\u00e9xico prehisp\u00e1nico, Colonial, Revolucionario y de la \u00e9poca actual; en tanto que el intitulado Carnaval de calaveras, incluy\u00f3 un reconocimiento a la brigada de rescatistas y voluntarios que intervinieron tras el sismo del pasado 19 de septiembre. Entre otros, desfilaron ocho binomios caninos que participaron en las labores de salvamento.<\/p>\n<p class=\"x_MsoNormal\">\n<p class=\"x_MsoNormal\">Esta actividad forma parte del programa Celebraci\u00f3n de muertos 2017, que a partir de ayer y hasta el 4 de noviembre conmemorar\u00e1 una de las tradiciones con mayor arraigo en el pa\u00eds, declarada Patrimonio Cultural Inmaterial de la Humanidad por la Unesco en 2003.<\/p>\n<p class=\"x_MsoNormal\">\n<p class=\"x_MsoNormal\">Organizada por el gobierno de la Ciudad de M\u00e9xico, por conducto de la Secretar\u00eda de Cultura local, la celebraci\u00f3n de este a\u00f1o est\u00e1 dedicada a honrar la memoria de las v\u00edctimas del terremoto del pasado 19 de septiembre y a reconocer la cultura solidaria de voluntarios y rescatistas.<\/p>\n<p class=\"x_MsoNormal\">\n<p class=\"x_MsoNormal\">Adem\u00e1s del desfile, el programa incluye una ofrenda monumental en el Z\u00f3calo capitalino, que permanecer\u00e1 abierta hasta el 2 de noviembre; un foro art\u00edstico con actividades en esas mismas fechas y un paseo nocturno en bicicleta, a realizarse el 4 de noviembre.<\/p>\n","protected":false},"excerpt":{"rendered":"<p>M\u00e1s de un mill\u00f3n de vivos aplauden el desfile de muertos, Catrinas y calacas Las Ofrendas M\u00f3viles recorrieron Paseo de la Reforma hasta ubicarse en el Z\u00f3calo Se vieron tambi\u00e9n personajes de la cultura mexicana y artistas que fallecieron este a\u00f1o M\u00e1s de 15 carros aleg\u00f3ricos participaron en la segunda edici\u00f3n del desfile del D\u00eda [&hellip;]<\/p>\n","protected":false},"author":249,"featured_media":12880,"comment_status":"open","ping_status":"closed","sticky":false,"template":"","format":"standard","meta":{"footnotes":""},"categories":[1],"tags":[],"class_list":["post-12879","post","type-post","status-publish","format-standard","has-post-thumbnail","hentry","category-sin-categoria"],"_links":{"self":[{"href":"https:\/\/eloficiodehistoriar.com.mx\/index.php?rest_route=\/wp\/v2\/posts\/12879","targetHints":{"allow":["GET"]}}],"collection":[{"href":"https:\/\/eloficiodehistoriar.com.mx\/index.php?rest_route=\/wp\/v2\/posts"}],"about":[{"href":"https:\/\/eloficiodehistoriar.com.mx\/index.php?rest_route=\/wp\/v2\/types\/post"}],"author":[{"embeddable":true,"href":"https:\/\/eloficiodehistoriar.com.mx\/index.php?rest_route=\/wp\/v2\/users\/249"}],"replies":[{"embeddable":true,"href":"https:\/\/eloficiodehistoriar.com.mx\/index.php?rest_route=%2Fwp%2Fv2%2Fcomments&post=12879"}],"version-history":[{"count":1,"href":"https:\/\/eloficiodehistoriar.com.mx\/index.php?rest_route=\/wp\/v2\/posts\/12879\/revisions"}],"predecessor-version":[{"id":12881,"href":"https:\/\/eloficiodehistoriar.com.mx\/index.php?rest_route=\/wp\/v2\/posts\/12879\/revisions\/12881"}],"wp:featuredmedia":[{"embeddable":true,"href":"https:\/\/eloficiodehistoriar.com.mx\/index.php?rest_route=\/wp\/v2\/media\/12880"}],"wp:attachment":[{"href":"https:\/\/eloficiodehistoriar.com.mx\/index.php?rest_route=%2Fwp%2Fv2%2Fmedia&parent=12879"}],"wp:term":[{"taxonomy":"category","embeddable":true,"href":"https:\/\/eloficiodehistoriar.com.mx\/index.php?rest_route=%2Fwp%2Fv2%2Fcategories&post=12879"},{"taxonomy":"post_tag","embeddable":true,"href":"https:\/\/eloficiodehistoriar.com.mx\/index.php?rest_route=%2Fwp%2Fv2%2Ftags&post=12879"}],"curies":[{"name":"wp","href":"https:\/\/api.w.org\/{rel}","templated":true}]}}