{"id":12889,"date":"2017-11-12T11:55:12","date_gmt":"2017-11-12T17:55:12","guid":{"rendered":"https:\/\/eloficiodehistoriar.com.mx\/?p=12889"},"modified":"2017-11-12T11:55:12","modified_gmt":"2017-11-12T17:55:12","slug":"abriran-la-exposicion-rojo-mexicano-en-el-museo-del-palacio-de-bellas-artes","status":"publish","type":"post","link":"https:\/\/eloficiodehistoriar.com.mx\/?p=12889","title":{"rendered":"Abrir\u00e1n la exposici\u00f3n Rojo mexicano en el Museo del Palacio de Bellas Artes"},"content":{"rendered":"<p class=\"x_MsoNormal\">Abrir\u00e1n la exposici\u00f3n Rojo mexicano en el Museo del Palacio de Bellas Artes<\/p>\n<p class=\"x_MsoNormal\">Muestran c\u00f3mo Van Gogh sucumbi\u00f3 ante el carm\u00edn de la grana cochinilla<\/p>\n<p class=\"x_MsoNormal\">El artista holand\u00e9s utiliz\u00f3 ese pigmento milenario en unas 40 obras<\/p>\n<p class=\"x_MsoNormal\">Merry MacMasters<\/p>\n<p class=\"x_MsoNormal\">\u00a0La Jornada<\/p>\n<p class=\"x_MsoNormal\">Madeja de lana te\u00f1ida de color guinda mediante la t\u00e9cnica por ebullici\u00f3n de color (San Juan Chamula, Chiapas); pan de cochinilla, grana cochinilla procesada y moldeada en forma de pastilla para su uso tint\u00f3reo (Oaxaca); frasco con carm\u00edn de cochinilla (Oaxaca); grana cochinilla disecada en cuenco (Museo Nacional de Antropolog\u00eda, INAH, Ciudad de M\u00e9xico); cuatro madejas de lana te\u00f1idas con cochinilla, y tenate mixteco de palma para la recolecci\u00f3n de cochinilla (Oaxaca), piezas incluidas en la exposici\u00f3nFoto cortes\u00eda del museo<\/p>\n<p class=\"x_MsoNormal\">El pintor holand\u00e9s Vincent van Gogh ten\u00eda especial fascinaci\u00f3n por el rojo intenso que se obtiene de la grana cochinilla, insecto que se reproduce en las pencas del nopal. El primer embarque comercial a Europa del extracto de la tambi\u00e9n llamada cochinilla del carm\u00edn se ubica en 1523 o 1526. En la actualidad, se sabe que en aproximadamente 40 de sus obras utiliz\u00f3 ese pigmento mexicano.<\/p>\n<p class=\"x_MsoNormal\">\n<p class=\"x_MsoNormal\">El negocio de este producto nacional \u2013en su momento el segundo en importancia, despu\u00e9s de la plata\u2013 lleg\u00f3 a Asia en el siglo XIX, donde se puso de moda en el arte japon\u00e9s. Van Gogh y su hermano Theo llegaron a tener una colecci\u00f3n de 350 grabados japoneses en los que destaca el rojo, sin que ellos supieran que este color estaba hecho a partir de la grana cochinilla.<\/p>\n<p class=\"x_MsoNormal\">\n<p class=\"x_MsoNormal\">La predilecci\u00f3n de Van Gogh por ese pigmento \u2013Theo compraba los materiales a Vincent\u2013 es patente en una de las tres versiones que pint\u00f3 de La rec\u00e1mara de Van Gogh en Arl\u00e9s (1889), cuadro incluido en Rojo mexicano: la grana cochinilla en el arte, exposici\u00f3n que re\u00fane 70 obras, la cual ser\u00e1 inaugurada este jueves en el Museo del Palacio de Bellas Artes.<\/p>\n<p class=\"x_MsoNormal\">\n<p class=\"x_MsoNormal\">El cobertor rojo de la cama en ese cuadro se aprecia en todo su esplendor en la recreaci\u00f3n de la rec\u00e1mara hecha al final de la exhibici\u00f3n para que interact\u00fae el p\u00fablico.<\/p>\n<p class=\"x_MsoNormal\">\n<p class=\"x_MsoNormal\">La finalidad de Rojo mexicano es abundar en el impacto de este pigmento milenario en la paleta de grandes maestros de la pintura, as\u00ed como ahondar en el conocimiento de esta aportaci\u00f3n de M\u00e9xico que alcanz\u00f3 gran protagonismo dentro de la historia, no s\u00f3lo a escala art\u00edstica, sino en los \u00e1mbitos econ\u00f3mico, pol\u00edtico y social, dijo Lidia Camacho, titular del Instituto Nacional de Bellas Artes (INBA).<\/p>\n<p class=\"x_MsoNormal\">\n<p class=\"x_MsoNormal\">De las obras incluidas en la exposici\u00f3n, 49 proceden de 16 colecciones nacionales y 21 de 11 museos internacionales, como la Galer\u00eda Nacional de Londres, el Instituto de Arte de Chicago, el Museo Metropolitano de Arte, de Nueva York y el Museo d\u2019Orsay de Par\u00eds.<\/p>\n<p class=\"x_MsoNormal\">\n<p class=\"x_MsoNormal\">Aparte del cuadro de Van Gogh, sobresalen La deposici\u00f3n de Cristo, de Tintoretto; San Juan escribiendo el Apocalipsis, de Mart\u00edn de Vos; Magdalena penitente, de Francisco de Zurbar\u00e1n; Cabeza de Cristo, de El Greco; Virgen de Guadalupe, de Crist\u00f3bal de Villalpando; Retrato del arzobispo Fernando de Vald\u00e9s, de Diego Vel\u00e1zquez; Madame Le\u00f3n Clapisson, de Pierre-Aguste Renoir, y Buenos d\u00edas se\u00f1or Gauguin, de Paul Gauguin. Tambi\u00e9n hay obras de Tiziano, Murillo, Delacroix, Turner y Reynolds. La mayor\u00eda de las piezas datan del siglo XVI a finales del XIX.<\/p>\n<p class=\"x_MsoNormal\">\n<p class=\"x_MsoNormal\">Al inicio del recorrido efectuado ayer, Lidia Camacho record\u00f3 que Rojo mexicano es fruto de un coloquio desarrollado en 2014, que reuni\u00f3 a especialistas de varios pa\u00edses para investigar sobre ese par\u00e1sito del nopal que fue un detonante relevante en el M\u00e9xico antiguo. Gracias a este insecto nuestros antepasados colorearon su piel, la cer\u00e1mica, los murales, la comida y los textiles.<\/p>\n<p class=\"x_MsoNormal\">\n<p class=\"x_MsoNormal\">Cultivo en 15 estados<\/p>\n<p class=\"x_MsoNormal\">\n<p class=\"x_MsoNormal\">Actualmente, 15 estados en el pa\u00eds se dedican de manera relevante a la producci\u00f3n de la grana cochinilla, actividad que experimenta un renacimiento. Camacho hizo hincapi\u00e9 en el aporte intelectual que la Secretar\u00eda de Agricultura, Ganader\u00eda, Desarrollo Social, Pesca y Alimentaci\u00f3n ha dado a la exposici\u00f3n mediante un micrositio con testimonios.<\/p>\n<p class=\"x_MsoNormal\">\n<p class=\"x_MsoNormal\">Georges Roque, especialista en teor\u00eda del color, curador de Rojo mexicano, dijo: Nunca se hab\u00eda hecho una exposici\u00f3n de esta \u00edndole. Sin embargo, no se trata de una sobre ese color en general, sino el rojo producido gracias a la cochinilla y los gustos por ello en el arte. Hacer una historia material de las obras implic\u00f3 la colaboraci\u00f3n de cient\u00edficos. En particular se emple\u00f3 la t\u00e9cnica conocida como Espectroscop\u00eda de Reflectancia de Fibra \u00d3ptica (FORS, por sus siglas en ingl\u00e9s). Se analizaron m\u00e1s de 200 obras y en 40 por ciento se encontraron rastros de cochinilla.<\/p>\n<p class=\"x_MsoNormal\">\n<p class=\"x_MsoNormal\">El recorrido se inicia con un textil fechado 300 a\u00f1os aC. Roque explic\u00f3 que es la primera vez que se pudo comprobar el uso de la cochinilla para las partes m\u00e1s rojas y tambi\u00e9n el a\u00f1il para las m\u00e1s azules. En la sala introductoria se muestran las l\u00e1minas y manuscrito hechos por Jos\u00e9 Antonio de Alzate (1737-1799), el primero en analizar y estudiar de manera profunda a la grana cochinilla.<\/p>\n<p class=\"x_MsoNormal\">\n<p class=\"x_MsoNormal\">Georges Roque apunt\u00f3 que el comercio de la grana era un privilegio y monopolio de la corona espa\u00f1ola. Los peninsulares nunca quisieron que se supiera qu\u00e9 era para mantener su privilegio. Alzate hizo una obra patriota porque quiso que se supiera su procedencia.<\/p>\n<p class=\"x_MsoNormal\">\n<p class=\"x_MsoNormal\">La muestra Rojo mexicano: la grana cochinilla en el arte est\u00e1 integrada por cuatro secciones. En La cochinilla, color del poder religioso se aborda en qu\u00e9 medida el pigmento lleg\u00f3 a ser una representaci\u00f3n simb\u00f3lica del poder. Por ejemplo, en el manto de la Virgen de Guadalupe en el cuadro de Villalpando, se detect\u00f3.<\/p>\n","protected":false},"excerpt":{"rendered":"<p>Abrir\u00e1n la exposici\u00f3n Rojo mexicano en el Museo del Palacio de Bellas Artes Muestran c\u00f3mo Van Gogh sucumbi\u00f3 ante el carm\u00edn de la grana cochinilla El artista holand\u00e9s utiliz\u00f3 ese pigmento milenario en unas 40 obras Merry MacMasters \u00a0La Jornada Madeja de lana te\u00f1ida de color guinda mediante la t\u00e9cnica por ebullici\u00f3n de color (San [&hellip;]<\/p>\n","protected":false},"author":249,"featured_media":12891,"comment_status":"open","ping_status":"closed","sticky":false,"template":"","format":"standard","meta":{"footnotes":""},"categories":[1],"tags":[],"class_list":["post-12889","post","type-post","status-publish","format-standard","has-post-thumbnail","hentry","category-sin-categoria"],"_links":{"self":[{"href":"https:\/\/eloficiodehistoriar.com.mx\/index.php?rest_route=\/wp\/v2\/posts\/12889","targetHints":{"allow":["GET"]}}],"collection":[{"href":"https:\/\/eloficiodehistoriar.com.mx\/index.php?rest_route=\/wp\/v2\/posts"}],"about":[{"href":"https:\/\/eloficiodehistoriar.com.mx\/index.php?rest_route=\/wp\/v2\/types\/post"}],"author":[{"embeddable":true,"href":"https:\/\/eloficiodehistoriar.com.mx\/index.php?rest_route=\/wp\/v2\/users\/249"}],"replies":[{"embeddable":true,"href":"https:\/\/eloficiodehistoriar.com.mx\/index.php?rest_route=%2Fwp%2Fv2%2Fcomments&post=12889"}],"version-history":[{"count":1,"href":"https:\/\/eloficiodehistoriar.com.mx\/index.php?rest_route=\/wp\/v2\/posts\/12889\/revisions"}],"predecessor-version":[{"id":12892,"href":"https:\/\/eloficiodehistoriar.com.mx\/index.php?rest_route=\/wp\/v2\/posts\/12889\/revisions\/12892"}],"wp:featuredmedia":[{"embeddable":true,"href":"https:\/\/eloficiodehistoriar.com.mx\/index.php?rest_route=\/wp\/v2\/media\/12891"}],"wp:attachment":[{"href":"https:\/\/eloficiodehistoriar.com.mx\/index.php?rest_route=%2Fwp%2Fv2%2Fmedia&parent=12889"}],"wp:term":[{"taxonomy":"category","embeddable":true,"href":"https:\/\/eloficiodehistoriar.com.mx\/index.php?rest_route=%2Fwp%2Fv2%2Fcategories&post=12889"},{"taxonomy":"post_tag","embeddable":true,"href":"https:\/\/eloficiodehistoriar.com.mx\/index.php?rest_route=%2Fwp%2Fv2%2Ftags&post=12889"}],"curies":[{"name":"wp","href":"https:\/\/api.w.org\/{rel}","templated":true}]}}