{"id":12899,"date":"2017-11-12T12:06:07","date_gmt":"2017-11-12T18:06:07","guid":{"rendered":"https:\/\/eloficiodehistoriar.com.mx\/?p=12899"},"modified":"2017-11-12T12:06:07","modified_gmt":"2017-11-12T18:06:07","slug":"rojo-mexicano-en-el-palacio-de-bellas-artes","status":"publish","type":"post","link":"https:\/\/eloficiodehistoriar.com.mx\/?p=12899","title":{"rendered":"Rojo Mexicano en el Palacio de Bellas Artes"},"content":{"rendered":"<div class=\"x_post-container x_cf\">\n<div class=\"x_post-content-right\">\n<div class=\"x_post-content x_description\">\n<p>Rojo mexicano en El Palacio de Bellas Artes<\/p>\n<p>CIUDAD DE M\u00c9XICO<\/p>\n<p>(proceso.com.mx).-<\/p>\n<p>Curada por Georges Roque, la muestra\u00a0<em>Rojo Mexicano: la grana cochinilla en el arte<\/em>, en el Palacio Bellas Artes, da muestra de uno de los grandes aportes del M\u00e9xico prehisp\u00e1nico al arte universal: el pigmento de la grana cochinilla (par\u00e1sito de plantas perteneciente a la familia Dactylopidae, que se aloja en los nopales o tunas) que se sol\u00eda mezclar con tlalxocotl, una sal met\u00e1lica rica en aluminio y tlaliyac a partir de la cual se produce tonalidades usadas en las m\u00e1s importantes obras murales y pinturas tanto en M\u00e9xico como el extranjero, muestra de ello es La deposici\u00f3n de Cristo, de Tintoretto, La rec\u00e1mara de Van Gogh en Arl\u00e9s, La Virgen de Guadalupe, realizada por Crist\u00f3bal de Villalpando en el siglo XVII y el Ecce Homo, de Luis Morales \u201cEl Divino\u201d, del siglo XVI, que forman parte de la exposici\u00f3n reci\u00e9n abierta al p\u00fablico en el m\u00e1ximo recinto cultural del pa\u00eds.\u00a0<em>Rojo mexicano: la grana cochinilla en el arte<\/em>\u00a0se presenta de 10 a 17 horas en el Museo del Palacio de Bellas Artes hasta el 4 de febrero de 2018. Metro y Metrob\u00fas m\u00e1s cercano: estaci\u00f3n Bellas Artes.<\/p>\n<p><strong>Exposiciones de Jap\u00f3n y la India en el Museo Archivo de la Fotograf\u00eda<\/strong><\/p>\n<div id=\"x_taboola-mid-article-thumbnails\" class=\"x_trc_related_container x_trc_spotlight_widget x_trc_elastic x_trc_elastic_trc_22628\"><\/div>\n<p>El Museo Archivo de la Fotograf\u00eda es sede de dos exposiciones de Jap\u00f3n y la India en el marco del Segundo Festival Internacional de Fotograf\u00eda FotoM\u00e9xico 2017, organizado por el Centro de la Imagen. Se trata de las muestras Naoya Hatakeyama: Rikuzentakata y Raghu Rai, respectivamente. La primera muestra aborda la destrucci\u00f3n ocasionada por el terremoto y tsunami que afectaron a Jap\u00f3n en marzo de 2011, pero tambi\u00e9n se recuerda que se puede encontrar belleza y fuerza en los paisajes en reconstrucci\u00f3n. Mientras que en Raghu Rai se aprecia un panorama de la India moderna. La cita es en el Museo Archivo de la Fotograf\u00eda, ubicado en Rep\u00fablica de Guatemala 34, Centro Hist\u00f3rico, un costado del Templo Mayor, y unos pasos del Metro Z\u00f3calo, en horario de 10 a 18 horas.<\/p>\n<p><strong>\u00a1Instalaci\u00f3n para ni\u00f1os en el Teatro de la Danza\u00a1<\/strong><\/p>\n<p>Este s\u00e1bado y domingo, el Teatro de la Danza del Centro Cultural del Bosque se convertir\u00e1 en una plataforma de juegos, a trav\u00e9s de la instalaci\u00f3n QSC. Quiero ser clara, de la bailarina y pedagoga Karina Ter\u00e1n. Se trata de un montaje realizado con cuerdas de henequ\u00e9n conectadas a lo largo y ancho del escenario, cuyos espacios generan \u00e1ngulos de diferentes grados lo cual estimula la intuici\u00f3n y la capacidad corporal de los peque\u00f1os para que exploren sus capacidades f\u00edsicas y expresivas. La instalaci\u00f3n tendr\u00e1 m\u00fasica en vivo del grupo Los Ultramarinos y la actividad durar\u00e1 una hora a trav\u00e9s del cual los ni\u00f1os ser\u00e1n guiados por cinco momentos coreopedag\u00f3gicos: \u201cLlegada y recibimiento\u201d, \u201cPlanteamiento del reto\u201d, \u201cHaciendo el reto\u201d, \u201cHaciendo el reto con m\u00fasica y \u201cSoluciones del reto\u201d. QSC. Quiero ser clara se escenificar\u00e1 esta s\u00e1bado y domingo a las 13 horas en el Centro Cultural del Bosque (a espaldas del Metro Auditorio), y se repetir\u00e1 funciones los d\u00edas 8 y 19 de noviembre en el CCB.<\/p>\n<p><strong>\u201cAsesinato en el expreso de oriente\u201d, estreno<\/strong><\/p>\n<p>Dirigida por Kenneth Branagh, con un gui\u00f3n de Michael Green, la novela del mismo nombre de Agatha Christie es llevada a la pantalla grande. La protagonizan Tom Bateman, Lucy Boynton, Olivia Colman, Pen\u00e9lope Cruz y el mismo Branagh como el c\u00e9lebre detective Hercule Poirot, quien intenta resolver lo que podr\u00eda llegar a ser uno de los cr\u00edmenes m\u00e1s infames de la historia. Se trata del asesinato de un adinerado hombre de negocios en el lujoso tren europeo en pleno invierno, y el polic\u00eda deber\u00e1 utilizar todo recurso para descubrir qui\u00e9n de los pasajeros es el homicida, antes de que \u00e9l o ella vuelva a atacar de nuevo. Publicada en 1934, la novela de Agatha Christie, Murder on the orient express, es considerada una de las historias m\u00e1s ingeniosas jam\u00e1s concebidas. El libro sigue siendo muy querido por las nuevas generaciones de lectores. Un gran admirador de Christie y colaborador antiguo del productor Ridley Scott, el guionista Michael Green, estaba encantado cuando le pidieron que llevara la historia a la pantalla. Scottno dej\u00f3 la vio como una oportunidad maravillosa. Se estrena en los cines este 10 de noviembre. La distribuye 20Th Century Fox.<\/p>\n<p><strong>M\u00e9xico es Cultura<\/strong><\/p>\n<p>Actividades para toda la familia las puede encontrar en la p\u00e1gina electr\u00f3nica www.mexicoescultura.com de la Secretar\u00eda de Cultura federal, donde hay informaci\u00f3n completa sobre exposiciones en museos, recintos o centros, as\u00ed como funciones de diversas ramas de las artes cl\u00e1sicas como teatro, danza, literatura, pl\u00e1stica, m\u00fasica, arquitectura, cine\u2026 La consulta es libre o bien en el n\u00famero telef\u00f3nico 01800CULTURA.<\/p>\n<p><strong>Museos con visitas interactivas<\/strong><\/p>\n<p>El Museo del Palacio de Bellas Artes que forma parte de los Museos Interactivos del INBA le permita recorrer de manera digital todos los murales del recinto de m\u00e1rmol hasta con zoom de hasta diez cent\u00edmetros de distancia real a trav\u00e9s de 3D y tecnolog\u00eda de 360\u00b0. As\u00ed, puede recorrer palmo a palmo y al detalle las obras de Diego Rivera, Jos\u00e9 Clemente Orozco, David Alfaro Siqueiros, Rufino Tamayo, Jorge Gonz\u00e1lez Camarena, Roberto Montenegro y Manuel Rodr\u00edguez Lozano en: www.museopalaciodebellasartes.gob.mx Otros tres recintos con esta modalidad son: www.museocasadecarranza.gob.mx<br \/>\nwww.museoculturaspopulares.gob.mx y<br \/>\nwww.museoferrocarrilesmexicanos.gob.mx<\/p>\n<p>Actividades de la Secretar\u00eda de Cultura de la CDMX<br \/>\nPara conocer la cartelera de actividades de la Secretar\u00eda de Cultura del gobierno de la Ciudad de M\u00e9xico, visite la p\u00e1gina: www.cultura.cdmx.gob.mx\/<\/p>\n<\/div>\n<\/div>\n<\/div>\n","protected":false},"excerpt":{"rendered":"<p>Rojo mexicano en El Palacio de Bellas Artes CIUDAD DE M\u00c9XICO (proceso.com.mx).- Curada por Georges Roque, la muestra\u00a0Rojo Mexicano: la grana cochinilla en el arte, en el Palacio Bellas Artes, da muestra de uno de los grandes aportes del M\u00e9xico prehisp\u00e1nico al arte universal: el pigmento de la grana cochinilla (par\u00e1sito de plantas perteneciente a [&hellip;]<\/p>\n","protected":false},"author":249,"featured_media":12900,"comment_status":"open","ping_status":"closed","sticky":false,"template":"","format":"standard","meta":{"footnotes":""},"categories":[1],"tags":[],"class_list":["post-12899","post","type-post","status-publish","format-standard","has-post-thumbnail","hentry","category-sin-categoria"],"_links":{"self":[{"href":"https:\/\/eloficiodehistoriar.com.mx\/index.php?rest_route=\/wp\/v2\/posts\/12899","targetHints":{"allow":["GET"]}}],"collection":[{"href":"https:\/\/eloficiodehistoriar.com.mx\/index.php?rest_route=\/wp\/v2\/posts"}],"about":[{"href":"https:\/\/eloficiodehistoriar.com.mx\/index.php?rest_route=\/wp\/v2\/types\/post"}],"author":[{"embeddable":true,"href":"https:\/\/eloficiodehistoriar.com.mx\/index.php?rest_route=\/wp\/v2\/users\/249"}],"replies":[{"embeddable":true,"href":"https:\/\/eloficiodehistoriar.com.mx\/index.php?rest_route=%2Fwp%2Fv2%2Fcomments&post=12899"}],"version-history":[{"count":1,"href":"https:\/\/eloficiodehistoriar.com.mx\/index.php?rest_route=\/wp\/v2\/posts\/12899\/revisions"}],"predecessor-version":[{"id":12901,"href":"https:\/\/eloficiodehistoriar.com.mx\/index.php?rest_route=\/wp\/v2\/posts\/12899\/revisions\/12901"}],"wp:featuredmedia":[{"embeddable":true,"href":"https:\/\/eloficiodehistoriar.com.mx\/index.php?rest_route=\/wp\/v2\/media\/12900"}],"wp:attachment":[{"href":"https:\/\/eloficiodehistoriar.com.mx\/index.php?rest_route=%2Fwp%2Fv2%2Fmedia&parent=12899"}],"wp:term":[{"taxonomy":"category","embeddable":true,"href":"https:\/\/eloficiodehistoriar.com.mx\/index.php?rest_route=%2Fwp%2Fv2%2Fcategories&post=12899"},{"taxonomy":"post_tag","embeddable":true,"href":"https:\/\/eloficiodehistoriar.com.mx\/index.php?rest_route=%2Fwp%2Fv2%2Ftags&post=12899"}],"curies":[{"name":"wp","href":"https:\/\/api.w.org\/{rel}","templated":true}]}}