{"id":129,"date":"2008-05-26T09:31:55","date_gmt":"2008-05-26T14:31:55","guid":{"rendered":""},"modified":"2008-05-26T09:31:55","modified_gmt":"2008-05-26T14:31:55","slug":"templo-y-convento-de-los-dieguinos-en-queretaro","status":"publish","type":"post","link":"https:\/\/eloficiodehistoriar.com.mx\/?p=129","title":{"rendered":"Templo y Convento de Los Dieguinos en Quer\u00e9taro"},"content":{"rendered":"<p><strong><span style=\"font-size: 25pt\" lang=\"ES-TRAD\"><font face=\"Arial\">Convento de Religiosos Franciscanos Descalzos, llamado de San Antonio<o:p><\/o:p><\/font><\/span><\/strong><span lang=\"ES-TRAD\"><o:p><font face=\"Arial\">\u00a0<\/font><\/o:p><\/span><span lang=\"ES-TRAD\"><o:p><font face=\"Arial\">\u00a0<\/font><\/o:p><\/span><\/p>\n<table hspace=\"0\" vspace=\"0\" align=\"left\" cellPadding=\"0\" cellSpacing=\"0\">\n<tr>\n<td align=\"left\" vAlign=\"top\" style=\"background-color: transparent; border: #f0f0f0; padding: 0cm\"><span style=\"font-size: 51pt\" lang=\"ES-TRAD\"><font face=\"Arial\">L<o:p><\/o:p><\/font><\/span><\/td>\n<\/tr>\n<\/table>\n<p style=\"margin: 0cm 0cm 0pt\" class=\"MsoBodyText2\"><font face=\"Arial\"><span lang=\"ES-TRAD\"><\/span><\/font><\/p>\n<p style=\"margin: 0cm 0cm 0pt\" class=\"MsoBodyText2\"><font face=\"Arial\"><span lang=\"ES-TRAD\"><\/span><\/font><\/p>\n<p><font face=\"Arial\"><span lang=\"ES-TRAD\">a fundaci\u00f3n de este convento data de 1613, se elev\u00f3 a guardian\u00eda y se obtuvieron las licencias necesarias, empez\u00e1ndose a construir en 1615, bajo el papado de Paulo V y siendo Rey de Espa\u00f1a, Felipe lll. La iglesia esta perfectamente dispuesta y hermosamente adornada, donde resaltan sus colaterales, lo mismo que el claustro.<o:p><\/o:p><\/span><\/font><span lang=\"ES-TRAD\"><o:p><font face=\"Arial\">\u00a0<\/font><\/o:p><\/span><\/p>\n<p style=\"margin: 0cm 0cm 0pt\" class=\"MsoBodyText2\"><span lang=\"ES-TRAD\"><\/span><\/p>\n<p style=\"margin: 0cm 0cm 0pt\" class=\"MsoBodyText2\"><span lang=\"ES-TRAD\"><\/span><\/p>\n<p><span lang=\"ES-TRAD\"><font face=\"Arial\">El primer guardi\u00e1n del Convento de San Antonio fue Fray Gabriel de los \u00c1ngeles, su templo destaca por su sencillez, es de una estructura proporcionada y de gran valor est\u00e9tico, concordando simbolismo y arquitectura.<o:p><\/o:p><\/font><\/span><span lang=\"ES-TRAD\"><o:p><font face=\"Arial\">\u00a0<\/font><\/o:p><\/span><\/p>\n<p style=\"margin: 0cm 0cm 0pt\" class=\"MsoBodyText2\"><span lang=\"ES-TRAD\"><\/span><\/p>\n<p style=\"margin: 0cm 0cm 0pt\" class=\"MsoBodyText2\"><span lang=\"ES-TRAD\"><\/span><\/p>\n<p><span lang=\"ES-TRAD\"><font face=\"Arial\">Tres c\u00fapulas, una torre, una espaciosa capilla colateral, con su peque\u00f1o atrio, que le da un car\u00e1cter muy queretano, junto a la sencillez de la estructura del templo, logr\u00e1ndose uno de los rincones m\u00e1s hermosos de la ciudad.<o:p><\/o:p><\/font><\/span><span lang=\"ES-TRAD\"><o:p><font face=\"Arial\">\u00a0<\/font><\/o:p><\/span><\/p>\n<p style=\"margin: 0cm 0cm 0pt\" class=\"MsoBodyText2\"><span lang=\"ES-TRAD\"><\/span><\/p>\n<p style=\"margin: 0cm 0cm 0pt\" class=\"MsoBodyText2\"><span lang=\"ES-TRAD\"><\/span><\/p>\n<p><span lang=\"ES-TRAD\"><font face=\"Arial\">El ensamblador Crist\u00f3bal Sorola, construy\u00f3 el retablo dedicado a San Jos\u00e9 y la escultura de este fue realizada por<span>\u00a0 <\/span>Felipe Rodr\u00edguez, Pedro Maldonado elabor\u00f3 los retablos dedicados a San Diego y San Felipe de Jes\u00fas.<o:p><\/o:p><\/font><\/span><span lang=\"ES-TRAD\"><o:p><font face=\"Arial\">\u00a0<\/font><\/o:p><\/span><\/p>\n<p style=\"margin: 0cm 0cm 0pt\" class=\"MsoBodyText2\"><span lang=\"ES-TRAD\"><\/span><\/p>\n<p style=\"margin: 0cm 0cm 0pt\" class=\"MsoBodyText2\"><span lang=\"ES-TRAD\"><\/span><\/p>\n<p><span lang=\"ES-TRAD\"><font face=\"Arial\">El retablo mayor fue realizado en 1648 por el sevillano Pedro Ram\u00edrez y los pintores, Diego Rivera y Jos\u00e9 Ju\u00e1rez, siendo patrocinados por los caciques principales de Quer\u00e9taro, Baltasar Mart\u00edn y Mar\u00eda Magdalena.<o:p><\/o:p><\/font><\/span><span lang=\"ES-TRAD\"><o:p><font face=\"Arial\">\u00a0<\/font><\/o:p><\/span><\/p>\n<p style=\"margin: 0cm 0cm 0pt\" class=\"MsoBodyText2\"><span lang=\"ES-TRAD\"><\/span><\/p>\n<p style=\"margin: 0cm 0cm 0pt\" class=\"MsoBodyText2\"><span lang=\"ES-TRAD\"><\/span><\/p>\n<p><span lang=\"ES-TRAD\"><font face=\"Arial\">Existieron tambi\u00e9n retablos dedicados a nuestra Se\u00f1ora de Los Remedios, imagen de mucha veneraci\u00f3n en este templo, a <st1:personname ProductID=\"la Sant?sima Trinidad\" w:st=\"on\">la Sant\u00edsima Trinidad<\/st1:personname> y en la capilla, uno muy hermoso a San Francisco. El escultor Francisco Mart\u00ednez Gudi\u00f1o realiz\u00f3 dos bell\u00edsimas tallas de San Francisco y de San Diego de Alcal\u00e1.<o:p><\/o:p><\/font><\/span><span lang=\"ES-TRAD\"><o:p><font face=\"Arial\">\u00a0<\/font><\/o:p><\/span><\/p>\n<p style=\"margin: 0cm 0cm 0pt\" class=\"MsoBodyText2\"><span lang=\"ES-TRAD\"><\/span><\/p>\n<p style=\"margin: 0cm 0cm 0pt\" class=\"MsoBodyText2\"><span lang=\"ES-TRAD\"><\/span><\/p>\n<p><span lang=\"ES-TRAD\"><font face=\"Arial\">Mariano Perrusqu\u00eda ejecuta una talla de <st1:personname ProductID=\"la Inmaculada Concepci?n\" w:st=\"on\">la Inmaculada Concepci\u00f3n<\/st1:personname>, de inmejorable calidad, junto con las anteriormente citadas. Hubo una renovaci\u00f3n del templo en 1878, siendo su bendici\u00f3n y dedicaci\u00f3n los d\u00edas uno y dos de agosto de ese mismo a\u00f1o.<o:p><\/o:p><\/font><\/span><span lang=\"ES-TRAD\"><o:p><font face=\"Arial\">\u00a0<\/font><\/o:p><\/span><\/p>\n<p style=\"margin: 0cm 0cm 0pt\" class=\"MsoBodyText2\"><span lang=\"ES-TRAD\"><\/span><\/p>\n<p style=\"margin: 0cm 0cm 0pt\" class=\"MsoBodyText2\"><span lang=\"ES-TRAD\"><\/span><\/p>\n<p><span lang=\"ES-TRAD\"><font face=\"Arial\">Pedro de Rojas construy\u00f3 otro retablo para el altar mayor, bas\u00e1ndose en est\u00edpites, en 1733, sustituyendo al anterior. El Claustro, hasta nuestros d\u00edas se conserva en buenas condiciones y en las claves de la arquer\u00eda<span>\u00a0 <\/span>est\u00e1n esculpidos atlantes y el escudo franciscano de las cinco llagas m\u00e1s una pila para el agua bendita.<o:p><\/o:p><\/font><\/span><strong><span style=\"font-family: Arial\"><o:p>\u00a0<\/o:p><\/span><\/strong><\/p>\n<p style=\"margin: 0cm 0cm 0pt\" class=\"MsoBodyText2\"><span lang=\"ES-TRAD\"><\/span><\/p>\n<p style=\"margin: 0cm 0cm 0pt\" class=\"MsoBodyText2\"><span lang=\"ES-TRAD\"><\/span><\/p>\n<p><span lang=\"ES-TRAD\"><font face=\"Arial\">Existen en el templo dos capillas laterales, una dedicada a <st1:personname ProductID=\"la Dolorosa\" w:st=\"on\">la Dolorosa<\/st1:personname> y otra al Sant\u00edsimo Sacramento y dos lienzos en el sotocoro, uno a las \u00e1nimas, realizado en 1728, por Gregorio Romero y otro llamado \u201cdos milagros de San Francisco\u201d, an\u00f3nimo hasta la fecha.<o:p><\/o:p><\/font><\/span><strong><span style=\"font-family: Arial\"><o:p>\u00a0<\/o:p><\/span><\/strong><\/p>\n<p style=\"margin: 0cm 0cm 0pt\" class=\"MsoBodyText2\"><span lang=\"ES-TRAD\"><\/span><\/p>\n<p style=\"margin: 0cm 0cm 0pt\" class=\"MsoBodyText2\"><span lang=\"ES-TRAD\"><\/span><\/p>\n<p><span lang=\"ES-TRAD\"><font face=\"Arial\">Tuvo este conjunto conventual, una barda<span>\u00a0 <\/span>que<span>\u00a0 <\/span>rodeaba el atrio, la huerta y el claustro, constituido por lo que ahora son: El jard\u00edn de <st1:personname ProductID=\"la Corregidora\" w:st=\"on\">la Corregidora<\/st1:personname> y los edificios que lo rodean, adem\u00e1s del templo, capillas y el jard\u00edn de San Antonio.<o:p><\/o:p><\/font><\/span><span lang=\"ES-TRAD\"><o:p><font face=\"Arial\">\u00a0<\/font><\/o:p><\/span><\/p>\n<p style=\"margin: 0cm 0cm 0pt\" class=\"MsoBodyText2\"><span lang=\"ES-TRAD\"><\/span><\/p>\n<p style=\"margin: 0cm 0cm 0pt\" class=\"MsoBodyText2\"><span lang=\"ES-TRAD\"><\/span><\/p>\n<p><span lang=\"ES-TRAD\"><font face=\"Arial\">De <st1:metricconverter ProductID=\"1613 a\" w:st=\"on\">1613 a<\/st1:metricconverter> 1678 se construy\u00f3 el templo y el convento a expensas de Ant\u00f3n Mart\u00edn y la obra es de Fray Pedro de San Antonio. De <st1:metricconverter ProductID=\"1678 a\" w:st=\"on\">1678 a<\/st1:metricconverter> 1700 hay una etapa reconstructiva y decorativa, patrocinada por Juan Caballero y Osio, donde se construye la capilla anexa.<o:p><\/o:p><\/font><\/span><span lang=\"ES-TRAD\"><o:p><font face=\"Arial\">\u00a0<\/font><\/o:p><\/span><\/p>\n<p style=\"margin: 0cm 0cm 0pt\" class=\"MsoBodyText2\"><span lang=\"ES-TRAD\"><\/span><\/p>\n<p style=\"margin: 0cm 0cm 0pt\" class=\"MsoBodyText2\"><span lang=\"ES-TRAD\"><\/span><\/p>\n<p><span lang=\"ES-TRAD\"><font face=\"Arial\">En el siglo XVlll, se coloc\u00f3 en la actual esquina de 16 de septiembre y Corregidora la fuente de Neptuno, obra de Treguerras y que en 1909 fuera trasladada, ya mutilada a la esquina de las actuales calles de Madero y Allende.<o:p><\/o:p><\/font><\/span><span lang=\"ES-TRAD\"><o:p><font face=\"Arial\">\u00a0<\/font><\/o:p><\/span><\/p>\n<p style=\"margin: 0cm 0cm 0pt\" class=\"MsoBodyText2\"><span lang=\"ES-TRAD\"><\/span><\/p>\n<p style=\"margin: 0cm 0cm 0pt\" class=\"MsoBodyText2\"><span lang=\"ES-TRAD\"><\/span><\/p>\n<p><span lang=\"ES-TRAD\"><font face=\"Arial\">La fuente de Neptuno, para estos tiempos y<span>\u00a0 <\/span>destruidos los colaterales de esta obra de arte, fue trasladada al ahora llamado Jard\u00edn de Santa Clara. En 1861 se tira la barda atrial de San Antonio y de otros templos de la ciudad.<o:p><\/o:p><\/font><\/span><span lang=\"ES-TRAD\"><o:p><font face=\"Arial\">\u00a0<\/font><\/o:p><\/span><\/p>\n<p style=\"margin: 0cm 0cm 0pt\" class=\"MsoBodyText2\"><span lang=\"ES-TRAD\"><\/span><\/p>\n<p style=\"margin: 0cm 0cm 0pt\" class=\"MsoBodyText2\"><span lang=\"ES-TRAD\"><\/span><\/p>\n<p><span lang=\"ES-TRAD\"><font face=\"Arial\">De <st1:metricconverter ProductID=\"1778 a\" w:st=\"on\">1778 a<\/st1:metricconverter> 1808 se construye la capilla de <st1:personname ProductID=\"La Santa Escala\" w:st=\"on\">La Santa Escala<\/st1:personname>, en 1847 el gobernador Francisco de Paula Meza compra la huerta y destruye los retablos de San Antonio. En<span>\u00a0 <\/span>1848 se construye en el espacio de la huerta del convento o actual jard\u00edn Corregidora, un mercado.<o:p><\/o:p><\/font><\/span><span lang=\"ES-TRAD\"><o:p><font face=\"Arial\">\u00a0<\/font><\/o:p><\/span><\/p>\n<p style=\"margin: 0cm 0cm 0pt\" class=\"MsoBodyText2\"><span lang=\"ES-TRAD\"><\/span><\/p>\n<p style=\"margin: 0cm 0cm 0pt\" class=\"MsoBodyText2\"><span lang=\"ES-TRAD\"><\/span><\/p>\n<p><span lang=\"ES-TRAD\"><font face=\"Arial\">En 1865 y por dos a\u00f1os, el primer obispo de Quer\u00e9taro, Bernardo G\u00e1rate, el Seminario Conciliar de Nuestra Se\u00f1ora de Guadalupe, que ahora se encuentra en la antigua f\u00e1brica de <st1:personname ProductID=\"La Pur?sima\" w:st=\"on\">La Pur\u00edsima<\/st1:personname>, en inmejorables instalaciones, estuvo en este claustro.<o:p><\/o:p><\/font><\/span><span lang=\"ES-TRAD\"><o:p><font face=\"Arial\">\u00a0<\/font><\/o:p><\/span><\/p>\n<p style=\"margin: 0cm 0cm 0pt\" class=\"MsoBodyText2\"><span lang=\"ES-TRAD\"><\/span><\/p>\n<p style=\"margin: 0cm 0cm 0pt\" class=\"MsoBodyText2\"><span lang=\"ES-TRAD\"><\/span><\/p>\n<p><span lang=\"ES-TRAD\"><font face=\"Arial\">En 1867, durante el sitio de Quer\u00e9taro, el convento fue convertido en cuartel de Maximiliano. En 1877 se forma el Jard\u00edn de San Antonio, en lo que fuera el atrio del templo.<o:p><\/o:p><\/font><\/span><span lang=\"ES-TRAD\"><o:p><font face=\"Arial\">\u00a0<\/font><\/o:p><\/span><\/p>\n<p style=\"margin: 0cm 0cm 0pt\" class=\"MsoBodyText2\"><span lang=\"ES-TRAD\"><\/span><\/p>\n<p style=\"margin: 0cm 0cm 0pt\" class=\"MsoBodyText2\"><span lang=\"ES-TRAD\"><\/span><\/p>\n<p><span lang=\"ES-TRAD\"><font face=\"Arial\">En 1878 se reconstruye el templo de San Antonio por Manuel V\u00e1zquez. En 1894 se interviene la capilla de <st1:personname ProductID=\"La Santa Escala.\" w:st=\"on\">La Santa Escala.<\/st1:personname> En 1910 en lo que fuera la huerta del convento y posteriormente un mercado, lo convierten en el Jard\u00edn de <st1:personname ProductID=\"la Corregidora\" w:st=\"on\">La Corregidora<\/st1:personname>, coloc\u00e1ndose el magn\u00edfico monumento a Do\u00f1a Josefa Ortiz de Dom\u00ednguez, con motivo del centenario del inicio de la guerra de Independencia.<o:p><\/o:p><\/font><\/span><span lang=\"ES-TRAD\"><o:p><font face=\"Arial\">\u00a0<\/font><\/o:p><\/span><\/p>\n<p style=\"margin: 0cm 0cm 0pt\" class=\"MsoBodyText2\"><span lang=\"ES-TRAD\"><\/span><\/p>\n<p style=\"margin: 0cm 0cm 0pt\" class=\"MsoBodyText2\"><span lang=\"ES-TRAD\"><\/span><\/p>\n<p><span lang=\"ES-TRAD\"><font face=\"Arial\">El Convento de San Antonio, se encuentra en el camino real a Zacatecas,<span>\u00a0 <\/span>sus espacios son pragm\u00e1ticos y ecl\u00e9cticos. Su destrucci\u00f3n fue la misma que siguieron los conjuntos franciscanos en la ciudad y la morfolog\u00eda del espacio que ocupara nos da documentos monumentales y arqueol\u00f3gicos para estudiar este convento del que se cuentan hasta ahora pocos documentos escritos para su estudio.<o:p><\/o:p><\/font><\/span><span lang=\"ES-TRAD\"><o:p><font face=\"Arial\">\u00a0<\/font><\/o:p><\/span><\/p>\n<p style=\"margin: 0cm 0cm 0pt\" class=\"MsoBodyText2\"><span lang=\"ES-TRAD\"><\/span><\/p>\n<p style=\"margin: 0cm 0cm 0pt\" class=\"MsoBodyText2\"><span lang=\"ES-TRAD\"><\/span><\/p>\n<p><span lang=\"ES-TRAD\"><font face=\"Arial\">El Fraile Felipe Luna, participante el la apolog\u00eda de <st1:personname ProductID=\"la Independencia\" w:st=\"on\">la Independencia<\/st1:personname> de M\u00e9xico fue parte de los dieguinos del convento de San Antonio de esta ciudad, entre otros miembros muy distinguidos que tuvo este convento de observant\u00edsima regla de San Francisco.<o:p><\/o:p><\/font><\/span><span style=\"font-family: Arial\"><o:p><\/o:p><\/span>\u00a0<\/p>\n","protected":false},"excerpt":{"rendered":"<p>Convento de Religiosos Franciscanos Descalzos, llamado de San Antonio\u00a0\u00a0 L a fundaci\u00f3n de este convento data de 1613, se elev\u00f3 a guardian\u00eda y se obtuvieron las licencias necesarias, empez\u00e1ndose a construir en 1615, bajo el papado de Paulo V y siendo Rey de Espa\u00f1a, Felipe lll. La iglesia esta perfectamente dispuesta y hermosamente adornada, donde [&hellip;]<\/p>\n","protected":false},"author":249,"featured_media":0,"comment_status":"open","ping_status":"closed","sticky":false,"template":"","format":"standard","meta":{"footnotes":""},"categories":[],"tags":[],"class_list":["post-129","post","type-post","status-publish","format-standard","hentry"],"_links":{"self":[{"href":"https:\/\/eloficiodehistoriar.com.mx\/index.php?rest_route=\/wp\/v2\/posts\/129","targetHints":{"allow":["GET"]}}],"collection":[{"href":"https:\/\/eloficiodehistoriar.com.mx\/index.php?rest_route=\/wp\/v2\/posts"}],"about":[{"href":"https:\/\/eloficiodehistoriar.com.mx\/index.php?rest_route=\/wp\/v2\/types\/post"}],"author":[{"embeddable":true,"href":"https:\/\/eloficiodehistoriar.com.mx\/index.php?rest_route=\/wp\/v2\/users\/249"}],"replies":[{"embeddable":true,"href":"https:\/\/eloficiodehistoriar.com.mx\/index.php?rest_route=%2Fwp%2Fv2%2Fcomments&post=129"}],"version-history":[{"count":0,"href":"https:\/\/eloficiodehistoriar.com.mx\/index.php?rest_route=\/wp\/v2\/posts\/129\/revisions"}],"wp:attachment":[{"href":"https:\/\/eloficiodehistoriar.com.mx\/index.php?rest_route=%2Fwp%2Fv2%2Fmedia&parent=129"}],"wp:term":[{"taxonomy":"category","embeddable":true,"href":"https:\/\/eloficiodehistoriar.com.mx\/index.php?rest_route=%2Fwp%2Fv2%2Fcategories&post=129"},{"taxonomy":"post_tag","embeddable":true,"href":"https:\/\/eloficiodehistoriar.com.mx\/index.php?rest_route=%2Fwp%2Fv2%2Ftags&post=129"}],"curies":[{"name":"wp","href":"https:\/\/api.w.org\/{rel}","templated":true}]}}