{"id":12906,"date":"2017-11-17T12:51:34","date_gmt":"2017-11-17T18:51:34","guid":{"rendered":"https:\/\/eloficiodehistoriar.com.mx\/?p=12906"},"modified":"2017-11-20T18:12:45","modified_gmt":"2017-11-21T00:12:45","slug":"estamos-vivos-porque-estamos-en-movimiento-jorge-drexler-presenta-el-videoclip-de-su-nuevo-sencillo","status":"publish","type":"post","link":"https:\/\/eloficiodehistoriar.com.mx\/?p=12906","title":{"rendered":"Estamos vivos porque estamos en \u201cMovimiento\u201d: Jorge Drexler presenta el videoclip de su nuevo sencillo"},"content":{"rendered":"<p><strong>Estamos vivos porque estamos en \u201cMovimiento\u201d: Jorge Drexler presenta el videoclip de su nuevo sencillo.<\/strong><\/p>\n<p><strong>Por Natt F\u00e9lix<\/strong><\/p>\n<p><strong>\u201cApenas nos pusimos en dos pies, comenzamos a migrar por la sabana, siguiendo la manada de bisontes, m\u00e1s all\u00e1 del horizonte a nuevas tierras lejanas\u2026\u201d<\/strong><\/p>\n<p><strong>\u201c\u2026Somos una especie en viaje, no tenemos pertenencias, sino equipaje\u201d.<\/strong><\/p>\n<p><strong>El pueblo Tarahumara o Rar\u00e1muri \u201clos de los pies ligeros\u201d es conocido por su resistencia corriendo distancias a varios cientos de kil\u00f3metros. Lorena corre con huaraches de pl\u00e1stico y el traje tradicional que ella misma confecciona.<\/strong><\/p>\n<p>Con estas palabras da inicio al nuevo video del m\u00fasico uruguayo Jorge Drexler, protagonizado por Lorena Ram\u00edrez, joven corredora rar\u00e1muri, originaria de la Sierra Tarahumara en M\u00e9xico, ganadora de la Ultramarat\u00f3n de 50km de los Ca\u00f1ones de Guachochi en Julio de este a\u00f1o donde fue la n\u00famero 1 entre m\u00e1s de 500 atletas de 12 pa\u00edses, y participante destacada por ser la primera mujer rar\u00e1muri en participar en la Ultramarat\u00f3n Bluetrail de 100 km en la isla\u00a0de\u00a0Tenerife, Espa\u00f1a, una de las pruebas de resistencia m\u00e1s emblem\u00e1ticas, \u00a0donde fue invitada directamente por la organizaci\u00f3n.<\/p>\n<p><em>\u201cEl pueblo tarahumara sobrevivi\u00f3 movi\u00e9ndose sierra adentro, lo cual cuestiona nuestra visi\u00f3n urbana contempor\u00e1nea acerca del deporte y la cultura. Ellos ven el acto de moverse y correr como algo natural que practican desde ni\u00f1os hasta ancianas y lo consideran parte fundamental de su identidad\u00bb. <\/em>As\u00ed lo describe una carta publicada en el diario espa\u00f1ol \u201cEl Pa\u00eds\u201d de la pluma del m\u00fasico.<\/p>\n<p>El pueblo rar\u00e1muri se distingue por su especial capacidad para correr grandes distancias sin detenerse, para transportarse de una comunidad a otra en los largos territorios de la sierra tarahumara solamente cuentan con sus pies, cruzando barrancas y arroyos, adem\u00e1s de subir y bajar monta\u00f1as; este pueblo ind\u00edgena mexicano es conocido hist\u00f3ricamente por sus especiales dotes para correr con gran resistencia. Los t<img loading=\"lazy\" decoding=\"async\" class=\" wp-image-12908 alignleft\" src=\"https:\/\/eloficiodehistoriar.com.mx\/wp-content\/uploads\/2017\/11\/Pies-300x144.jpg\" alt=\"\" width=\"454\" height=\"218\" srcset=\"https:\/\/eloficiodehistoriar.com.mx\/wp-content\/uploads\/2017\/11\/Pies-300x144.jpg 300w, https:\/\/eloficiodehistoriar.com.mx\/wp-content\/uploads\/2017\/11\/Pies-768x368.jpg 768w, https:\/\/eloficiodehistoriar.com.mx\/wp-content\/uploads\/2017\/11\/Pies.jpg 932w\" sizes=\"auto, (max-width: 454px) 100vw, 454px\" \/>arahumaras no entrenan ni reducen distancias como parte de su preparaci\u00f3n. Tampoco estiran ni calientan. Tan solo se acercan a la l\u00ednea de salida riendo y haciendo bromas para luego correr durante largos periodos de tiempo.<\/p>\n<p>Mar\u00eda Lorena Ram\u00edrez naci\u00f3 y reside en la localidad\u00a0Ci\u00e9naga de Norogachi, en el municipio de\u00a0Guachochi en el estado de Chihuahua. Combina sus labores cuidando el ganado de su familia con la pr\u00e1ctica del deporte. Mario, su hermano mayor ha sido su int\u00e9rprete y representante durante los \u00faltimos meses ya que ella nunca ha tenido la oportunidad de ir a la escuela y habla muy poco espa\u00f1ol ya que su lengua materna es el rar\u00e1muri.<\/p>\n<p>La joven de 22 a\u00f1os, platica que no tiene ning\u00fan tipo de entrenamiento m\u00e1s que caminar largas distancias para transportar le\u00f1a y agua, en donde recorre entre 10 y 15 km diariamente junto con sus animales en la peque\u00f1a poblaci\u00f3n donde vive junto con otras 75 familias en la Sierra Tarahumara. La joven realiza normalmente recorridos entre tierra, piedras, lodo y r\u00edos, sin utilizar equipo profesional ni ninguna indumentaria especial. Cada que se le cuestiona a la joven cu\u00e1l ha sido su secreto contesta: <em>\u201cCorro por la convicci\u00f3n de ganar\u201d.<\/em><\/p>\n<p>Lorena comenz\u00f3 a correr pr\u00e1cticamente en el momento que pudo poner un pie frente al otro, pero desde los 18 a\u00f1os lo hace como atleta. Para ella, correr es un ciclo diario tan natural como respirar.<\/p>\n<p>Lorena tampoco cuenta con alguna alimentaci\u00f3n especial como lo hacen normalmente los deportistas de alto rendimiento, su dieta consiste \u00fanicamente en agua, pinole, ma\u00edz, tortilla, chile y en ocasiones papa y arroz, su d\u00eda a d\u00eda es lo que la prepara para las competencias<\/p>\n<p>Varias marcas se han acercado para ofrecerle ropa deportiva y calzado y ella simplemente afirma que no lo necesita, a ella \u201cle gusta correr as\u00ed\u201d. Con este ejemplo, la joven corredora da muestra de que en una ultramarat\u00f3n se trata m\u00e1s de coraz\u00f3n, convicci\u00f3n y disciplina que de tenis.<\/p>\n<p>Su hermano, su padre y su abuelo tambi\u00e9n han sido corredores, y su hermano Mario est\u00e1 participando actualmente en las mismas carreras que ella. Recientemente viajaron juntos a Jap\u00f3n para participar en una competencia durante el mes de Octubre adem\u00e1s de participar en una pl\u00e1tica TEDx el pasado 9 de septiembre en el Teatro de la Ciudad Esperanza Iris de la Ciudad de M\u00e9xico, donde comparti\u00f3 su experiencia en la Sierra\u00a0Tarahumara y la historia detr\u00e1s de su victoria en el Cerro Rojo de Puebla.<\/p>\n<p>\u00abSomos padres, hijos, nietos y bisnietos de inmigrantes, es m\u00e1s m\u00edo lo que sue\u00f1o que lo que toco, yo no soy de aqu\u00ed pero t\u00fa tampoco, de ning\u00fan lado del todo y de todos lados un poco\u00bb.<\/p>\n<p>Lorena dijo en entrevista para a\u00a0\u201cVerne\u201d, medio informativo de El Pa\u00eds,\u00a0que siempre le gusta estar activa. Si no est\u00e1 caminando o corriendo, le gusta lavar los platos, la ropa o coser sus vestidos: <em>\u201cCuando estoy aqu\u00ed sin hacer nada me da mucha tristeza\u201d.<\/em><\/p>\n<p>A una semana de su lanzamiento, el video cuenta ya con m\u00e1s de 190 000 visitas en el canal de YouTube del m\u00fasico, el material fue\u00a0filmado por el director y cinemat\u00f3grafo mexicano, Lorenzo Hagerman quien capt\u00f3 impresionantes tomas a\u00e9reas y acercamientos de la corredora en su paso por los paisajes de las Barrancas del Cobre en la Sierra Madre Occidental Mexicana.<\/p>\n<p>Jorge Drexler, ganador de un \u00d3scar en 2005 por la canci\u00f3n \u201cAl Otro Lado del R\u00edo\u201d, conoci\u00f3 la historia de Lorena a trav\u00e9s del noticiero de la periodista mexicana Carmen Aristegui, donde tambi\u00e9n present\u00f3 su video a nivel internacional.<\/p>\n<p>El equipo de Hagerman grab\u00f3 a Lorena a mediados del mes pasado. Unos d\u00edas despu\u00e9s, el realizador Fran Torres rod\u00f3 la participaci\u00f3n de Jorge Drexler en Madrid, en la impresionante Biblioteca del Instituto del Patrimonio Cultural de Espa\u00f1a. Aunque Lorena y Jorge nunca se vieron cara a cara y \u00fanicamente han estado en contacto por medio de video mensajes, la edici\u00f3n final del video fue impecable y la conjunci\u00f3n y sincron\u00eda de Lorena y Drexler tambi\u00e9n.<\/p>\n<p><img loading=\"lazy\" decoding=\"async\" class=\" wp-image-12907 alignright\" src=\"https:\/\/eloficiodehistoriar.com.mx\/wp-content\/uploads\/2017\/11\/Pies2-300x144.jpg\" alt=\"\" width=\"494\" height=\"237\" srcset=\"https:\/\/eloficiodehistoriar.com.mx\/wp-content\/uploads\/2017\/11\/Pies2-300x144.jpg 300w, https:\/\/eloficiodehistoriar.com.mx\/wp-content\/uploads\/2017\/11\/Pies2-768x368.jpg 768w, https:\/\/eloficiodehistoriar.com.mx\/wp-content\/uploads\/2017\/11\/Pies2.jpg 937w\" sizes=\"auto, (max-width: 494px) 100vw, 494px\" \/><\/p>\n<p>Este corto audiovisual fue el complemento perfecto de la canci\u00f3n movimiento, tema de la autor\u00eda de Jorge Drexler, incluido en su disco \u201cSalvavidas de Hielo\u201d, que adem\u00e1s cuenta con duetos con las mexicanas Natalia Lafourcade, Julieta Venegas y la chilena Mon Laferte, adem\u00e1s de incluir la canci\u00f3n \u201cDigamos Que Hablo de Mart\u00ednez\u201d, tributo a Joaqu\u00edn Sabina, quien fue su mentor durante el principio de su carrera.<\/p>\n<p>El disco fue grabado en parte en M\u00e9xico y cabe destacar que solamente se utilizaron guitarras como \u00fanico elemento de sonido para hacer la melod\u00eda, los bajos e incluso los efectos y percusiones.<\/p>\n<p>El cantautor, que actualmente reside en Espa\u00f1a, comparti\u00f3 recientemente en sus redes sociales el video que le envi\u00f3 la misma Lorena en idioma tarahumara donde lo invita a correr por las Barrancas del Cobre, acto que no descarta el m\u00fasico uruguayo, quien le envi\u00f3 un mensaje agradecimiento a Lorena.<\/p>\n<p>Lorena y todos los rar\u00e1muris se han convertido en un orgullo para todos los mexicanos, porque d\u00eda a d\u00eda tambi\u00e9n corren para alcanzar sus sue\u00f1os, el m\u00e1s anhelado: tener educaci\u00f3n y mejores condiciones de vida.<\/p>\n<p>De una misma manera, la canci\u00f3n \u201cMovimiento\u201d intenta ver los movimientos migratorios en un contexto antropol\u00f3gico, como una caracter\u00edstica esencial de nuestra especie. Y el disco\u00a0\u201c<em>Salvavidas de Hielo\u201d<\/em>\u00a0incluye asimismo muchos elementos de la cultura mexicana, representados por el Son Jarocho de Veracruz en sus caracter\u00edsticas guitarras tradicionales, jaranas y\u00a0leonas. Comparte Drexler en una reciente entrevista para \u201cEl Pa\u00eds\u201d.<\/p>\n<p>La canci\u00f3n \u201cMovimiento\u201d, junto con el \u00edmpetu ganador de Lorena, demuestran que el ser humano puede lograr grandes cosas cuando se tiene la mente puesta en conseguir lo que se propone, siempre corriendo del estancamiento. Lo m\u00e1s importante al correr no est\u00e1 en los pies sino en la mente.<\/p>\n<p>\u201cAtravesamos desiertos, glaciares, continentes, el mundo entero de extremo a extremo, empecinados, supervivientes&#8230; El ojo en el viento y en las corrientes, cargamos con nuestro rumbo hecho de versos, de migraciones, de hambrunas. As\u00ed ha sido desde siempre, desde el infinito, cruzamos galaxias, vac\u00edos, milenios\u00bb, canta Drexler.<\/p>\n<p>Lorena as\u00ed ha dejado boquiabierto al mundo por demostrar que se pueden romper los est\u00e1ndares y estereotipos deportivos y triunfar en el mundo siendo fieles siempre\u00a0a nuestras convicciones y origen, llevando con gran orgullo y dignidad nuestra identidad.<\/p>\n<p>Como dice Drexler, \u201cNunca estamos quietos. Escuchamos la voz del desaf\u00edo, siempre miramos al r\u00edo pensando en la otra rivera,\u00a0busc\u00e1bamos ox\u00edgeno y encontramos sue\u00f1os\u00bb.<\/p>\n<p>&nbsp;<\/p>\n<p><iframe loading=\"lazy\" title=\"Jorge Drexler - Movimiento (Videoclip Oficial)\" width=\"640\" height=\"360\" src=\"https:\/\/www.youtube.com\/embed\/lIGRyRf7nH4?feature=oembed\" frameborder=\"0\" allow=\"accelerometer; autoplay; clipboard-write; encrypted-media; gyroscope; picture-in-picture; web-share\" referrerpolicy=\"strict-origin-when-cross-origin\" allowfullscreen><\/iframe><\/p>\n","protected":false},"excerpt":{"rendered":"<p>Estamos vivos porque estamos en \u201cMovimiento\u201d: Jorge Drexler presenta el videoclip de su nuevo sencillo. Por Natt F\u00e9lix \u201cApenas nos pusimos en dos pies, comenzamos a migrar por la sabana, siguiendo la manada de bisontes, m\u00e1s all\u00e1 del horizonte a nuevas tierras lejanas\u2026\u201d \u201c\u2026Somos una especie en viaje, no tenemos pertenencias, sino equipaje\u201d. El pueblo [&hellip;]<\/p>\n","protected":false},"author":249,"featured_media":12909,"comment_status":"open","ping_status":"closed","sticky":false,"template":"","format":"standard","meta":{"footnotes":""},"categories":[30,23,24,21,11,10,27,12,28,26,22,9],"tags":[],"class_list":["post-12906","post","type-post","status-publish","format-standard","has-post-thumbnail","hentry","category-arte","category-cine","category-ciudad-de-mexico","category-espectaculos","category-fotografia","category-historia","category-latinoamerica","category-libros","category-literatura","category-mundo","category-musica","category-otros-lugares"],"_links":{"self":[{"href":"https:\/\/eloficiodehistoriar.com.mx\/index.php?rest_route=\/wp\/v2\/posts\/12906","targetHints":{"allow":["GET"]}}],"collection":[{"href":"https:\/\/eloficiodehistoriar.com.mx\/index.php?rest_route=\/wp\/v2\/posts"}],"about":[{"href":"https:\/\/eloficiodehistoriar.com.mx\/index.php?rest_route=\/wp\/v2\/types\/post"}],"author":[{"embeddable":true,"href":"https:\/\/eloficiodehistoriar.com.mx\/index.php?rest_route=\/wp\/v2\/users\/249"}],"replies":[{"embeddable":true,"href":"https:\/\/eloficiodehistoriar.com.mx\/index.php?rest_route=%2Fwp%2Fv2%2Fcomments&post=12906"}],"version-history":[{"count":13,"href":"https:\/\/eloficiodehistoriar.com.mx\/index.php?rest_route=\/wp\/v2\/posts\/12906\/revisions"}],"predecessor-version":[{"id":12948,"href":"https:\/\/eloficiodehistoriar.com.mx\/index.php?rest_route=\/wp\/v2\/posts\/12906\/revisions\/12948"}],"wp:featuredmedia":[{"embeddable":true,"href":"https:\/\/eloficiodehistoriar.com.mx\/index.php?rest_route=\/wp\/v2\/media\/12909"}],"wp:attachment":[{"href":"https:\/\/eloficiodehistoriar.com.mx\/index.php?rest_route=%2Fwp%2Fv2%2Fmedia&parent=12906"}],"wp:term":[{"taxonomy":"category","embeddable":true,"href":"https:\/\/eloficiodehistoriar.com.mx\/index.php?rest_route=%2Fwp%2Fv2%2Fcategories&post=12906"},{"taxonomy":"post_tag","embeddable":true,"href":"https:\/\/eloficiodehistoriar.com.mx\/index.php?rest_route=%2Fwp%2Fv2%2Ftags&post=12906"}],"curies":[{"name":"wp","href":"https:\/\/api.w.org\/{rel}","templated":true}]}}