{"id":130,"date":"2008-05-26T09:47:23","date_gmt":"2008-05-26T14:47:23","guid":{"rendered":"https:\/\/eloficiodehistoriar.com.mx\/?p=130"},"modified":"2008-05-26T09:47:24","modified_gmt":"2008-05-26T14:47:24","slug":"templo-y-colegio-de-propaganda-fide-en-queretaro","status":"publish","type":"post","link":"https:\/\/eloficiodehistoriar.com.mx\/?p=130","title":{"rendered":"Templo y Colegio de Propaganda Fide en Quer\u00e9taro"},"content":{"rendered":"<p><strong><span style=\"font-size: 24pt\" lang=\"ES-TRAD\"><font face=\"Arial\">Colegio de Propaganda Fide, de <st1:personname ProductID=\"la Santa Cruz\" w:st=\"on\">La Santa Cruz<\/st1:personname> de Los Milagros<o:p><\/o:p><\/font><\/span><\/strong><font face=\"Arial\"><strong><span style=\"font-family: Arial\"><o:p><\/o:p><\/span><\/strong><\/font><\/p>\n<p style=\"margin: 0cm 0cm 0pt; text-align: justify\" class=\"MsoNormal\"><strong><span style=\"font-family: Arial\"><\/span><\/strong><\/p>\n<p style=\"margin: 0cm 0cm 0pt; text-align: justify\" class=\"MsoNormal\"><strong><span style=\"font-family: Arial\"><\/span><\/strong><\/p>\n<p style=\"margin: 0cm 0cm 0pt; text-align: justify\" class=\"MsoNormal\"><strong><span style=\"font-family: Arial\"><\/span><\/strong><\/p>\n<p><strong><span style=\"font-family: Arial\">Est\u00e1 fundado el pueblo de Tlachco o Quer\u00e9taro o Anda Maxei, El Gran Juego de Pelota, como era conocido antes de la invasi\u00f3n europea y despu\u00e9s de ella y hasta nuestros d\u00edas, en la loma sagrada del Sangremal, cerro venerado anualmente en forma multitudinaria por el pueblo de indios de Quer\u00e9taro.<o:p><\/o:p><\/span><\/strong><span style=\"font-family: Arial\"><o:p>\u00a0<\/o:p><\/span><\/p>\n<p style=\"margin: 0cm 0cm 0pt\" class=\"MsoBodyText2\"><span lang=\"ES-TRAD\"><\/span><\/p>\n<p style=\"margin: 0cm 0cm 0pt\" class=\"MsoBodyText2\"><span lang=\"ES-TRAD\"><\/span><\/p>\n<p><span lang=\"ES-TRAD\"><font face=\"Arial\">\u201c\u2026ha m\u00e1s de ochenta a\u00f1os que la devoci\u00f3n de los fieles as\u00ed espa\u00f1oles como indios, conmovidos de algunos milagros<span>\u00a0 <\/span>patentes que vieron<span>\u00a0 <\/span>en una Santa Cruz que estaba en un humilladero, puesta y colocada all\u00ed por religiosos de la orden de San Francisco cuando se pacific\u00f3 aquella tierra\u2026\u201d.<span>\u00a0 <\/span>\u201cEs el santuario de m\u00e1s devoci\u00f3n de aquel reino\u201d.<o:p><\/o:p><\/font><\/span><span style=\"font-family: Arial\"><o:p>\u00a0<\/o:p><\/span><\/p>\n<p style=\"margin: 0cm 0cm 0pt; text-align: justify\" class=\"MsoNormal\"><span style=\"font-family: Arial\"><\/span><\/p>\n<p style=\"margin: 0cm 0cm 0pt; text-align: justify\" class=\"MsoNormal\"><span style=\"font-family: Arial\"><\/span><\/p>\n<p><span style=\"font-family: Arial\">Juan de <st1:personname ProductID=\"La Cruz\" w:st=\"on\">la Cruz<\/st1:personname>, maestro de arquitectura, h\u00e1bil en el conocimiento y labrado de<span>\u00a0 <\/span>la cantera, bajo su mando cort\u00f3, las achaflanaron y las esculpieron, formando la cabeza y los brazos de la cruz, el cuerpo y la peana.<span>\u00a0 <\/span>Cuando fue trasladada al templo, fue metida a<span>\u00a0 <\/span>una caja de plata, con rayos del mismo metal, con sus respectivas vidrieras, alhajas y reliquias.<o:p><\/o:p><\/span><span style=\"font-family: Arial\"><o:p>\u00a0<\/o:p><\/span><\/p>\n<table hspace=\"0\" vspace=\"0\" align=\"left\" cellPadding=\"0\" cellSpacing=\"0\">\n<tr>\n<td align=\"left\" vAlign=\"top\" style=\"background-color: transparent; border: #f0f0f0; padding: 0cm\">\n<p style=\"margin: 0cm 0cm 0pt; vertical-align: baseline; line-height: 41pt\" class=\"MsoBodyText3\"><em><span style=\"font-size: 51pt\" lang=\"ES-MX\"><\/span><\/em><\/p>\n<p style=\"margin: 0cm 0cm 0pt; vertical-align: baseline; line-height: 41pt\" class=\"MsoBodyText3\"><em><span style=\"font-size: 51pt\" lang=\"ES-MX\"><\/span><\/em><\/p>\n<p><em><span style=\"font-size: 51pt\" lang=\"ES-MX\"><font face=\"Arial\">A<o:p><\/o:p><\/font><\/span><\/em><\/td>\n<\/tr>\n<\/table>\n<p style=\"margin: 0cm 0cm 0pt\" class=\"MsoBodyText3\"><em><span style=\"font-size: 12pt\" lang=\"ES-MX\"><\/span><\/em><\/p>\n<p style=\"margin: 0cm 0cm 0pt\" class=\"MsoBodyText3\"><em><span style=\"font-size: 12pt\" lang=\"ES-MX\"><\/span><\/em><\/p>\n<p style=\"margin: 0cm 0cm 0pt\" class=\"MsoBodyText3\"><em><span style=\"font-size: 12pt\" lang=\"ES-MX\"><\/span><\/em><\/p>\n<p style=\"margin: 0cm 0cm 0pt\" class=\"MsoBodyText3\"><em><span style=\"font-size: 12pt\" lang=\"ES-MX\"><\/span><\/em><\/p>\n<p style=\"margin: 0cm 0cm 0pt\" class=\"MsoBodyText3\"><em><span style=\"font-size: 12pt\" lang=\"ES-MX\"><\/span><\/em><\/p>\n<p style=\"margin: 0cm 0cm 0pt\" class=\"MsoBodyText3\"><em><span style=\"font-size: 12pt\" lang=\"ES-MX\"><\/span><\/em><\/p>\n<p><em><span style=\"font-size: 12pt\" lang=\"ES-MX\"><font face=\"Arial\">l inicio de la sumisi\u00f3n de Con\u00edn a las tropas de Nu\u00f1o de Guzm\u00e1n, cercano el a\u00f1o de 1531, en la cima de la loma del Sangremal, por el camino a Tenochtitlan, despu\u00e9s llamado camino real a M\u00e9xico, en terrenos propiedad de este pochtecatl y conquistador, se levant\u00f3 un humilladero, donde una cruz de piedra blanca sin labrar, fue reconocida por ambas religiones y pueblos, tanto de indios como de espa\u00f1oles.<o:p><\/o:p><\/font><\/span><\/em><em><span style=\"font-family: Arial\"><o:p>\u00a0<\/o:p><\/span><\/em><\/p>\n<p style=\"margin: 0cm 0cm 0pt\" class=\"MsoBodyText3\"><em><span style=\"font-size: 12pt\" lang=\"ES-MX\"><\/span><\/em><\/p>\n<p style=\"margin: 0cm 0cm 0pt\" class=\"MsoBodyText3\"><em><span style=\"font-size: 12pt\" lang=\"ES-MX\"><\/span><\/em><\/p>\n<p><em><span style=\"font-size: 12pt\" lang=\"ES-MX\"><font face=\"Arial\">En 1540 Con\u00edn trae a residir a los frailes franciscanos a Quer\u00e9taro y les entrega solar y medios para construir su claustro y templo, que llegar\u00eda a ser una gran ciudadela o el llamado Convento Grande de San Francisco y primera sede de la primera parroquia de la regi\u00f3n.<o:p><\/o:p><\/font><\/span><\/em><em><span style=\"font-family: Arial\"><o:p>\u00a0<\/o:p><\/span><\/em><\/p>\n<p style=\"margin: 0cm 0cm 0pt\" class=\"MsoBodyText3\"><em><span style=\"font-size: 12pt\" lang=\"ES-MX\"><\/span><\/em><\/p>\n<p style=\"margin: 0cm 0cm 0pt\" class=\"MsoBodyText3\"><em><span style=\"font-size: 12pt\" lang=\"ES-MX\"><\/span><\/em><\/p>\n<p><em><span style=\"font-size: 12pt\" lang=\"ES-MX\"><font face=\"Arial\">Para 1556 en la loma del Sangremal y a instancias de los frailes, Con\u00edn, a sus costas, instala el primer hospital para indios, en la casi reci\u00e9n refundado pueblo de Quer\u00e9taro, llamado Hospital de San Jos\u00e9 de Gracia, lugar que en forma modesta ten\u00eda donde celebrar misa y celdas para enfermeros y capell\u00e1n.<o:p><\/o:p><\/font><\/span><\/em><span style=\"font-family: Arial\"><o:p>\u00a0<\/o:p><\/span><\/p>\n<p style=\"margin: 0cm 0cm 0pt; text-align: justify\" class=\"MsoNormal\"><span style=\"font-family: Arial\"><\/span><\/p>\n<p style=\"margin: 0cm 0cm 0pt; text-align: justify\" class=\"MsoNormal\"><span style=\"font-family: Arial\"><\/span><\/p>\n<p><span style=\"font-family: Arial\">Para 1654 se fabric\u00f3 una iglesia y su convento y para 1670 lo destin\u00f3 <st1:personname ProductID=\"la Provincia\" w:st=\"on\">la Provincia<\/st1:personname> de Michoac\u00e1n para convento de recolecci\u00f3n con el t\u00edtulo de San Buenaventura, dice por ah\u00ed la cr\u00f3nica de Fray Isidro F\u00e9lix De Espinosa que \u201c<em>los hombres de la antig\u00fcedad, ignoraban la antig\u00fcedad de la ermita<\/em>\u201d (humilladero). \u201c<em>Le tributaban culto por estar a orillas del camino real: aunque los naturales del pueblo nunca olvidaron hacerle particulares obsequios<\/em>\u201d.<o:p><\/o:p><\/span><span style=\"font-family: Arial\"><o:p>\u00a0<\/o:p><\/span><\/p>\n<p style=\"margin: 0cm 0cm 0pt\" class=\"MsoBodyText2\"><span lang=\"ES-TRAD\"><\/span><\/p>\n<p style=\"margin: 0cm 0cm 0pt\" class=\"MsoBodyText2\"><span lang=\"ES-TRAD\"><\/span><\/p>\n<p><span lang=\"ES-TRAD\"><font face=\"Arial\">\u201cSe dejaba ver de todos nuestra cruz en campo abierto, aunque conservando su peana que adornaban los indios con flores y verdes ramos\u201d.<o:p><\/o:p><\/font><\/span><span lang=\"ES-TRAD\"><o:p><font face=\"Arial\">\u00a0<\/font><\/o:p><\/span><\/p>\n<p style=\"margin: 0cm 0cm 0pt\" class=\"MsoBodyText2\"><span lang=\"ES-TRAD\"><\/span><\/p>\n<p style=\"margin: 0cm 0cm 0pt\" class=\"MsoBodyText2\"><span lang=\"ES-TRAD\"><\/span><\/p>\n<p><span lang=\"ES-TRAD\"><font face=\"Arial\">A mediados del siglo XVll el rey Felipe lV con fecha de primero de febrero de 1653, emiti\u00f3 la c\u00e9dula real para la f\u00e1brica de templo y convento de <st1:personname ProductID=\"la Santa Cruz\" w:st=\"on\">la Santa Cruz<\/st1:personname> de Quer\u00e9taro. \u201cCuando <st1:personname ProductID=\"la Santa Provincia\" w:st=\"on\">la Santa Provincia<\/st1:personname> dio esta casa a los misioneros, era campo solamente para doce religiosos, sin contar los novicios, que con divisiones de tablas dorm\u00edan en las celdas\u201d. <em>Para 1701 exist\u00eda ya un gran conjunto conventual, con templo, claustro y dem\u00e1s anexos, nuevos.<o:p><\/o:p><\/em><\/font><\/span><span style=\"font-family: Arial\"><o:p>\u00a0<\/o:p><\/span><\/p>\n<p style=\"margin: 0cm 0cm 0pt\" class=\"MsoBodyText3\"><em><span style=\"font-size: 12pt\" lang=\"ES-MX\"><\/span><\/em><\/p>\n<p style=\"margin: 0cm 0cm 0pt\" class=\"MsoBodyText3\"><em><span style=\"font-size: 12pt\" lang=\"ES-MX\"><\/span><\/em><\/p>\n<p><em><span style=\"font-size: 12pt\" lang=\"ES-MX\"><font face=\"Arial\">El 15 de agosto de 1683 se estableci\u00f3 el primer Colegio Apost\u00f3lico Para <st1:personname ProductID=\"La Propagaci?n De\" w:st=\"on\">La Propagaci\u00f3n De<\/st1:personname> <st1:personname ProductID=\"La Fe\" w:st=\"on\">La Fe<\/st1:personname>, en toda Am\u00e9rica, se dan grandes transformaciones. Se construye el coro, el crucero, la sacrist\u00eda, el Camer\u00edn para <st1:personname ProductID=\"la Santa Cruz\" w:st=\"on\">la Santa Cruz<\/st1:personname> de los Milagros.<o:p><\/o:p><\/font><\/span><\/em><span style=\"font-family: Arial\"><o:p>\u00a0<\/o:p><\/span><\/p>\n<p style=\"margin: 0cm 0cm 0pt\" class=\"MsoBodyText2\"><span lang=\"ES-TRAD\"><\/span><\/p>\n<p style=\"margin: 0cm 0cm 0pt\" class=\"MsoBodyText2\"><span lang=\"ES-TRAD\"><\/span><\/p>\n<p><span lang=\"ES-TRAD\"><font face=\"Arial\">\u201c\u2026y por los a\u00f1os de 1683<span>\u00a0 <\/span>se fund\u00f3 este tan suntuoso convento, siendo su primer fundador, prelado y prefecto de las misiones de propaganda fide, el venerable padre fray Antonio Lin\u00e1z de Jes\u00fas Mar\u00eda, quien acompa\u00f1ado de veintisiete religiosos de las provincias de Europa, por real c\u00e9dula del rey Carlos ll y por Breve del Papa Inocencio Xl\u201d.<o:p><\/o:p><\/font><\/span><span style=\"font-family: Arial\"><o:p>\u00a0<\/o:p><\/span><\/p>\n<p style=\"margin: 0cm 0cm 0pt; text-align: justify\" class=\"MsoNormal\"><span style=\"font-family: Arial\"><\/span><\/p>\n<p style=\"margin: 0cm 0cm 0pt; text-align: justify\" class=\"MsoNormal\"><span style=\"font-family: Arial\"><\/span><\/p>\n<p><span style=\"font-family: Arial\">Por dos siglos los franciscanos que aqu\u00ed se capacitaban para ser enviados a evangelizar el norte y sur de lo que fue M\u00e9xico. De donde salieron frailes muy connotados como su fundador Antonio Linaz, Antonio Margil de Jes\u00fas, en Centroam\u00e9rica, Francisco Casa\u00f1as, protom\u00e1rtir de este colegio, Francisco Frutos, Isidro F\u00e9lix de Espinosa, cronista<o:p><\/o:p><\/span><span style=\"font-family: Arial\"><o:p>\u00a0<\/o:p><\/span><\/p>\n<p style=\"margin: 0cm 0cm 0pt; text-align: justify\" class=\"MsoNormal\"><span style=\"font-family: Arial\"><\/span><\/p>\n<p style=\"margin: 0cm 0cm 0pt; text-align: justify\" class=\"MsoNormal\"><span style=\"font-family: Arial\"><\/span><\/p>\n<p><span style=\"font-family: Arial\">Existe una cruz, en uno de los muros de la capilla de <st1:personname ProductID=\"la Asunci?n\" w:st=\"on\">La Asunci\u00f3n<\/st1:personname>, se dice de ella que fue mandada a esculpir por Fray Margil de Jes\u00fas en 1697 y la hizo colocar en el atrio de este templo y colegio. Mide m\u00e1s de tres metros y medio de largo y el travesa\u00f1o m\u00e1s de dos metros y medio, con m\u00e1s de 16 relieves con los signos de la pasi\u00f3n. Esta cruz fue removida del ya inexistente atrio en 1861.<o:p><\/o:p><\/span><span style=\"font-family: Arial\"><o:p>\u00a0<\/o:p><\/span><\/p>\n<p style=\"margin: 0cm 0cm 0pt; text-align: justify\" class=\"MsoNormal\"><span style=\"font-family: Arial\"><\/span><\/p>\n<p style=\"margin: 0cm 0cm 0pt; text-align: justify\" class=\"MsoNormal\"><span style=\"font-family: Arial\"><\/span><\/p>\n<p><span style=\"font-family: Arial\">Es importante visitar el conjunto escult\u00f3rico que encabeza el llamado Cristo o Se\u00f1or de Esquipulas, de origen guatemalteco y que se encuentra en un costado y nicho, en la capilla de <st1:personname ProductID=\"La Asunci?n.\" w:st=\"on\">La Asunci\u00f3n.<\/st1:personname><o:p><\/o:p><\/span><span style=\"font-family: Arial\"><o:p>\u00a0<\/o:p><\/span><\/p>\n<p style=\"margin: 0cm 0cm 0pt; text-align: justify\" class=\"MsoNormal\"><span style=\"font-family: Arial\"><\/span><\/p>\n<p style=\"margin: 0cm 0cm 0pt; text-align: justify\" class=\"MsoNormal\"><span style=\"font-family: Arial\"><\/span><\/p>\n<p><span style=\"font-family: Arial\">Tambi\u00e9n se encuentra en esta capilla el mausoleo de Do\u00f1a Josefa Vergara, que representa un f\u00e9retro, donde una mujer llora. El conjunto es interesante.<o:p><\/o:p><\/span><span style=\"font-family: Arial\"><o:p>\u00a0<\/o:p><\/span><\/p>\n<p style=\"margin: 0cm 0cm 0pt; text-align: justify\" class=\"MsoNormal\"><span style=\"font-family: Arial\"><\/span><\/p>\n<p style=\"margin: 0cm 0cm 0pt; text-align: justify\" class=\"MsoNormal\"><span style=\"font-family: Arial\"><\/span><\/p>\n<p><span style=\"font-family: Arial\">En 1684 <em>\u201cLa iglesia est\u00e1 decente, pero es de una estructura irregular por un cuerpo de edificio, que tiene al lado del evangelio dividida<span>\u00a0 <\/span>la parte <span>\u00a0<\/span>principal por una pared y a la que se entra por dos puertas. La mayor parte del convento es de b\u00f3veda bajo techo y no tan c\u00f3modo, grande y hermoso como el de San Fernando\u201d.<o:p><\/o:p><\/em><\/span><span style=\"font-family: Arial\"><o:p>\u00a0<\/o:p><\/span><\/p>\n<p style=\"margin: 0cm 0cm 0pt; text-align: justify\" class=\"MsoNormal\"><span style=\"font-family: Arial\"><\/span><\/p>\n<p style=\"margin: 0cm 0cm 0pt; text-align: justify\" class=\"MsoNormal\"><span style=\"font-family: Arial\"><\/span><\/p>\n<p><span style=\"font-family: Arial\">La iglesia a todo costo construida,<span>\u00a0 <\/span>que se compone de varias b\u00f3vedas, que forman un ca\u00f1\u00f3n con su crucero y media naranja y al lado norte una capaz y bien proporcionada capilla, dedicada a Nuestra Se\u00f1ora de Los Dolores. <st1:personname ProductID=\"la Iglesia\" w:st=\"on\">La Iglesia<\/st1:personname> tiene muy valiosos retablos dorados de pulida f\u00e1brica con bellas esculturas y hermosas pinturas.<o:p><\/o:p><\/span><span style=\"font-family: Arial\"><o:p>\u00a0<\/o:p><\/span><\/p>\n<p style=\"margin: 0cm 0cm 0pt; text-align: justify\" class=\"MsoNormal\"><span style=\"font-family: Arial\"><\/span><\/p>\n<p style=\"margin: 0cm 0cm 0pt; text-align: justify\" class=\"MsoNormal\"><span style=\"font-family: Arial\"><\/span><\/p>\n<p><span style=\"font-family: Arial\">En la capilla se realiz\u00f3 uno, a expensas de la se\u00f1ora Petra de <st1:personname ProductID=\"la Campa\" w:st=\"on\">la Campa<\/st1:personname> y Cos, siendo realizado por Pedro de Rojas, en 1745.<o:p><\/o:p><\/span><span style=\"font-size: 10pt; font-family: Arial\"><o:p>\u00a0<\/o:p><\/span><\/p>\n<p style=\"margin: 0cm 0cm 0pt\" class=\"MsoNormal\"><span style=\"font-family: Arial\"><\/span><\/p>\n<p style=\"margin: 0cm 0cm 0pt\" class=\"MsoNormal\"><span style=\"font-family: Arial\"><\/span><\/p>\n<p><span style=\"font-family: Arial\">En 1712 se edifica El Calvarito, para el v\u00eda crucis y la celebraciones<span>\u00a0 <\/span>del viernes santo.<o:p><\/o:p><\/span><span style=\"font-size: 10pt; font-family: Arial\"><o:p>\u00a0<\/o:p><\/span><\/p>\n<p style=\"margin: 0cm 0cm 0pt\" class=\"MsoNormal\"><span style=\"font-family: Arial\"><\/span><\/p>\n<p style=\"margin: 0cm 0cm 0pt\" class=\"MsoNormal\"><span style=\"font-family: Arial\"><\/span><\/p>\n<p><span style=\"font-family: Arial\">En 1735 El agua del acueducto llega a la caja repartidora y la fuente situada en el muro poniente del convento, frente a la plazuela.<o:p><\/o:p><\/span><span style=\"font-size: 10pt; font-family: Arial\"><o:p>\u00a0<\/o:p><\/span><\/p>\n<p style=\"margin: 0cm 0cm 0pt\" class=\"MsoNormal\"><span style=\"font-family: Arial\"><\/span><\/p>\n<p style=\"margin: 0cm 0cm 0pt\" class=\"MsoNormal\"><span style=\"font-family: Arial\"><\/span><\/p>\n<p><span style=\"font-family: Arial\">En 1785 se edifica la capilla de indios de San Francisquito, por los frailes de este colegio y es dedicada al a\u00f1o siguiente.<o:p><\/o:p><\/span><span style=\"font-size: 10pt; font-family: Arial\"><o:p>\u00a0<\/o:p><\/span><\/p>\n<p style=\"margin: 0cm 0cm 0pt\" class=\"MsoNormal\"><span style=\"font-family: Arial\"><\/span><\/p>\n<p style=\"margin: 0cm 0cm 0pt\" class=\"MsoNormal\"><span style=\"font-family: Arial\"><\/span><\/p>\n<p><span style=\"font-family: Arial\">En 1849 por un incendio accidental es quemada la biblioteca y una parte importante del edificio.<o:p><\/o:p><\/span><span style=\"font-size: 10pt; font-family: Arial\"><o:p>\u00a0<\/o:p><\/span><\/p>\n<p style=\"margin: 0cm 0cm 0pt\" class=\"MsoNormal\"><span style=\"font-family: Arial\"><\/span><\/p>\n<p style=\"margin: 0cm 0cm 0pt\" class=\"MsoNormal\"><span style=\"font-family: Arial\"><\/span><\/p>\n<p><span style=\"font-family: Arial\">En 1860 se da la exclaustraci\u00f3n de los frailes.<o:p><\/o:p><\/span><span style=\"font-size: 10pt; font-family: Arial\"><o:p>\u00a0<\/o:p><\/span><\/p>\n<p style=\"margin: 0cm 0cm 0pt\" class=\"MsoNormal\"><span style=\"font-family: Arial\"><\/span><\/p>\n<p style=\"margin: 0cm 0cm 0pt\" class=\"MsoNormal\"><span style=\"font-family: Arial\"><\/span><\/p>\n<p><span style=\"font-family: Arial\">En 1890 este monumental colegio est\u00e1 en ruinas.<o:p><\/o:p><\/span><span style=\"font-family: Arial\"><o:p>\u00a0<\/o:p><\/span><\/p>\n<p style=\"margin: 0cm 0cm 0pt\" class=\"MsoNormal\"><span style=\"font-family: Arial\"><\/span><\/p>\n<p style=\"margin: 0cm 0cm 0pt\" class=\"MsoNormal\"><span style=\"font-family: Arial\"><\/span><\/p>\n<p><span style=\"font-family: Arial\">En 1946 es devuelta la mayor parte del Colegio.<o:p><\/o:p><\/span><span style=\"font-family: Arial\"><o:p>\u00a0<\/o:p><\/span><\/p>\n<p style=\"margin: 0cm 0cm 0pt\" class=\"MsoBodyText3\"><span style=\"font-size: 12pt\" lang=\"ES-MX\"><\/span><\/p>\n<p style=\"margin: 0cm 0cm 0pt\" class=\"MsoBodyText3\"><span style=\"font-size: 12pt\" lang=\"ES-MX\"><\/span><\/p>\n<p><span style=\"font-size: 12pt\" lang=\"ES-MX\"><font face=\"Arial\">En este convento podemos admirar, adem\u00e1s de su suntuosidad y gran tama\u00f1o, el bello jard\u00edn del \u00c1rbol de las cruces, una de las m\u00e1s hermosas leyendas, junto con la de La batalla del Cerro del Sangremal y sus apariciones y detenci\u00f3n del sol.<o:p><\/o:p><\/font><\/span><span style=\"font-family: Arial\" lang=\"ES-MX\"><o:p>\u00a0<\/o:p><\/span><\/p>\n<p style=\"margin: 0cm 0cm 0pt; text-align: justify\" class=\"MsoNormal\"><span style=\"font-family: Arial\"><\/span><\/p>\n<p style=\"margin: 0cm 0cm 0pt; text-align: justify\" class=\"MsoNormal\"><span style=\"font-family: Arial\"><\/span><\/p>\n<p><span style=\"font-family: Arial\">\u201cEl Patio de Aguas\u201d donde se encuentran las pilas y llegan los desag\u00fces para el almacenamiento del agua de lluvia. El patio del \u00faltimo arco donde llegara el agua pura despu\u00e9s de recorrer <st1:metricconverter ProductID=\"8 kil?metros\" w:st=\"on\">8 kil\u00f3metros<\/st1:metricconverter> desde El Capul\u00edn, en <st1:personname ProductID=\"La Ca?ada.\" w:st=\"on\">La Ca\u00f1ada.<\/st1:personname><o:p><\/o:p><\/span><span style=\"font-family: Arial\"><o:p>\u00a0<\/o:p><\/span><\/p>\n<p style=\"margin: 0cm 0cm 0pt; text-align: justify\" class=\"MsoNormal\"><span style=\"font-family: Arial\"><\/span><\/p>\n<p style=\"margin: 0cm 0cm 0pt; text-align: justify\" class=\"MsoNormal\"><span style=\"font-family: Arial\"><\/span><\/p>\n<p><span style=\"font-family: Arial\">Los muy numerosos acontecimientos hist\u00f3rico-pol\u00edticos sucedidos en Quer\u00e9taro a partir de 1810, hasta mitad del siglo XX.<o:p><\/o:p><\/span><span style=\"font-family: Arial\"><o:p>\u00a0<\/o:p><\/span><\/p>\n<p style=\"margin: 0cm 0cm 0pt; text-align: justify\" class=\"MsoNormal\"><span style=\"font-family: Arial\"><\/span><\/p>\n<p style=\"margin: 0cm 0cm 0pt; text-align: justify\" class=\"MsoNormal\"><span style=\"font-family: Arial\"><\/span><\/p>\n<p><span style=\"font-family: Arial\">Los espacios tan grandes cedidos a la educaci\u00f3n en el Jard\u00edn de <st1:personname ProductID=\"La Cruz\" w:st=\"on\">la Cruz<\/st1:personname> y parte de su huerta al<span>\u00a0 <\/span>deporte local y el Pante\u00f3n de Pobres, para albergar a nuestros Hombres Ilustres, su gran biblioteca y su ubicaci\u00f3n donde se domina la ciudad y se ven los mejores atardeceres del mundo.<o:p><\/o:p><\/span><span style=\"font-family: Arial\"><o:p>\u00a0<\/o:p><\/span><\/p>\n<p style=\"margin: 0cm 0cm 0pt; text-align: justify\" class=\"MsoNormal\"><span style=\"font-family: Arial\"><\/span><\/p>\n<p style=\"margin: 0cm 0cm 0pt; text-align: justify\" class=\"MsoNormal\"><span style=\"font-family: Arial\"><\/span><\/p>\n<p><span style=\"font-family: Arial\">Su plaza donde inmemorialmente se celebra del 12 al 15 de septiembre la fiesta de <st1:personname ProductID=\"la Recolecci?n\" w:st=\"on\">la Recolecci\u00f3n<\/st1:personname> o como se llama ahora de <st1:personname ProductID=\"La Exaltaci?n\" w:st=\"on\">La Exaltaci\u00f3n<\/st1:personname> de <st1:personname ProductID=\"la Santa Cruz.\" w:st=\"on\">la Santa Cruz.<\/st1:personname><o:p><\/o:p><\/span><span style=\"font-family: Arial\"><o:p>\u00a0<\/o:p><\/span><\/p>\n","protected":false},"excerpt":{"rendered":"<p>Colegio de Propaganda Fide, de La Santa Cruz de Los Milagros Est\u00e1 fundado el pueblo de Tlachco o Quer\u00e9taro o Anda Maxei, El Gran Juego de Pelota, como era conocido antes de la invasi\u00f3n europea y despu\u00e9s de ella y hasta nuestros d\u00edas, en la loma sagrada del Sangremal, cerro venerado anualmente en forma multitudinaria [&hellip;]<\/p>\n","protected":false},"author":249,"featured_media":0,"comment_status":"open","ping_status":"closed","sticky":false,"template":"","format":"standard","meta":{"footnotes":""},"categories":[8],"tags":[],"class_list":["post-130","post","type-post","status-publish","format-standard","hentry","category-ciudad-de-queretaro"],"_links":{"self":[{"href":"https:\/\/eloficiodehistoriar.com.mx\/index.php?rest_route=\/wp\/v2\/posts\/130","targetHints":{"allow":["GET"]}}],"collection":[{"href":"https:\/\/eloficiodehistoriar.com.mx\/index.php?rest_route=\/wp\/v2\/posts"}],"about":[{"href":"https:\/\/eloficiodehistoriar.com.mx\/index.php?rest_route=\/wp\/v2\/types\/post"}],"author":[{"embeddable":true,"href":"https:\/\/eloficiodehistoriar.com.mx\/index.php?rest_route=\/wp\/v2\/users\/249"}],"replies":[{"embeddable":true,"href":"https:\/\/eloficiodehistoriar.com.mx\/index.php?rest_route=%2Fwp%2Fv2%2Fcomments&post=130"}],"version-history":[{"count":0,"href":"https:\/\/eloficiodehistoriar.com.mx\/index.php?rest_route=\/wp\/v2\/posts\/130\/revisions"}],"wp:attachment":[{"href":"https:\/\/eloficiodehistoriar.com.mx\/index.php?rest_route=%2Fwp%2Fv2%2Fmedia&parent=130"}],"wp:term":[{"taxonomy":"category","embeddable":true,"href":"https:\/\/eloficiodehistoriar.com.mx\/index.php?rest_route=%2Fwp%2Fv2%2Fcategories&post=130"},{"taxonomy":"post_tag","embeddable":true,"href":"https:\/\/eloficiodehistoriar.com.mx\/index.php?rest_route=%2Fwp%2Fv2%2Ftags&post=130"}],"curies":[{"name":"wp","href":"https:\/\/api.w.org\/{rel}","templated":true}]}}