{"id":13025,"date":"2018-01-25T11:00:48","date_gmt":"2018-01-25T17:00:48","guid":{"rendered":"https:\/\/eloficiodehistoriar.com.mx\/?p=13025"},"modified":"2018-01-25T11:00:48","modified_gmt":"2018-01-25T17:00:48","slug":"elton-john-anuncia-que-se-retirara-despues-de-una-ultima-gira-mundial","status":"publish","type":"post","link":"https:\/\/eloficiodehistoriar.com.mx\/?p=13025","title":{"rendered":"Elton John anuncia que se retirar\u00e1 despu\u00e9s de una \u00faltima gira mundial"},"content":{"rendered":"<p class=\"x_MsoNormal\">Elton John anuncia que se retirar\u00e1 despu\u00e9s de una \u00faltima gira mundial<\/p>\n<p class=\"x_MsoNormal\">El m\u00fasico, de 70 a\u00f1os, dejar\u00e1 de viajar para dedicar m\u00e1s tiempo a sus hijos tras un tour de tres a\u00f1os de duraci\u00f3n que empezar\u00e1 en septiembre<\/p>\n<p class=\"x_MsoNormal\">PABLO GUIM\u00d3N<\/p>\n<p class=\"x_MsoNormal\">00 d\u00edas, 00 horas, 00 minutos, 00 segundos. Este mi\u00e9rcoles, poco despu\u00e9s de las 18.30, hora peninsular espa\u00f1ola, terminaba la cuenta atr\u00e1s y se empezaba a develar el secreto que mantuvo en vilo todo el d\u00eda a los fans de Elton John.<\/p>\n<p class=\"x_MsoNormal\">El cantante y compositor brit\u00e1nico de 70 a\u00f1os anunciaba la que ser\u00e1 su \u00faltima gira global, que empezar\u00e1 en septiembre. La gira durar\u00e1 tres a\u00f1os y ser\u00e1, en sus propias palabras, \u00abla mayor producci\u00f3n\u00bb que ha hecho nunca. Despu\u00e9s, la estrella abandonar\u00e1 la carretera que ha circulado durante medio siglo para dedicar m\u00e1s tiempo a sus hijos, como el mismo ha explicado.<\/p>\n<p class=\"x_MsoNormal\">\n<p class=\"x_MsoNormal\">\n<p class=\"x_MsoNormal\">Elton John<\/p>\n<p class=\"x_MsoNormal\">?<\/p>\n<p class=\"x_MsoNormal\">El anuncio ha sido un aut\u00e9ntico alarde de mercadotecnia musical. Su p\u00e1gina web se hab\u00eda convertido en un cielo estrellado alrededor de un camino de baldosas amarillas, como el que recorr\u00eda Dorothy en El mago de Oz. Un gui\u00f1o, para el que quisiera entenderlo, a su canci\u00f3n Goodbye yellow brick road. De la letra de esa canci\u00f3n extrajo la frase que se altern\u00f3, durante todo el d\u00eda, con la cuenta atr\u00e1s: \u00abFinalmente, he decidido que mi futuro est\u00e1&#8230;\u00bb. Esa ser\u00e1, Yellow Brick Road, el nombre de la ultima gira.<\/p>\n<p class=\"x_MsoNormal\">\n<p class=\"x_MsoNormal\">Sus redes sociales hablaban de \u00abun anuncio especial\u201d. Y as\u00ed ha sido. A las 18.30, la web del artista abandonaba la cuenta atr\u00e1s y empezaba a ofrecer un popurr\u00ed de sus v\u00eddeos musicales y conciertos, seguido de la interpretaci\u00f3n de una serie de temas en vivo al piano desde Nueva York. Tras tocar I&#8217;m still standing, empezaba la entrevista en la que, sin demora, lleg\u00f3 el anuncio.<\/p>\n<p class=\"x_MsoNormal\">\n<p class=\"x_MsoNormal\">\n<p class=\"x_MsoNormal\">El int\u00e9rprete de Rocket Man, que el pasado mayo suspendi\u00f3 varios conciertos por una infecci\u00f3n, hab\u00eda anunciado hace poco m\u00e1s de un a\u00f1o que quer\u00eda dar \u00abmenos conciertos en el futuro\u00bb para poder pasar m\u00e1s tiempo junto a sus hijos. Esta tarde ha confirmado que har\u00e1 solo una gira m\u00e1s, que le tendr\u00e1 en la carretera hasta 2021. Y la ha revestido de toda la expectaci\u00f3n posible.<\/p>\n<p class=\"x_MsoNormal\">\n<p class=\"x_MsoNormal\">El cantante y compositor, que ha vendido 300 millones de discos, anunci\u00f3 en 2016 que quer\u00eda dar \u00abmenos conciertos en el futuro\u00bb para poder pasar m\u00e1s tiempo junto a los dos hijos \u2014de siete y cuatro a\u00f1os\u2014 que tiene con su marido, David Furnish. John actu\u00f3 el pasado diciembre en el Palau de Barcelona, tras suspender varios conciertos entre abril y mayo de 2017 por una infecci\u00f3n \u00abpotencialmente mortal\u00bb que contrajo al final de su gira por Sudam\u00e9rica, seg\u00fan inform\u00f3 su relaciones p\u00fablicas Fran Curtis en un comunicado. El cantante y compositor pas\u00f3 dos d\u00edas en cuidados intensivos y luego se recuper\u00f3 en su casa. A pesar de ello, ofreci\u00f3 hasta 87 conciertos en el a\u00f1o, que ha resultado ser el \u00faltimo antes de su gira final.<\/p>\n","protected":false},"excerpt":{"rendered":"<p>Elton John anuncia que se retirar\u00e1 despu\u00e9s de una \u00faltima gira mundial El m\u00fasico, de 70 a\u00f1os, dejar\u00e1 de viajar para dedicar m\u00e1s tiempo a sus hijos tras un tour de tres a\u00f1os de duraci\u00f3n que empezar\u00e1 en septiembre PABLO GUIM\u00d3N 00 d\u00edas, 00 horas, 00 minutos, 00 segundos. Este mi\u00e9rcoles, poco despu\u00e9s de las [&hellip;]<\/p>\n","protected":false},"author":249,"featured_media":13026,"comment_status":"open","ping_status":"closed","sticky":false,"template":"","format":"standard","meta":{"footnotes":""},"categories":[1],"tags":[],"class_list":["post-13025","post","type-post","status-publish","format-standard","has-post-thumbnail","hentry","category-sin-categoria"],"_links":{"self":[{"href":"https:\/\/eloficiodehistoriar.com.mx\/index.php?rest_route=\/wp\/v2\/posts\/13025","targetHints":{"allow":["GET"]}}],"collection":[{"href":"https:\/\/eloficiodehistoriar.com.mx\/index.php?rest_route=\/wp\/v2\/posts"}],"about":[{"href":"https:\/\/eloficiodehistoriar.com.mx\/index.php?rest_route=\/wp\/v2\/types\/post"}],"author":[{"embeddable":true,"href":"https:\/\/eloficiodehistoriar.com.mx\/index.php?rest_route=\/wp\/v2\/users\/249"}],"replies":[{"embeddable":true,"href":"https:\/\/eloficiodehistoriar.com.mx\/index.php?rest_route=%2Fwp%2Fv2%2Fcomments&post=13025"}],"version-history":[{"count":1,"href":"https:\/\/eloficiodehistoriar.com.mx\/index.php?rest_route=\/wp\/v2\/posts\/13025\/revisions"}],"predecessor-version":[{"id":13027,"href":"https:\/\/eloficiodehistoriar.com.mx\/index.php?rest_route=\/wp\/v2\/posts\/13025\/revisions\/13027"}],"wp:featuredmedia":[{"embeddable":true,"href":"https:\/\/eloficiodehistoriar.com.mx\/index.php?rest_route=\/wp\/v2\/media\/13026"}],"wp:attachment":[{"href":"https:\/\/eloficiodehistoriar.com.mx\/index.php?rest_route=%2Fwp%2Fv2%2Fmedia&parent=13025"}],"wp:term":[{"taxonomy":"category","embeddable":true,"href":"https:\/\/eloficiodehistoriar.com.mx\/index.php?rest_route=%2Fwp%2Fv2%2Fcategories&post=13025"},{"taxonomy":"post_tag","embeddable":true,"href":"https:\/\/eloficiodehistoriar.com.mx\/index.php?rest_route=%2Fwp%2Fv2%2Ftags&post=13025"}],"curies":[{"name":"wp","href":"https:\/\/api.w.org\/{rel}","templated":true}]}}