{"id":13031,"date":"2018-01-25T11:09:36","date_gmt":"2018-01-25T17:09:36","guid":{"rendered":"https:\/\/eloficiodehistoriar.com.mx\/?p=13031"},"modified":"2018-01-25T11:09:36","modified_gmt":"2018-01-25T17:09:36","slug":"guillermo-del-toro-en-la-cima","status":"publish","type":"post","link":"https:\/\/eloficiodehistoriar.com.mx\/?p=13031","title":{"rendered":"Guillermo del Toro, en la cima"},"content":{"rendered":"<p class=\"x_MsoNormal\">Guillermo del Toro, en la cima<\/p>\n<p class=\"x_MsoNormal\">COLUMBA V\u00c9RTIZ DE LA FUENTE<\/p>\n<p class=\"x_MsoNormal\">El realizador jalisciense de Cronos, Hellboy, Hellboy 2, Pacific Rim, El laberinto del fauno y La cumbre escarlata se halla en boca de la cr\u00edtica cinematogr\u00e1fica universal, gracias a los galardones de La forma del agua, pel\u00edcula que decidi\u00f3 filmar desde 2011 y se estren\u00f3 en mil 200 pantallas del pa\u00eds. Fiel a su compromiso social con M\u00e9xico, patente en el documental Ayotzinapa: el paso de la tortuga que \u00e9l produce, Guillermo del Toro narra c\u00f3mo a los seis a\u00f1os de edad lo marc\u00f3 por la tele tapat\u00eda El monstruo de la Laguna Negra, embri\u00f3n de la triunfal cinta que ya se perfila como gran favorita en los \u00d3scar.<\/p>\n<p class=\"x_MsoNormal\">\n<p class=\"x_MsoNormal\">(Proceso).-<\/p>\n<p class=\"x_MsoNormal\">\u00a0La par\u00e1bola permite al cineasta jalisciense Guillermo del Toro crear historias que reflejan la situaci\u00f3n actual de la sociedad, y en La forma del agua les brinda voz a los marginados, a dos trabajadoras de limpieza y a un artista pl\u00e1stico homosexual, adem\u00e1s de hacer referencia a un gobierno torturador y totalitario.<\/p>\n<p class=\"x_MsoNormal\">\n<p class=\"x_MsoNormal\">Aunque sit\u00faa al relato cinematogr\u00e1fico durante la Guerra Fr\u00eda, exactamente en el a\u00f1o 1962, el ganador del Globo de Oro y del premio Critics Choice por su direcci\u00f3n en este filme manifiesta a Proceso que aquella \u00e9poca es muy parecida a la de ahora:<\/p>\n<p class=\"x_MsoNormal\">\n<p class=\"x_MsoNormal\">\u201cEra un tiempo de brutalidad racial, hab\u00eda diferencias de g\u00e9nero, estaba la guerra activa de Vietnam. 1962 es un a\u00f1o concreto, antes de que se rompiera el sue\u00f1o de que Am\u00e9rica pod\u00eda ser grande. Entonces hab\u00eda una aparente abundancia, un progreso; pero si eras de la minor\u00eda, no. Al final de esta \u00e9poca dorada John F. Kennedy es asesinado y empieza un momento en el que ese sue\u00f1o se desarticula. Lo importante es realizar una pel\u00edcula sobre hoy, usando un tiempo que permita la par\u00e1bola. Si la hago en el tiempo actual se vuelve espec\u00edfica y pierde su universalidad.\u201d<\/p>\n<p class=\"x_MsoNormal\">\n<p class=\"x_MsoNormal\">Tambi\u00e9n te recomendamos<\/p>\n<p class=\"x_MsoNormal\">\u201cLa forma del agua\u201d, de Guillermo del Toro, arrasa con 13 nominaciones al Oscar 2018<\/p>\n<p class=\"x_MsoNormal\">Lo que permite la par\u00e1bola \u201ces abandonar la ideolog\u00eda y abrazar las ideas como de la intolerancia\u201d, insiste desparpajado Del Toro.<\/p>\n<p class=\"x_MsoNormal\">\n<p class=\"x_MsoNormal\">\u201cHay dos posibilidades para que el mundo est\u00e9 jodido: Una, que el uno por ciento de la poblaci\u00f3n tiene el 85 o 90% de la riqueza. Dos, que hay que echarle la culpa a alguien y esa es la que la mayor\u00eda de la gente abraza, \u00bfpor qu\u00e9? Porque esa te absuelve y te da la salida m\u00e1s r\u00e1pida que es la rabia. Como cuento de hadas, te puede dar todas estas ideas sin volverse una nota de la actualidad.\u201d<\/p>\n<p class=\"x_MsoNormal\">\n<p class=\"x_MsoNormal\">Para el productor de la cinta, J. Miles Dale, \u201cla Guerra Fr\u00eda es un periodo en el que Estados Unidos se detuvo, es una \u00e9poca de desigualdad, racismo, de gente pensando en una guerra nuclear inminente; en cierto modo es una \u00e9poca horrible para el amor, pero a\u00fan as\u00ed el amor sucede\u201d.<\/p>\n<p class=\"x_MsoNormal\">\n<p class=\"x_MsoNormal\">La forma del agua \u2013que estrena en M\u00e9xico desde el 12 de enero en mil 200 pantallas\u2013 sucede en un laboratorio secreto de alta seguridad del gobierno estadunidense, donde trabaja en el \u00e1rea de limpieza Elisa (Sally Hawkins), quien es muda, con su amiga Zelda (Octavia Spencer); ambas se dan cuenta de que ah\u00ed esconden a un monstruo anfibio, y la primera chica se enamora de \u00e9l.<\/p>\n<p class=\"x_MsoNormal\">\n<p class=\"x_MsoNormal\">En la trama hay esp\u00edas sovi\u00e9ticos, tragedia, ambici\u00f3n de poder y un homenaje al cine musical cl\u00e1sico de Estados Unidos. Doug Jones, Richard Jenkins, Michael Shannon y Michael Stuhlbarg act\u00faan tambi\u00e9n.<\/p>\n<p class=\"x_MsoNormal\">\n<p class=\"x_MsoNormal\">\n<p class=\"x_MsoNormal\">\n<p class=\"x_MsoNormal\">S\u00edndrome de Stendhal<\/p>\n<p class=\"x_MsoNormal\">\n<p class=\"x_MsoNormal\">Del Toro narra que La forma del agua la ide\u00f3 cuando ten\u00eda seis a\u00f1os, ahora cuenta con 53:<\/p>\n<p class=\"x_MsoNormal\">\n<p class=\"x_MsoNormal\">\u201cEn Guadalajara, en el canal seis, hab\u00eda una cosa que se llamaba Cine permanencia voluntaria y pasaban pel\u00edculas todo el d\u00eda, muchas veces eran de los estudios Universal. Me acuerdo muy claro que estaba viendo El monstruo de la Laguna Negra, de Jack Arnold, y existe un instante en el que la criatura nada debajo de la protagonista, Julia Adams, quien llevaba un traje de ba\u00f1o blanco. Era ni\u00f1o y me dio como el s\u00edndrome de Stendhal. Dije: \u2018\u00a1Qu\u00e9 momento m\u00e1s hermoso!\u2019 Y pens\u00e9: \u2018\u00a1Segurito que acaban juntos!\u2019<\/p>\n<p class=\"x_MsoNormal\">\n<p class=\"x_MsoNormal\">Pero no fue as\u00ed\u2026<\/p>\n<p class=\"x_MsoNormal\">\n<p class=\"x_MsoNormal\">\u201cEntonces pens\u00e9: \u2018\u00a1Qu\u00e9 cosa tan es-pantosa!\u2019 Porque cuando finaliza la cinta, la criatura est\u00e1 en su casa, llegan y tocan, abren la puerta, destruyen todo, y lo matan. Yo deseaba corregir eso, pero\u2026 no sab\u00eda que iba a dedicarme al cine. Pero eso se me qued\u00f3 en la cabeza y empec\u00e9 a dibujar a la criatura muy obsesivamente, comiendo helado, en una bicicleta doble con la chava en traje de ba\u00f1o blanco, y mi abuelita guardaba los dibujos.\u201d<\/p>\n<p class=\"x_MsoNormal\">\n<p class=\"x_MsoNormal\">El realizador de Cronos, Hellboy, Hellboy 2, Pacific Rim, El laberinto del fauno y La cumbre escarlata relata que fue en 2011 cuando decidi\u00f3 filmar La forma del agua \u2013nominada a 12 reconocimientos BAFTA (que entrega la Academia Brit\u00e1nica del Cine, considerado el \u00d3scar de ese pa\u00eds) entre los cuales sobresale Mejor Pel\u00edcula y Mejor Direcci\u00f3n. Tambi\u00e9n es candidata en los Eddie para Mejor Edici\u00f3n y en los reconocimientos del Sindicato de Directores de Hollywood por Mejor Direcci\u00f3n.<\/p>\n<p class=\"x_MsoNormal\">\n<p class=\"x_MsoNormal\">En ese a\u00f1o Del Toro se reuni\u00f3 a desayunar con el escritor Daniel Kraus para su serie de libros infantiles Trollhunters, cuya serie de televisi\u00f3n, dirigida por el mismo Del Toro, se estren\u00f3 el pasado diciembre en Netflix.<\/p>\n<p class=\"x_MsoNormal\">\n<p class=\"x_MsoNormal\">En esa reuni\u00f3n, Kraus le mencion\u00f3 una idea que hab\u00eda tenido de joven, acerca de una mujer de limpieza que trabajaba en una instalaci\u00f3n del gobierno y se hac\u00eda amiga a escondidas de un hombre anfibio que, como esp\u00e9cimen que era, estaba cautivo, pero ella decid\u00eda liberarlo.<\/p>\n<p class=\"x_MsoNormal\">\n<p class=\"x_MsoNormal\">A Del Toro le gust\u00f3 mucho el concepto que de inmediato concret\u00f3 todo para que fuera su siguiente largometraje. Desde ese encuentro, se hizo un trato para que el par colaborara en una novela y Del Toro escribiera y dirigiera la pel\u00edcula. En ese momento, el realizador mexicano todav\u00eda estaba terminando de trabajar en su \u00e9xito taquillero de robots-monstruo gigantes Pacific Rim; pero en los escasos y raros momentos de tranquilidad, escrib\u00eda el gui\u00f3n para La forma del agua.<\/p>\n<p class=\"x_MsoNormal\">\n<p class=\"x_MsoNormal\">Hacia 2014, Del Toro le pag\u00f3 de su bolsillo a un grupo de artistas y escultores, que usaron dise\u00f1os y modelos en plastilina, para presentarle la historia de principio a fin a Fox Searchlight. El estudio se sum\u00f3 al proyecto de inmediato.<\/p>\n<p class=\"x_MsoNormal\">\n<p class=\"x_MsoNormal\">Luego, Del Toro y Fox Searchlight comenzaron a reunirse con coguionistas potenciales para que trabajaran el gui\u00f3n con \u00e9l. Contrataron a Vanessa Taylor, quien labor\u00f3 estrechamente con el director de cine en la estructura de la trama, como en los personajes (en particular el de Elisa, que contaba con muchos matices).<\/p>\n<p class=\"x_MsoNormal\">\n<p class=\"x_MsoNormal\">Hacia el \u00d3scar<\/p>\n<p class=\"x_MsoNormal\">\n<p class=\"x_MsoNormal\">En la Mostra de Venecia 2017, efectuado en septiembre pasado, Del Toro obtuvo el Le\u00f3n de Oro a Mejor Pel\u00edcula por La forma del agua. El 23 de este mes ser\u00e1n anunciadas las nominaciones para el \u00d3scar, y especialistas de cine creen que La forma del agua obtendr\u00e1 varias estatuillas:<\/p>\n<p class=\"x_MsoNormal\">\n<p class=\"x_MsoNormal\">\u201cPara m\u00ed fue muy emocionante ganar el Le\u00f3n en Venecia. El g\u00e9nero con el que estoy casado desde que era ni\u00f1o, es un g\u00e9nero que a veces es bien visto y a veces no. Entonces, no puedo pronosticar qu\u00e9 va a pasar, ni me puedo permitir el ejercicio de ponerme a imaginarlo, ni de ir manejando en el auto y so\u00f1ar en eso. \u00a1Imag\u00ednate vivir as\u00ed! \u00a1Qu\u00e9 terrible!\u2026 Yo, la neta, estoy s\u00faper tranquilo. Ya existe el largometraje, conecta con un p\u00fablico, \u00bfqu\u00e9 m\u00e1s falta? Los premios son padris\u00edsimos cuando suceden, se disfrutan enormemente; pero hay algo mal en ti si sufres cuando no llegan\u2026 Ah\u00ed s\u00ed estoy en desacuerdo, no se debe sufrir cuando no llegan. Ya estar en boca de todos es maravilloso, que se hable y que la gente vaya a ver la pel\u00edcula es padr\u00edsimo.\u201d<\/p>\n<p class=\"x_MsoNormal\">\n<p class=\"x_MsoNormal\">Compromiso pol\u00edtico<\/p>\n<p class=\"x_MsoNormal\">\n<p class=\"x_MsoNormal\">Del Toro, al igual que sus amigos Alfonso Cuar\u00f3n y Alejandro G. I\u00f1\u00e1rritu, ha seguido la situaci\u00f3n cr\u00edtica del pa\u00eds.<\/p>\n<p class=\"x_MsoNormal\">\n<p class=\"x_MsoNormal\">En el Festival de Cine de Toronto, donde proyect\u00f3 La forma del agua en septiembre pasado, el cineasta record\u00f3 que los problemas en el pa\u00eds no surgieron hace un par de a\u00f1os:<\/p>\n<p class=\"x_MsoNormal\">\n<p class=\"x_MsoNormal\">\u201cLos hemos visto durante d\u00e9cadas.\u201d<\/p>\n<p class=\"x_MsoNormal\">\n<p class=\"x_MsoNormal\">Entonces le cuestionaron si le gustaba que lo felicitara el presidente Enrique Pe\u00f1a Nieto, y contest\u00f3 sin dudar:<\/p>\n<p class=\"x_MsoNormal\">\n<p class=\"x_MsoNormal\">\u201c\u00a1No, no me gusta cuando me felicita! No me gusta porque M\u00e9xico es un pa\u00eds que ha tenido grandes personas, de todo: atletas, artistas, cient\u00edficos, fil\u00e1ntropos\u2026 pero no hay grandes pol\u00edticos. A veces me pregunto c\u00f3mo es posible que no nazcan ni diez pol\u00edticos que hagan lo que se tiene que hacer, que tengan esa vocaci\u00f3n\u2026 La clase pol\u00edtica est\u00e1 pervertida, hay todo un rollo para hacer justamente lo contrario de lo que se deber\u00eda hacer.\u201d<\/p>\n<p class=\"x_MsoNormal\">\n<p class=\"x_MsoNormal\">Remat\u00f3:<\/p>\n<p class=\"x_MsoNormal\">\n<p class=\"x_MsoNormal\">\u201cDe Pe\u00f1a Nieto, lo cierto es que me parece absolutamente aterrador que en su funci\u00f3n haga lo opuesto a lo que tiene que hacer.\u201d<\/p>\n<p class=\"x_MsoNormal\">\n<p class=\"x_MsoNormal\">Con Bertha Navarro produce el documental Ayotzinapa: el paso de la tortuga, dirigido por Enrique Garc\u00eda Meza, sobre los 43 estudiantes desaparecidos de Ayotzinapa en Iguala (Proceso, 2139) porque cree que es importante que ese suceso se documente.<\/p>\n<p class=\"x_MsoNormal\">\n<p class=\"x_MsoNormal\">\u201cMe parece que es el s\u00edntoma m\u00e1s atroz de la terrible descomposici\u00f3n social y de la destrucci\u00f3n de los pactos m\u00e1s b\u00e1sicos de civilidad.<\/p>\n<p class=\"x_MsoNormal\">\n<p class=\"x_MsoNormal\">\n<p class=\"x_MsoNormal\">\n<p class=\"x_MsoNormal\">Luego de los Globos de Oro para La forma del agua por Mejor Direcci\u00f3n y Mejor Banda Sonora y los reconocimientos de los Critics Choice, Bertha Navarro, expresa a este semanario su sentir al respecto:<\/p>\n<p class=\"x_MsoNormal\">\n<p class=\"x_MsoNormal\">\u201cEs la mayor felicidad, por Guillermo\u2026 Su talento es incre\u00edble. Y haber sido parte de su proceso y realizar juntos sus tres pel\u00edculas en espa\u00f1ol ha sido un regalo de la vida.\u201d<\/p>\n<p class=\"x_MsoNormal\">\n<p class=\"x_MsoNormal\">En 2016, cuando como candidato el ahora presidente Donald Trump visit\u00f3 M\u00e9xico para reunirse con Pe\u00f1a Nieto, Del Toro escribi\u00f3 en su twitter:<\/p>\n<p class=\"x_MsoNormal\">\n<p class=\"x_MsoNormal\">\u201cLo impensable. Lo perdonable. Lo imposible. El abismo.\u201d<\/p>\n<p class=\"x_MsoNormal\">\n<p class=\"x_MsoNormal\">En la edici\u00f3n 15 del Festival Internacional de Cine de Morelia ofreci\u00f3 una funci\u00f3n de La forma del agua en beneficio a los afectados en Oaxaca del sismo de 7 de septiembre pasado. En ese encuentro f\u00edlmico tambi\u00e9n mencion\u00f3 que si le preguntaban a qu\u00e9 pol\u00edtico le va, responder\u00eda que a ninguno. Tambi\u00e9n exalt\u00f3 que no cree en las candidaturas independientes para las elecciones en M\u00e9xico.<\/p>\n<p class=\"x_MsoNormal\">\n<p class=\"x_MsoNormal\">Adem\u00e1s, manifest\u00f3 que \u201ccomo ciudadano y narrador voy a hacer lo que me toca y voy a votar, aunque no voy a decir por qui\u00e9n. Pero s\u00ed creo que tenemos que hacer algo diferente\u201d. En 2005, para el n\u00famero especial de The Mexican Hollywood (Proceso n\u00famero 17), Del Toro dijo a esta reportera:<\/p>\n<p class=\"x_MsoNormal\">\n<p class=\"x_MsoNormal\">\u201cSalimos a trabajar a otros pa\u00edses porque nosotros estamos tambi\u00e9n en la b\u00fasqueda de un mercado m\u00e1s grande y aprovechamos para abrir m\u00e1s mercado para el cine mexicano.\u201d<\/p>\n<p class=\"x_MsoNormal\">\n<p class=\"x_MsoNormal\">Como productor, ha ayudado asimismo a otros cineastas hispanos. Por ejemplo, produjo: en 1998 Un embrujo, de Carlos Carrera; en el 2000 Calle 54, del espa\u00f1ol Fernando Trueba; en 2002 Asesino en serio, de Antonio Urrutia; en 2004 Cr\u00f3nicas, del ecuatoriano Sebasti\u00e1n Cordero, en la que particip\u00f3 Navarro, y del 2007 El orfanato, de Juan Antonio Bayona.<\/p>\n<p class=\"x_MsoNormal\">\n<p class=\"x_MsoNormal\">Adem\u00e1s, para este 2018 Del Toro anunci\u00f3 en su cuenta twitter que en M\u00e9xico se instalar\u00e1 su exposici\u00f3n En casa con los monstruos, aunque no precis\u00f3 la fecha de inauguraci\u00f3n. La muestra contiene 500 dibujos, maquetas, pinturas, estatuas y cuadros que muestran el proceso creativo que efect\u00faa para cada una de sus pel\u00edculas, y tambi\u00e9n objetos de otros artistas que forman parte de su colecci\u00f3n personal.<\/p>\n<p class=\"x_MsoNormal\">\n<p class=\"x_MsoNormal\">Esta entrevista se public\u00f3 el 14 de enero de 2018 en la edici\u00f3n 2150 de la revista Proceso.<\/p>\n","protected":false},"excerpt":{"rendered":"<p>Guillermo del Toro, en la cima COLUMBA V\u00c9RTIZ DE LA FUENTE El realizador jalisciense de Cronos, Hellboy, Hellboy 2, Pacific Rim, El laberinto del fauno y La cumbre escarlata se halla en boca de la cr\u00edtica cinematogr\u00e1fica universal, gracias a los galardones de La forma del agua, pel\u00edcula que decidi\u00f3 filmar desde 2011 y se [&hellip;]<\/p>\n","protected":false},"author":249,"featured_media":13032,"comment_status":"open","ping_status":"closed","sticky":false,"template":"","format":"standard","meta":{"footnotes":""},"categories":[1],"tags":[],"class_list":["post-13031","post","type-post","status-publish","format-standard","has-post-thumbnail","hentry","category-sin-categoria"],"_links":{"self":[{"href":"https:\/\/eloficiodehistoriar.com.mx\/index.php?rest_route=\/wp\/v2\/posts\/13031","targetHints":{"allow":["GET"]}}],"collection":[{"href":"https:\/\/eloficiodehistoriar.com.mx\/index.php?rest_route=\/wp\/v2\/posts"}],"about":[{"href":"https:\/\/eloficiodehistoriar.com.mx\/index.php?rest_route=\/wp\/v2\/types\/post"}],"author":[{"embeddable":true,"href":"https:\/\/eloficiodehistoriar.com.mx\/index.php?rest_route=\/wp\/v2\/users\/249"}],"replies":[{"embeddable":true,"href":"https:\/\/eloficiodehistoriar.com.mx\/index.php?rest_route=%2Fwp%2Fv2%2Fcomments&post=13031"}],"version-history":[{"count":1,"href":"https:\/\/eloficiodehistoriar.com.mx\/index.php?rest_route=\/wp\/v2\/posts\/13031\/revisions"}],"predecessor-version":[{"id":13033,"href":"https:\/\/eloficiodehistoriar.com.mx\/index.php?rest_route=\/wp\/v2\/posts\/13031\/revisions\/13033"}],"wp:featuredmedia":[{"embeddable":true,"href":"https:\/\/eloficiodehistoriar.com.mx\/index.php?rest_route=\/wp\/v2\/media\/13032"}],"wp:attachment":[{"href":"https:\/\/eloficiodehistoriar.com.mx\/index.php?rest_route=%2Fwp%2Fv2%2Fmedia&parent=13031"}],"wp:term":[{"taxonomy":"category","embeddable":true,"href":"https:\/\/eloficiodehistoriar.com.mx\/index.php?rest_route=%2Fwp%2Fv2%2Fcategories&post=13031"},{"taxonomy":"post_tag","embeddable":true,"href":"https:\/\/eloficiodehistoriar.com.mx\/index.php?rest_route=%2Fwp%2Fv2%2Ftags&post=13031"}],"curies":[{"name":"wp","href":"https:\/\/api.w.org\/{rel}","templated":true}]}}