{"id":13034,"date":"2018-01-25T11:13:07","date_gmt":"2018-01-25T17:13:07","guid":{"rendered":"https:\/\/eloficiodehistoriar.com.mx\/?p=13034"},"modified":"2018-01-25T11:13:07","modified_gmt":"2018-01-25T17:13:07","slug":"el-lobo-solitario","status":"publish","type":"post","link":"https:\/\/eloficiodehistoriar.com.mx\/?p=13034","title":{"rendered":"El lobo solitario"},"content":{"rendered":"<p class=\"x_MsoNormal\">El lobo solitario<\/p>\n<p class=\"x_MsoNormal\">Naci\u00f3 en un barco y quiso vivir siempre junto al mar. Vyacheslav Korotki, m\u00e1s conocido como \u2018Slava\u2019, pas\u00f3 m\u00e1s de 13 a\u00f1os en la soledad de una remota estaci\u00f3n meteorol\u00f3gica del \u00c1rtico, en Rusia, midiendo temperaturas, lluvias y vientos. La fot\u00f3grafa Evgenia Arbugaeva rompi\u00f3 su silencio en 2014, cuando lleg\u00f3 en helic\u00f3ptero cargada de naranjas, champ\u00e1n y un p\u00e1jaro.<\/p>\n<p class=\"x_MsoNormal\">PERO QUI\u00c9N PODR\u00cdA vivir en el medio de la nada?, se preguntaba la fot\u00f3grafa rusa Evgenia Arbugaeva (1985) mientras navegaba a bordo de un rompehielos recorriendo las lejanas estaciones meteorol\u00f3gicas del \u00c1rtico.<\/p>\n<p class=\"x_MsoNormal\">La mayor\u00eda de ellas modernizadas, se alejaban del romanticismo que albergaba su imaginaci\u00f3n. Pero en el golfo de Pechora, en la estaci\u00f3n de Khodovarikha, a una hora de distancia en helic\u00f3ptero de la poblaci\u00f3n m\u00e1s cercana, donde no llegan las carreteras y solo una vez al a\u00f1o arriba un barco cargado de provisiones, el tiempo parec\u00eda haberse congelado.<\/p>\n<p class=\"x_MsoNormal\">All\u00ed estaba Slava, de 63 a\u00f1os; la encarnaci\u00f3n del lobo solitario que la artista hab\u00eda so\u00f1ado encontrar. Una antigua m\u00e1quina de clave morse y un retrato de Yuri Gagarin, sacado de un recorte de prensa de 1961, decoraban su austera vivienda, en una tundra donde las temperaturas alcanzan los 40 grados bajo cero. Sin embargo, el meteor\u00f3logo no parec\u00eda sentirse solo. \u201cAprendi\u00f3 a sentir la tierra, a leer en las estrellas y a comprender al viento\u201d, recuerda Arbugaeva.<\/p>\n","protected":false},"excerpt":{"rendered":"<p>El lobo solitario Naci\u00f3 en un barco y quiso vivir siempre junto al mar. Vyacheslav Korotki, m\u00e1s conocido como \u2018Slava\u2019, pas\u00f3 m\u00e1s de 13 a\u00f1os en la soledad de una remota estaci\u00f3n meteorol\u00f3gica del \u00c1rtico, en Rusia, midiendo temperaturas, lluvias y vientos. La fot\u00f3grafa Evgenia Arbugaeva rompi\u00f3 su silencio en 2014, cuando lleg\u00f3 en helic\u00f3ptero [&hellip;]<\/p>\n","protected":false},"author":249,"featured_media":13035,"comment_status":"open","ping_status":"closed","sticky":false,"template":"","format":"standard","meta":{"footnotes":""},"categories":[1],"tags":[],"class_list":["post-13034","post","type-post","status-publish","format-standard","has-post-thumbnail","hentry","category-sin-categoria"],"_links":{"self":[{"href":"https:\/\/eloficiodehistoriar.com.mx\/index.php?rest_route=\/wp\/v2\/posts\/13034","targetHints":{"allow":["GET"]}}],"collection":[{"href":"https:\/\/eloficiodehistoriar.com.mx\/index.php?rest_route=\/wp\/v2\/posts"}],"about":[{"href":"https:\/\/eloficiodehistoriar.com.mx\/index.php?rest_route=\/wp\/v2\/types\/post"}],"author":[{"embeddable":true,"href":"https:\/\/eloficiodehistoriar.com.mx\/index.php?rest_route=\/wp\/v2\/users\/249"}],"replies":[{"embeddable":true,"href":"https:\/\/eloficiodehistoriar.com.mx\/index.php?rest_route=%2Fwp%2Fv2%2Fcomments&post=13034"}],"version-history":[{"count":1,"href":"https:\/\/eloficiodehistoriar.com.mx\/index.php?rest_route=\/wp\/v2\/posts\/13034\/revisions"}],"predecessor-version":[{"id":13036,"href":"https:\/\/eloficiodehistoriar.com.mx\/index.php?rest_route=\/wp\/v2\/posts\/13034\/revisions\/13036"}],"wp:featuredmedia":[{"embeddable":true,"href":"https:\/\/eloficiodehistoriar.com.mx\/index.php?rest_route=\/wp\/v2\/media\/13035"}],"wp:attachment":[{"href":"https:\/\/eloficiodehistoriar.com.mx\/index.php?rest_route=%2Fwp%2Fv2%2Fmedia&parent=13034"}],"wp:term":[{"taxonomy":"category","embeddable":true,"href":"https:\/\/eloficiodehistoriar.com.mx\/index.php?rest_route=%2Fwp%2Fv2%2Fcategories&post=13034"},{"taxonomy":"post_tag","embeddable":true,"href":"https:\/\/eloficiodehistoriar.com.mx\/index.php?rest_route=%2Fwp%2Fv2%2Ftags&post=13034"}],"curies":[{"name":"wp","href":"https:\/\/api.w.org\/{rel}","templated":true}]}}