{"id":13081,"date":"2018-04-08T11:44:16","date_gmt":"2018-04-08T17:44:16","guid":{"rendered":"https:\/\/eloficiodehistoriar.com.mx\/?p=13081"},"modified":"2018-04-08T11:44:16","modified_gmt":"2018-04-08T17:44:16","slug":"se-asume-que-por-ser-negros-nuestros-estandares-en-musica-clasica-son-inferiores","status":"publish","type":"post","link":"https:\/\/eloficiodehistoriar.com.mx\/?p=13081","title":{"rendered":"\u201cSe asume que por ser negros nuestros est\u00e1ndares en m\u00fasica cl\u00e1sica son inferiores\u201d"},"content":{"rendered":"<p class=\"x_MsoNormal\">\u201cSe asume que por ser negros nuestros est\u00e1ndares en m\u00fasica cl\u00e1sica son inferiores\u201d<\/p>\n<p class=\"x_MsoNormal\">Chi-chi Nwanoku fue durante a\u00f1os la \u00fanica mujer negra en orquestas sinf\u00f3nicas de todo el mundo. Y rompe estereotipos con Chineke! Orchestra, la primera en Europa creada desde la diversidad \u00e9tnica. Ma\u00f1ana dedican concierto homenaje en Londres a Martin Luther King<\/p>\n<p class=\"x_MsoNormal\">JAVIER DOM\u00cdNGUEZ REGUERO<\/p>\n<p class=\"x_MsoNormal\">Londres<\/p>\n<p class=\"x_MsoNormal\">El Pa\u00eds<\/p>\n<p class=\"x_MsoNormal\">\n<p class=\"x_MsoNormal\">Reci\u00e9n aterrizada de Italia y preparando todo para poner rumbo a la isla caribe\u00f1a de Antigua al d\u00eda siguiente. As\u00ed es la vida de Chi-chi Nwanoku. Acaba de pasar una semana ense\u00f1ando a m\u00fasicos de la Joven Orquesta de la Uni\u00f3n Europea. La lavadora, enloquecida, se escucha al otro lado de su casa de Londres. Nwanoku nunca imagin\u00f3 que tocar\u00eda el contrabajo, en su juventud fue velocista profesional. \u201cNo tengo mucho tiempo\u201d, repite. Pero cuando la grabadora se enciende, habla con voz calma. Acompasa sus pensamientos con las manos y siempre mira a la cara con sus ojos azules.<\/p>\n<p class=\"x_MsoNormal\">\n<p class=\"x_MsoNormal\">\u201cLa m\u00fasica cl\u00e1sica no discrimina. De hecho, ninguna m\u00fasica lo hace. Es una forma art\u00edstica y es la gente la que diferencia\u201d, afirma. Nwanoku desmonta los estereotipos del gremio. Hija de una irlandesa, durante muchos a\u00f1os fue la \u00fanica mujer negra en orquestas sinf\u00f3nicas de todo el mundo. \u201cYo estaba acostumbrada a ser la \u00fanica en el colegio. Nunca tuve una amiga o profesor con mi color de piel por lo que la situaci\u00f3n no me afect\u00f3. Lo que me importaba era que la m\u00fasica nos pon\u00eda a todos en el mismo lugar\u201d.<\/p>\n<p class=\"x_MsoNormal\">\n<p class=\"x_MsoNormal\">Cuando los espectadores me dec\u00edan que se hab\u00eda pasado el concierto mir\u00e1ndome, yo siempre pensaba que era porque hab\u00eda tocado muy bien. \u00bfPor qu\u00e9 iba a ser por otra cosa?<\/p>\n<p class=\"x_MsoNormal\">\n<p class=\"x_MsoNormal\">La imagen de la m\u00fasica cl\u00e1sica como entretenimiento para privilegiados est\u00e1 consolidada, pero ella se olvidaba de las etiquetas. \u201cCuando empec\u00e9 no sab\u00eda que lo que aprend\u00eda era cl\u00e1sica. No era consciente de que fuera algo elitista. Una vez dentro me di cuenta de que la gente que lo practicaba, al igual que el p\u00fablico, ven\u00eda de unos contextos diferentes del m\u00edo\u201d. Y contin\u00faa: \u201cCuando los espectadores me dec\u00edan que se hab\u00edan pasado el concierto mir\u00e1ndome, yo siempre pensaba que era porque hab\u00eda tocado muy bien. \u00bfPor qu\u00e9 iba a ser por otra cosa?\u201d, explica Nwanoku sobre las insinuaciones de condescendencia.<\/p>\n<p class=\"x_MsoNormal\">\n<p class=\"x_MsoNormal\">Esta int\u00e9rprete nunca tuvo la necesidad de jugar la carta racial ya que reconoce no estar obsesionada con su color de piel. \u201cHe aprendido m\u00e1s en estos dos a\u00f1os que casi en toda mi vida, porque antes no me preocupaba por estos pensamientos. Me ha impactado todo lo que he escuchado. La gente asume que por ser m\u00fasicos negros nuestros est\u00e1ndares son inferiores, como si la diversidad perjudicase la calidad\u201d. Nwanoku ha cambiado los prejuicios en la m\u00fasica cl\u00e1sica gracias a Chineke! Orchestra, la primera orquesta de Europa compuesta mayoritariamente por m\u00fasicos negros y de minor\u00edas \u00e9tnicas.<\/p>\n<p class=\"x_MsoNormal\">\n<p class=\"x_MsoNormal\">Cerrar el c\u00edrculo en el Queen Elizabeth Hall<\/p>\n<p class=\"x_MsoNormal\">Un total de 31 artistas de distintas nacionalidades se presentaron en un Queen Elizabeth Hall a rebosar el 13 de septiembre de 2015. \u201cHasta donde yo sab\u00eda, era nuestro primer y \u00faltimo concierto\u201d, recuerda Nwanoku. Un a\u00f1o antes la Orquesta Sinf\u00f3nica de Kinshasa hab\u00eda llegado a Londres para asombrar a una audiencia predominantemente blanca. Nwanoku estaba entre los presentes y se le encendi\u00f3 la bombilla. Desaf\u00edar al g\u00e9nero cl\u00e1sico: se propuso formar la primera orquesta de Europa desde la diversidad racial. Era el momento de cambiar los arquetipos en un g\u00e9nero elitista. Y blanco.<\/p>\n<p class=\"x_MsoNormal\">\n<p class=\"x_MsoNormal\">\n<p class=\"x_MsoNormal\">\n<p class=\"x_MsoNormal\">Comenz\u00f3 a buscar a int\u00e9rpretes cl\u00e1sicos que por el color de su piel o raza no hubieran encontrado oportunidades. Encontr\u00f3 paternalismo y excusas. Pero tambi\u00e9n mucho apoyo. No es f\u00e1cil ganarle la batalla a esta contrabajista que ha llegado a una conclusi\u00f3n: \u201cEl color de la piel va primero que el arte\u201d.<\/p>\n<p class=\"x_MsoNormal\">\n<p class=\"x_MsoNormal\">Nwanoku supo de piller\u00edas e injusticias. \u201cHay que dejar de pretender que la exclusi\u00f3n por el color de piel no ocurra en este g\u00e9nero. Podemos aceptar que todos tenemos un lado prejuicioso, pero hay que preguntarse qu\u00e9 vamos a hacer al respecto, porque compartimos un espacio\u201d. Desde la primera nota, Chineke! Orchestra modific\u00f3 el sentido de privilegio y autoridad de la m\u00fasica cl\u00e1sica con una perspectiva fresca y abierta. Aunque tambi\u00e9n hay espacio para m\u00fasicos cl\u00e1sicos blancos. \u201cHemos puesto un espejo al convencionalismo de las orquestas y lo hemos invertido\u201d, dice.<\/p>\n<p class=\"x_MsoNormal\">\n<p class=\"x_MsoNormal\">Chineke! Orchestra recupera adem\u00e1s el trabajo de compositores negros como Chevalier de Saint-Georges o Samuel Coleridge-Taylor a la vez que toca cl\u00e1sicos como Beethoven o Hayden<\/p>\n<p class=\"x_MsoNormal\">\n<p class=\"x_MsoNormal\">La agrupaci\u00f3n recupera, adem\u00e1s, el trabajo de compositores negros como Chevalier de Saint-Georges o Samuel Coleridge-Taylor a la vez que toca cl\u00e1sicos como Beethoven o Hayden. Chi-chi Nwanoku tambi\u00e9n fund\u00f3 una versi\u00f3n j\u00fanior del conjunto para crear escuela y ofrecer un camino a las nuevas generaciones: \u201cHay muchos j\u00f3venes que nunca han visto a un profesor que fuera como ellos\u201d. Y cuentan con la Fundaci\u00f3n Chineke!, matriz de ambas orquestas, que es una plataforma de inspiraci\u00f3n, pertenencia y autoestima. El esfuerzo de Nwanoku fue galardonada con el reconocimiento real OBE por su contribuci\u00f3n a la m\u00fasica.<\/p>\n<p class=\"x_MsoNormal\">\n<p class=\"x_MsoNormal\">El pr\u00f3ximo 9 de abril se cierra el c\u00edrculo. Chineke! Orchestra ofrecer\u00e1 el concierto de reapertura del Queen Elizabeth Hall de Londres tras tres a\u00f1os de reformas. Un periodo en el que la orquesta se ha consolidado, ya es asociada del Southbank Centre. Para la ocasi\u00f3n, la orquesta interpretar\u00e1 una pieza del compositor Daniel Kidane basada en el discurso I have a dream de Martin Luther King cuando se cumplen 50 a\u00f1os de su asesinato.<\/p>\n<p class=\"x_MsoNormal\">\n<p class=\"x_MsoNormal\">Tras un primer ataque racista en la escuela primaria, el padre de Nwanoku, de origen nigeriano, le dijo: \u201cNo hay nada que no puedas hacer\u201d. Ella, que reconoce ser una persona muy literal, se lo tom\u00f3 al pie de la letra.<\/p>\n","protected":false},"excerpt":{"rendered":"<p>\u201cSe asume que por ser negros nuestros est\u00e1ndares en m\u00fasica cl\u00e1sica son inferiores\u201d Chi-chi Nwanoku fue durante a\u00f1os la \u00fanica mujer negra en orquestas sinf\u00f3nicas de todo el mundo. Y rompe estereotipos con Chineke! Orchestra, la primera en Europa creada desde la diversidad \u00e9tnica. Ma\u00f1ana dedican concierto homenaje en Londres a Martin Luther King JAVIER [&hellip;]<\/p>\n","protected":false},"author":249,"featured_media":13082,"comment_status":"open","ping_status":"closed","sticky":false,"template":"","format":"standard","meta":{"footnotes":""},"categories":[1],"tags":[],"class_list":["post-13081","post","type-post","status-publish","format-standard","has-post-thumbnail","hentry","category-sin-categoria"],"_links":{"self":[{"href":"https:\/\/eloficiodehistoriar.com.mx\/index.php?rest_route=\/wp\/v2\/posts\/13081","targetHints":{"allow":["GET"]}}],"collection":[{"href":"https:\/\/eloficiodehistoriar.com.mx\/index.php?rest_route=\/wp\/v2\/posts"}],"about":[{"href":"https:\/\/eloficiodehistoriar.com.mx\/index.php?rest_route=\/wp\/v2\/types\/post"}],"author":[{"embeddable":true,"href":"https:\/\/eloficiodehistoriar.com.mx\/index.php?rest_route=\/wp\/v2\/users\/249"}],"replies":[{"embeddable":true,"href":"https:\/\/eloficiodehistoriar.com.mx\/index.php?rest_route=%2Fwp%2Fv2%2Fcomments&post=13081"}],"version-history":[{"count":1,"href":"https:\/\/eloficiodehistoriar.com.mx\/index.php?rest_route=\/wp\/v2\/posts\/13081\/revisions"}],"predecessor-version":[{"id":13083,"href":"https:\/\/eloficiodehistoriar.com.mx\/index.php?rest_route=\/wp\/v2\/posts\/13081\/revisions\/13083"}],"wp:featuredmedia":[{"embeddable":true,"href":"https:\/\/eloficiodehistoriar.com.mx\/index.php?rest_route=\/wp\/v2\/media\/13082"}],"wp:attachment":[{"href":"https:\/\/eloficiodehistoriar.com.mx\/index.php?rest_route=%2Fwp%2Fv2%2Fmedia&parent=13081"}],"wp:term":[{"taxonomy":"category","embeddable":true,"href":"https:\/\/eloficiodehistoriar.com.mx\/index.php?rest_route=%2Fwp%2Fv2%2Fcategories&post=13081"},{"taxonomy":"post_tag","embeddable":true,"href":"https:\/\/eloficiodehistoriar.com.mx\/index.php?rest_route=%2Fwp%2Fv2%2Ftags&post=13081"}],"curies":[{"name":"wp","href":"https:\/\/api.w.org\/{rel}","templated":true}]}}