{"id":131,"date":"2008-05-26T10:04:57","date_gmt":"2008-05-26T15:04:57","guid":{"rendered":"https:\/\/eloficiodehistoriar.com.mx\/?p=131"},"modified":"2008-05-26T10:06:46","modified_gmt":"2008-05-26T15:06:46","slug":"131","status":"publish","type":"post","link":"https:\/\/eloficiodehistoriar.com.mx\/?p=131","title":{"rendered":"Templo y Convento de La Virgen del Pueblito"},"content":{"rendered":"<p><strong><span style=\"font-size: 24pt; font-family: Arial\">Convento de Recolecci\u00f3n de San Buenaventura y Santuario de Nuestra Se\u00f1ora del Pueblito<o:p><\/o:p><\/span><\/strong><strong><span style=\"font-size: 13pt; font-family: Arial\"><o:p>\u00a0<\/o:p><\/span><\/strong><\/p>\n<table hspace=\"0\" vspace=\"0\" align=\"left\" cellPadding=\"0\" cellSpacing=\"0\">\n<tr>\n<td align=\"left\" vAlign=\"top\" style=\"background-color: transparent; border: #f0f0f0; padding: 0cm\">\n<p style=\"margin: 0cm 0cm 0pt; vertical-align: baseline; line-height: 44.6pt; text-align: justify\" class=\"MsoNormal\"><span style=\"font-size: 55.5pt; font-family: Arial\"><\/span><\/p>\n<p style=\"margin: 0cm 0cm 0pt; vertical-align: baseline; line-height: 44.6pt; text-align: justify\" class=\"MsoNormal\"><span style=\"font-size: 55.5pt; font-family: Arial\"><\/span><\/p>\n<p><span style=\"font-size: 55.5pt; font-family: Arial\">E<o:p><\/o:p><\/span><\/td>\n<\/tr>\n<\/table>\n<p style=\"margin: 0cm 0cm 0pt; text-align: justify\" class=\"MsoNormal\"><span style=\"font-size: 13pt; font-family: Arial\"><\/span><\/p>\n<p style=\"margin: 0cm 0cm 0pt; text-align: justify\" class=\"MsoNormal\"><span style=\"font-size: 13pt; font-family: Arial\"><\/span><\/p>\n<p style=\"margin: 0cm 0cm 0pt; text-align: justify\" class=\"MsoNormal\"><span style=\"font-size: 13pt; font-family: Arial\"><\/span><\/p>\n<p style=\"margin: 0cm 0cm 0pt; text-align: justify\" class=\"MsoNormal\"><span style=\"font-size: 13pt; font-family: Arial\"><\/span><\/p>\n<p style=\"margin: 0cm 0cm 0pt; text-align: justify\" class=\"MsoNormal\"><span style=\"font-size: 13pt; font-family: Arial\"><\/span><\/p>\n<p style=\"margin: 0cm 0cm 0pt; text-align: justify\" class=\"MsoNormal\"><span style=\"font-size: 13pt; font-family: Arial\"><\/span><\/p>\n<p><span style=\"font-size: 13pt; font-family: Arial\">n<span>\u00a0 <\/span>el centro ceremonial prehisp\u00e1nico m\u00e1s grande encontrado en la regi\u00f3n del centro-norte de M\u00e9xico, ubicado en el Valle de Quer\u00e9taro, en El Pueblito, donde se encuentra<span>\u00a0 <\/span>una pir\u00e1mide trunca, que se le conoce inmemorialmente, como \u201cEl Cerrito\u201d, se encuentra una imagen, hecha de pasta de ma\u00edz, al m\u00e1s puro estilo mesoamericano y realizada en 1632 por un fraile, llamado Sebasti\u00e1n Gallegos, lo mismo que<span>\u00a0 <\/span>un santuario y un convento.<o:p><\/o:p><\/span><span style=\"font-size: 13pt; font-family: Arial\"><o:p>\u00a0<\/o:p><\/span><\/p>\n<p style=\"margin: 0cm 0cm 0pt; text-align: justify\" class=\"MsoNormal\"><span style=\"font-size: 13pt; font-family: Arial\"><span><\/span><\/span><\/p>\n<p style=\"margin: 0cm 0cm 0pt; text-align: justify\" class=\"MsoNormal\"><span style=\"font-size: 13pt; font-family: Arial\"><span><\/span><\/span><\/p>\n<p><span style=\"font-size: 13pt; font-family: Arial\"><span><\/span>\u201cEl <\/span><span style=\"font-size: 13pt; font-family: Arial\">Pueblito, es una<span>\u00a0 <\/span>poblaci\u00f3n que ya exist\u00eda cuando Quer\u00e9taro fue sometido alrededor de 1531 por el Pochtecatl Con\u00edn y el cacique Nicol\u00e1s de San Luis de Monta\u00f1\u00e9s. Seg\u00fan los documentos de Puebla y Guadalajara.<span>\u00a0 <\/span><o:p><\/o:p><\/span><span style=\"font-size: 13pt; font-family: Arial\"><o:p>\u00a0<\/o:p><\/span><\/p>\n<p style=\"margin: 0cm 0cm 0pt; text-align: justify\" class=\"MsoNormal\"><span style=\"font-size: 13pt; font-family: Arial\"><\/span><\/p>\n<p style=\"margin: 0cm 0cm 0pt; text-align: justify\" class=\"MsoNormal\"><span style=\"font-size: 13pt; font-family: Arial\"><\/span><\/p>\n<p><span style=\"font-size: 13pt; font-family: Arial\">Los pobladores de la zona eran chichimecas y los otom\u00edes llegaron con Con\u00edn y posteriormente con los espa\u00f1oles los Pur\u00e9pechas y Mexicas,<span>\u00a0 <\/span>tributarios de Jilotepec y lo fueron posteriormente despu\u00e9s de la conquista espa\u00f1ola<span>\u00a0 <\/span>de Ac\u00e1mbaro.\u201d<o:p><\/o:p><\/span><span style=\"font-size: 13pt; font-family: Arial\"><o:p>\u00a0<\/o:p><\/span><\/p>\n<p style=\"margin: 0cm 0cm 0pt; text-align: justify\" class=\"MsoNormal\"><span style=\"font-size: 13pt; font-family: Arial\"><\/span><\/p>\n<p style=\"margin: 0cm 0cm 0pt; text-align: justify\" class=\"MsoNormal\"><span style=\"font-size: 13pt; font-family: Arial\"><\/span><\/p>\n<p><span style=\"font-size: 13pt; font-family: Arial\">\u201cEn la parte norte muy cerca de la poblaci\u00f3n, que se conoci\u00f3 como San Francisco Galileo, se yergue una pir\u00e1mide monumental construida a mano&#8230; este cerrillo artificial es llamado Cerro Pel\u00f3n.\u201d<o:p><\/o:p><\/span><span style=\"font-size: 13pt; font-family: Arial\"><o:p>\u00a0<\/o:p><\/span><\/p>\n<p style=\"margin: 0cm 0cm 0pt; text-align: justify\" class=\"MsoNormal\"><span style=\"font-size: 13pt; font-family: Arial\"><\/span><\/p>\n<p style=\"margin: 0cm 0cm 0pt; text-align: justify\" class=\"MsoNormal\"><span style=\"font-size: 13pt; font-family: Arial\"><\/span><\/p>\n<p><span style=\"font-size: 13pt; font-family: Arial\">\u201cFrente a este adoratorio secular y a la entrada de la poblaci\u00f3n, el viajero se encuentra un soberbio edificio de sencilla pero s\u00f3lida construcci\u00f3n, lo forman el santuario y el convento de recolecci\u00f3n&#8230;\u201d.<o:p><\/o:p><\/span><span style=\"font-size: 13pt; font-family: Arial\"><o:p>\u00a0<\/o:p><\/span><\/p>\n<p style=\"margin: 0cm 0cm 0pt; text-align: justify\" class=\"MsoNormal\"><span style=\"font-size: 13pt; font-family: Arial\"><\/span><\/p>\n<p style=\"margin: 0cm 0cm 0pt; text-align: justify\" class=\"MsoNormal\"><span style=\"font-size: 13pt; font-family: Arial\"><\/span><\/p>\n<p><span style=\"font-size: 13pt; font-family: Arial\">\u201cEn el antiguo pueblo de Tlachco, San Francisco Galileo o El Pueblito, desde peque\u00f1o se va aprendiendo \u201cla costumbre\u201d, el amor a <st1:personname ProductID=\"la Virgen\" w:st=\"on\">la Virgen<\/st1:personname> de los Naturales. Para este pueblo, su culto es de importancia decisiva\u201d.<o:p><\/o:p><\/span><em><span style=\"font-size: 13pt; font-family: Arial\"><o:p>\u00a0<\/o:p><\/span><\/em><\/p>\n<p style=\"margin: 0cm 0cm 0pt; text-align: justify\" class=\"MsoNormal\"><span style=\"font-size: 13pt; font-family: Arial\"><\/span><\/p>\n<p style=\"margin: 0cm 0cm 0pt; text-align: justify\" class=\"MsoNormal\"><span style=\"font-size: 13pt; font-family: Arial\"><\/span><\/p>\n<p><span style=\"font-size: 13pt; font-family: Arial\">La llamada<span>\u00a0 <\/span>Virgen del Pueblito, permaneci\u00f3<span>\u00a0 <\/span>82 a\u00f1os en las inmediaciones del Centro Ceremonial Prehisp\u00e1nico, cerca de <st1:personname ProductID=\"la Pir?mide.\" w:st=\"on\">la Pir\u00e1mide.<\/st1:personname> <o:p><\/o:p><\/span><span style=\"font-size: 13pt; font-family: Arial\"><o:p>\u00a0<\/o:p><\/span><\/p>\n<p style=\"margin: 0cm 0cm 0pt; text-align: justify\" class=\"MsoNormal\"><span style=\"font-size: 13pt; font-family: Arial\"><\/span><\/p>\n<p style=\"margin: 0cm 0cm 0pt; text-align: justify\" class=\"MsoNormal\"><span style=\"font-size: 13pt; font-family: Arial\"><\/span><\/p>\n<p><span style=\"font-size: 13pt; font-family: Arial\">Despu\u00e9s <span>\u00a0<\/span>22 a\u00f1os fue venerada en la capilla del pante\u00f3n, lugar de los antepasados mesoamericanos, para dividirse en 1736 en dos esculturas,<span>\u00a0 <\/span>la primera, factura del fraile escultor, Fray Sebasti\u00e1n Gallegos, fue a recibir culto en el santuario y convento, construidos ex profeso en el a\u00f1o de 1736<span>\u00a0 <\/span>en el mismo lugar de la primera Ermita,<span>\u00a0 <\/span>sede de Doctrina en San Francisco Galileo, dependiente de <st1:personname ProductID=\"la Parroquia\" w:st=\"on\">la Parroquia<\/st1:personname> de Santiago en Quer\u00e9taro.<o:p><\/o:p><\/span><span style=\"font-size: 13pt; font-family: Arial\"><o:p>\u00a0<\/o:p><\/span><\/p>\n<p style=\"margin: 0cm 0cm 0pt; text-align: justify\" class=\"MsoNormal\"><span style=\"font-size: 13pt; font-family: Arial\"><\/span><\/p>\n<p style=\"margin: 0cm 0cm 0pt; text-align: justify\" class=\"MsoNormal\"><span style=\"font-size: 13pt; font-family: Arial\"><\/span><\/p>\n<p><span style=\"font-size: 13pt; font-family: Arial\">La segunda imagen, realizada al tiempo en que les quitaron la imagen primitiva y an\u00f3nima, la llamada de los naturales, de los tenanches o de la mayordom\u00eda, pas\u00f3 a poder de los habitantes chichimecas y otom\u00edes, principalmente y a los otros habitantes mesoamericanos de esa regi\u00f3n.<o:p><\/o:p><\/span><em><span style=\"font-size: 13pt; font-family: Arial\"><o:p>\u00a0<\/o:p><\/span><\/em><\/p>\n<p style=\"margin: 0cm 0cm 0pt; text-align: justify\" class=\"MsoNormal\"><span style=\"font-size: 13pt; font-family: Arial\"><\/span><\/p>\n<p style=\"margin: 0cm 0cm 0pt; text-align: justify\" class=\"MsoNormal\"><span style=\"font-size: 13pt; font-family: Arial\"><\/span><\/p>\n<p><span style=\"font-size: 13pt; font-family: Arial\">Fray Sebasti\u00e1n Gallegos, fraile<span>\u00a0 <\/span>Menor de <st1:personname ProductID=\"la Orden\" w:st=\"on\">la Orden<\/st1:personname> de San Francisco y conventual de San Francisco El Grande, en Quer\u00e9taro, \u201csujeto muy ingenioso y diestro en el arte de la escultura\u201d, estuvo activo de 1630 al 1632, realizando las im\u00e1genes conocidas como: Jes\u00fas Nazareno, llamado de \u201cLos Terceros\u201d,<span>\u00a0 <\/span>un Ecce Homo,<span>\u00a0 <\/span>escultura conocida como El Se\u00f1or de <st1:personname ProductID=\"La Huertecilla\" w:st=\"on\">La Huertecilla<\/st1:personname><span>\u00a0 <\/span>y la imagen de Nuestra Se\u00f1ora<span>\u00a0 <\/span>del Pueblito, entre otras.<o:p><\/o:p><\/span><span style=\"font-size: 13pt; font-family: Arial\"><o:p>\u00a0<\/o:p><\/span><\/p>\n<h4 style=\"margin: 0cm 0cm 0pt\"><span style=\"font-size: 15pt\" lang=\"ES-TRAD\"><\/span><\/h4>\n<h4 style=\"margin: 0cm 0cm 0pt\"><span style=\"font-size: 15pt\" lang=\"ES-TRAD\"><\/span><\/h4>\n<h4 style=\"margin: 0cm 0cm 0pt\"><span style=\"font-size: 15pt\" lang=\"ES-TRAD\"><font face=\"Arial\">Descripci\u00f3n de <st1:personname ProductID=\"la Imagen\" w:st=\"on\">La Imagen<\/st1:personname><o:p><\/o:p><\/font><\/span><\/h4>\n<p><span style=\"font-size: 13pt; font-family: Arial\"><o:p>\u00a0<\/o:p><\/span><\/p>\n<p style=\"margin: 0cm 0cm 0pt; text-align: justify\" class=\"MsoNormal\"><span style=\"font-size: 13pt; font-family: Arial\"><\/span><\/p>\n<p style=\"margin: 0cm 0cm 0pt; text-align: justify\" class=\"MsoNormal\"><span style=\"font-size: 13pt; font-family: Arial\"><\/span><\/p>\n<p><span style=\"font-size: 13pt; font-family: Arial\">Nuestra Se\u00f1ora Del Pueblito es una escultura de <st1:personname ProductID=\"la Inmaculada Concepci?n\" w:st=\"on\">La Inmaculada Concepci\u00f3n<\/st1:personname>, de pie, con las manos unidas por las palmas delante del pecho, asoma sobre su t\u00fanica las puntas de su calzado y posa sobre una media luna. Mide <st1:metricconverter ProductID=\"53.5 cent?metros\" w:st=\"on\">53.5 cent\u00edmetros<\/st1:metricconverter> y pesa un kilo <st1:metricconverter ProductID=\"50 gramos\" w:st=\"on\">50 gramos<\/st1:metricconverter>. Bajo sus actuales vestiduras se oculta la talla de pasta de ca\u00f1a de ma\u00edz, con t\u00fanica de cuello circular, ce\u00f1ida a la cintura,<\/span><span style=\"font-size: 13pt; font-family: Arial\"> <\/span><span style=\"font-size: 13pt; font-family: Arial\">bajando en pliegues hasta los pies, lleva un manto que se ve en partes y cuyos extremos se unen dellado izquierdo cayendo en pliegues sobre la rodilla derecha, era rosa la t\u00fanica y azul-verde el manto, estofada, sus ojos son dibujados y la encarnaci\u00f3n existe en el rostro y las manos. <o:p><\/o:p><\/span><span style=\"font-size: 13pt; font-family: Arial\"><o:p>\u00a0<\/o:p><\/span><\/p>\n<p style=\"margin: 0cm 0cm 0pt; text-align: justify\" class=\"MsoNormal\"><span style=\"font-size: 13pt; font-family: Arial\"><\/span><\/p>\n<p style=\"margin: 0cm 0cm 0pt; text-align: justify\" class=\"MsoNormal\"><span style=\"font-size: 13pt; font-family: Arial\"><\/span><\/p>\n<p><span style=\"font-size: 13pt; font-family: Arial\">En el sotocoro, de cada lado se encuentran pilas de agua bendita en forma de concha y del lado izquierdo una capilla devocional que otrora fuera el lugar de la pila bautismal, en este lugar hay una protecci\u00f3n de cristal para un soclo de colores vegetales, al m\u00e1s puro estilo mesoamericano, no hay altares, ni retablos, ni pinturas, solo un cancel que guarda de los ojos indiscretos este lugar de oraci\u00f3n, la b\u00f3veda de ca\u00f1\u00f3n corrido comienza dando espacio en el primer gajo, al coro, que alberga la siller\u00eda y la presidencia capitular desde donde los frailes menores cantaron Tiniebla y Maitines, en voces que a\u00fan parecen resonar, mientras cuatro retablos neocl\u00e1sicos adornan la nave antes de llegar al crucero, donde los arcos torales dar\u00e1n paso a la primera c\u00fapula sostenida por sus cuatro pechinas y un tambor octagonal, una c\u00fapula de media naranja y rematada por una linternilla.<o:p><\/o:p><\/span><span style=\"font-size: 13pt; font-family: Arial\"><o:p>\u00a0<\/o:p><\/span><\/p>\n<p style=\"margin: 0cm 0cm 0pt; text-align: justify\" class=\"MsoNormal\"><span style=\"font-size: 13pt; font-family: Arial\"><\/span><\/p>\n<p style=\"margin: 0cm 0cm 0pt; text-align: justify\" class=\"MsoNormal\"><span style=\"font-size: 13pt; font-family: Arial\"><\/span><\/p>\n<p><span style=\"font-size: 13pt; font-family: Arial\">Una tribuna en escuadra oculta a los frailes curiosos que desde la altura del crucero miran y remiran el presbiterio. Da salida a la antesacrist\u00eda, entrada a la capilla de la pasi\u00f3n y tres retablos, uno a la izquierda y otros dos a la derecha confirman la grandeza del lugar y dejan paso a una peque\u00f1a capilla que deja al descubierto la escalera que da entrada al pulpito.<o:p><\/o:p><\/span><span style=\"font-size: 13pt; font-family: Arial\"><o:p>\u00a0<\/o:p><\/span><\/p>\n<p style=\"margin: 0cm 0cm 0pt; text-align: justify\" class=\"MsoNormal\"><span style=\"font-size: 13pt; font-family: Arial\"><\/span><\/p>\n<p style=\"margin: 0cm 0cm 0pt; text-align: justify\" class=\"MsoNormal\"><span style=\"font-size: 13pt; font-family: Arial\"><\/span><\/p>\n<p><span style=\"font-size: 13pt; font-family: Arial\">El presbiterio da espacio para llegar al cipr\u00e9s donde se encuentra Nuestra Se\u00f1ora del Pueblito y que ha sufrido a trav\u00e9s del tiempo diferentes modificaciones, donde una c\u00fapula neocl\u00e1sica de arriscados copetes, hermosos vitrales, juegos de columnas y una linternilla permiten gozar de un impresionante<span>\u00a0 <\/span>espacio, bien pensado para dar solemnidad al lugar, que en su lado izquierdo da entrada a la antigua sacrist\u00eda, espacio de b\u00f3vedas de ca\u00f1\u00f3n corrido que ahora se le da el uso de capilla del Sant\u00edsimo y del lado derecho al criptario donde descansan los frailes menores que esperan la resurrecci\u00f3n de los muertos.<o:p><\/o:p><\/span><span style=\"font-size: 13pt; font-family: Arial\"><o:p>\u00a0<\/o:p><\/span><\/p>\n<p style=\"margin: 0cm 0cm 0pt; text-align: justify\" class=\"MsoNormal\"><span style=\"font-size: 13pt; font-family: Arial\"><\/span><\/p>\n<p style=\"margin: 0cm 0cm 0pt; text-align: justify\" class=\"MsoNormal\"><span style=\"font-size: 13pt; font-family: Arial\"><\/span><\/p>\n<p><span style=\"font-size: 13pt; font-family: Arial\">Esta c\u00fapula que alberga al cipr\u00e9s se eleva en cuatro pares de columnas, y se divide en ocho gajos, un tragaluz con la forma tradicional de lo que se conoce como ojo de buey, los ventanales que almohadillados en cantera se rematan con un alto copete cada uno y a la salida hacia la cupulilla hay ocho gajos de almohadillados que le dan una belleza m\u00e1s al lugar donde se encuentra el trono de la virgen.<o:p><\/o:p><\/span><span style=\"font-size: 13pt; font-family: Arial\"><o:p>\u00a0<\/o:p><\/span><\/p>\n<p style=\"margin: 0cm 0cm 0pt; text-align: justify\" class=\"MsoNormal\"><span style=\"font-size: 13pt; font-family: Arial\"><\/span><\/p>\n<p style=\"margin: 0cm 0cm 0pt; text-align: justify\" class=\"MsoNormal\"><span style=\"font-size: 13pt; font-family: Arial\"><\/span><\/p>\n<p><span style=\"font-size: 13pt; font-family: Arial\">En el presbiterio, de cada lado se levantan dos columnas que en su entrecalle contienen los nichos de San Pedro y San Pablo, patronos de <st1:personname ProductID=\"la Provincia Franciscana\" w:st=\"on\">la Provincia Franciscana<\/st1:personname>, donde se encuentra este santuario y ya no existen en este entorno las im\u00e1genes que usualmente rodean un altar mariano y que son San Joaqu\u00edn y Santa Ana que en alg\u00fan tiempo estuvieron all\u00ed.<o:p><\/o:p><\/span><span style=\"font-size: 13pt; font-family: Arial\"><o:p>\u00a0<\/o:p><\/span><\/p>\n<p style=\"margin: 0cm 0cm 0pt; text-align: justify\" class=\"MsoNormal\"><span style=\"font-size: 13pt; font-family: Arial\"><\/span><\/p>\n<p style=\"margin: 0cm 0cm 0pt; text-align: justify\" class=\"MsoNormal\"><span style=\"font-size: 13pt; font-family: Arial\"><\/span><\/p>\n<p><span style=\"font-size: 13pt; font-family: Arial\">En la capilla lateral izquierda que da entrada por el crucero, el altar est\u00e1 al fondo y podemos encontrar ah\u00ed s\u00f3lo esculturas referentes a la pasi\u00f3n y donde resalta un Se\u00f1or de <st1:personname ProductID=\"la Columna\" w:st=\"on\">la Columna<\/st1:personname> que da claras evidencias de ser de <st1:personname ProductID=\"la Tradicional Escuela\" w:st=\"on\">la Tradicional Escuela<\/st1:personname> de Escultores Queretanos por su gran belleza.<o:p><\/o:p><\/span><span style=\"font-size: 13pt; font-family: Arial\"><o:p>\u00a0<\/o:p><\/span><\/p>\n<p style=\"margin: 0cm 0cm 0pt; text-align: justify\" class=\"MsoNormal\"><span style=\"font-size: 13pt; font-family: Arial\"><\/span><\/p>\n<p style=\"margin: 0cm 0cm 0pt; text-align: justify\" class=\"MsoNormal\"><span style=\"font-size: 13pt; font-family: Arial\"><\/span><\/p>\n<p><span style=\"font-size: 13pt; font-family: Arial\">El santuario construido a Nuestra Se\u00f1ora del Pueblito, tenia retablos y altares pero sobretodo el principal, estaba realizado al m\u00e1s puro estilo barroco, con hermosos est\u00edpites, el cuerpo del retablo mayor<span>\u00a0 <\/span>tachonado de ricos espejos y frente al fanal la imagen de <st1:personname ProductID=\"la Virgen\" w:st=\"on\">la Virgen<\/st1:personname> del Pueblito ricamente vestida de perlas, diamantes y otras piedras preciosas, resultaba bellamente iluminada.<o:p><\/o:p><\/span><span style=\"font-size: 13pt; font-family: Arial\"><o:p>\u00a0<\/o:p><\/span><\/p>\n<p style=\"margin: 0cm 0cm 0pt; text-align: justify\" class=\"MsoNormal\"><span style=\"font-size: 13pt; font-family: Arial\"><\/span><\/p>\n<p style=\"margin: 0cm 0cm 0pt; text-align: justify\" class=\"MsoNormal\"><span style=\"font-size: 13pt; font-family: Arial\"><\/span><\/p>\n<p><span style=\"font-size: 13pt; font-family: Arial\">La primera capilla a <st1:personname ProductID=\"la Virgen\" w:st=\"on\">la Virgen<\/st1:personname> del Pueblito \u201cera tan corta de tierra, como de doce varas\u201d<span>\u00a0 <\/span><o:p><\/o:p><\/span><span style=\"font-size: 13pt; font-family: Arial\"><o:p>\u00a0<\/o:p><\/span><\/p>\n<p style=\"margin: 0cm 0cm 0pt; text-align: justify\" class=\"MsoNormal\"><span style=\"font-size: 13pt; font-family: Arial\"><\/span><\/p>\n<p style=\"margin: 0cm 0cm 0pt; text-align: justify\" class=\"MsoNormal\"><span style=\"font-size: 13pt; font-family: Arial\"><\/span><\/p>\n<p><span style=\"font-size: 13pt; font-family: Arial\">Establecidos los frailes franciscanos en la regi\u00f3n levantaron peque\u00f1os y<\/span><span style=\"font-size: 13pt; font-family: Arial\"> <\/span><span style=\"font-size: 13pt; font-family: Arial\">sencillos adoratorios para congregar a la poblaci\u00f3n original del lugar y en el lugar donde se encuentra el actual santuario estuvo la capilla que hac\u00eda las veces de sede de <st1:personname ProductID=\"La Doctrina\" w:st=\"on\">La Doctrina<\/st1:personname>, perteneciente a la parroquia de Santiago de Quer\u00e9taro y donde fue depositada la imagen por el cura Nicol\u00e1s Zamora. <o:p><\/o:p><\/span><span style=\"font-size: 13pt; font-family: Arial\"><o:p>\u00a0<\/o:p><\/span><\/p>\n<p style=\"margin: 0cm 0cm 0pt; text-align: justify\" class=\"MsoNormal\"><span style=\"font-size: 13pt; font-family: Arial\"><\/span><\/p>\n<p style=\"margin: 0cm 0cm 0pt; text-align: justify\" class=\"MsoNormal\"><span style=\"font-size: 13pt; font-family: Arial\"><\/span><\/p>\n<p><span style=\"font-size: 13pt; font-family: Arial\">En 1714 construyeron los frailes franciscanos en el lugar del camposanto una capilla de adobe como de diez metros cuadrados y en ella estuvo Nuestra Se\u00f1ora Del Pueblito 22 a\u00f1os hasta entrar a su Santuario.<o:p><\/o:p><\/span><span style=\"font-size: 13pt; font-family: Arial\"><o:p>\u00a0<\/o:p><\/span><\/p>\n<p style=\"margin: 0cm 0cm 0pt; text-align: justify\" class=\"MsoNormal\"><strong><span style=\"font-size: 15pt; font-family: Arial\"><\/span><\/strong><\/p>\n<p style=\"margin: 0cm 0cm 0pt; text-align: justify\" class=\"MsoNormal\"><strong><span style=\"font-size: 15pt; font-family: Arial\"><\/span><\/strong><\/p>\n<p><strong><span style=\"font-size: 15pt; font-family: Arial\">El Convento<o:p><\/o:p><\/span><\/strong><span style=\"font-size: 13pt; font-family: Arial\"><o:p>\u00a0<\/o:p><\/span><\/p>\n<p style=\"margin: 0cm 0cm 0pt; text-align: justify\" class=\"MsoNormal\"><span style=\"font-size: 13pt; font-family: Arial\"><\/span><\/p>\n<p style=\"margin: 0cm 0cm 0pt; text-align: justify\" class=\"MsoNormal\"><span style=\"font-size: 13pt; font-family: Arial\"><\/span><\/p>\n<p><span style=\"font-size: 13pt; font-family: Arial\">Fue inter\u00e9s del arzobispo de M\u00e9xico y del Cura de Quer\u00e9taro la construcci\u00f3n de este Santuario-Convento, lo mismo que el Ayuntamiento, de modo que el Rey libr\u00f3 <st1:personname ProductID=\"la C?dula Real\" w:st=\"on\">la C\u00e9dula Real<\/st1:personname> en Aranjuez el 26 de Mayo de 1765 para levantar el convento. Fue levantado en terrenos propiedad de los mesoamericanos, quienes no permitieron que el Hacendado de Balvanera Jos\u00e9 Ponciano de <st1:personname ProductID=\"la Campa\" w:st=\"on\">la Campa<\/st1:personname> los compensara con otros terrenos. La obra dur\u00f3 diez a\u00f1os y su primer guardi\u00e1n fue el Fraile Daniel Doncel y tuvo vocaci\u00f3n desde el principio del noviciado.<o:p><\/o:p><\/span><span style=\"font-size: 13pt; font-family: Arial\"><o:p>\u00a0<\/o:p><\/span><\/p>\n<p style=\"margin: 0cm 0cm 0pt; text-align: justify\" class=\"MsoNormal\"><span style=\"font-size: 13pt; font-family: Arial\"><\/span><\/p>\n<p style=\"margin: 0cm 0cm 0pt; text-align: justify\" class=\"MsoNormal\"><span style=\"font-size: 13pt; font-family: Arial\"><\/span><\/p>\n<p><span style=\"font-size: 13pt; font-family: Arial\">En julio de 1914 el convento y la huerta pasaron a poder del gobierno y hasta 1943 se obtuvo la devoluci\u00f3n de todo el convento y la huerta anexa y para 1949 estaba restaurada para servir nuevamente de noviciado.<o:p><\/o:p><\/span><span style=\"font-size: 13pt; font-family: Arial\"><o:p>\u00a0<\/o:p><\/span><\/p>\n<p style=\"margin: 0cm 0cm 0pt; text-align: justify\" class=\"MsoNormal\"><span style=\"font-size: 13pt; font-family: Arial\"><\/span><\/p>\n<p style=\"margin: 0cm 0cm 0pt; text-align: justify\" class=\"MsoNormal\"><span style=\"font-size: 13pt; font-family: Arial\"><\/span><\/p>\n<p><span style=\"font-size: 13pt; font-family: Arial\">Este convento con una muy larga barda almenada nos depara gratas sorpresas como son los dos arcos que dan entrada al Portal de Peregrinos, las trece ventanas de la planta alta y la puerta de trabajo, la primera da paso al patio principal que est\u00e1 enmarcado con cuatro corredores flanqueados de cuatro arcos de medio punto por cada lado y la parte alta s\u00f3lo presenta ventanales que encierran los corredores de b\u00f3veda corrida y pinturas vegetales, mientras que en la parte baja las b\u00f3vedas son nervadas.<o:p><\/o:p><\/span><span style=\"font-size: 13pt; font-family: Arial\"><o:p>\u00a0<\/o:p><\/span><\/p>\n<p style=\"margin: 0cm 0cm 0pt; text-align: justify\" class=\"MsoNormal\"><span style=\"font-size: 13pt; font-family: Arial\"><\/span><\/p>\n<p style=\"margin: 0cm 0cm 0pt; text-align: justify\" class=\"MsoNormal\"><span style=\"font-size: 13pt; font-family: Arial\"><\/span><\/p>\n<p><span style=\"font-size: 13pt; font-family: Arial\">A la entrada a este patio encontramos del lado izquierdo una capilla devocional donde alguna vez lucieron en forma tumultuaria los exvotos llevados por los peregrinos a ese recinto sagrado, este patio da entrada por el lado derecho a la antesacrist\u00eda.<span>\u00a0 <\/span>Frente a la sacrist\u00eda ahora llamada Capilla del Sant\u00edsimo, del lado derecho a <st1:personname ProductID=\"la Capilla\" w:st=\"on\">la Capilla<\/st1:personname> de <st1:personname ProductID=\"la Pasi?n\" w:st=\"on\">la Pasi\u00f3n<\/st1:personname> y en la siguiente entrada de ese mismo lado al crucero del Santuario, por el lado izquierdo se entra a unas escaleras interiores que conducen al Claustro y en la planta baja a un patio de servicio donde podremos admirar un pozo de \u00e9poca y un contrafuerte que nos indica la resistencia de los muy gruesos muros que tiene este edificio.<o:p><\/o:p><\/span><span style=\"font-size: 13pt; font-family: Arial\"><o:p>\u00a0<\/o:p><\/span><\/p>\n<p style=\"margin: 0cm 0cm 0pt; text-align: justify\" class=\"MsoNormal\"><span style=\"font-size: 13pt; font-family: Arial\"><\/span><\/p>\n<p style=\"margin: 0cm 0cm 0pt; text-align: justify\" class=\"MsoNormal\"><span style=\"font-size: 13pt; font-family: Arial\"><\/span><\/p>\n<p><span style=\"font-size: 13pt; font-family: Arial\">Por el lado izquierdo del patio barroco y principal existe en el centro una fuente monumental con cinco escalones y ochavada, al centro una columna con una concha que hermosea este patio. Se entra por este patio a la planta alta del claustro por una escalera con descanso muy amplia y con barandal, mientras que la parte baja da acceso a <st1:personname ProductID=\"la Sala\" w:st=\"on\">la Sala<\/st1:personname> de Profundis al Refectorio y al Patio de Trabajo.<o:p><\/o:p><\/span><span style=\"font-size: 13pt; font-family: Arial\"><o:p>\u00a0<\/o:p><\/span><\/p>\n<p style=\"margin: 0cm 0cm 0pt; text-align: justify\" class=\"MsoNormal\"><span style=\"font-size: 13pt; font-family: Arial\"><\/span><\/p>\n<p style=\"margin: 0cm 0cm 0pt; text-align: justify\" class=\"MsoNormal\"><span style=\"font-size: 13pt; font-family: Arial\"><\/span><\/p>\n<p><span style=\"font-size: 13pt; font-family: Arial\">El Patio de Trabajo conduce hacia la entrada de la huerta donde se encuentran dos arcos que por medio de canales conducen el agua de las azoteas de todo el edificio a un aljibe, todos estos implementos de servicio dan un reconocimiento a la arquitectura del Siglo XVIII en que fue<\/span><span style=\"font-size: 13pt; font-family: Arial\"> <\/span><span style=\"font-size: 13pt; font-family: Arial\">construido este edificio.<o:p><\/o:p><\/span><span style=\"font-size: 13pt; font-family: Arial\"><o:p>\u00a0<\/o:p><\/span><\/p>\n<p style=\"margin: 0cm 0cm 0pt; text-align: justify\" class=\"MsoNormal\"><span style=\"font-size: 13pt; font-family: Arial\"><\/span><\/p>\n<p style=\"margin: 0cm 0cm 0pt; text-align: justify\" class=\"MsoNormal\"><span style=\"font-size: 13pt; font-family: Arial\"><\/span><\/p>\n<p><span style=\"font-size: 13pt; font-family: Arial\">El Capit\u00e1n Pedro De Urtiaga, devoto de esta imagen encarg\u00f3 a su hijo el coronel Jos\u00e9 de Urtiaga<span>\u00a0 <\/span>construyese el templo. <o:p><\/o:p><\/span><span style=\"font-size: 13pt; font-family: Arial\"><o:p>\u00a0<\/o:p><\/span><\/p>\n<p style=\"margin: 0cm 0cm 0pt; text-align: justify\" class=\"MsoNormal\"><span style=\"font-size: 13pt; font-family: Arial\"><\/span><\/p>\n<p style=\"margin: 0cm 0cm 0pt; text-align: justify\" class=\"MsoNormal\"><span style=\"font-size: 13pt; font-family: Arial\"><\/span><\/p>\n<p><span style=\"font-size: 13pt; font-family: Arial\">El Arzobispo Manuel Rubio Y Salinas, al declarar la conveniencia de fundar un convento junto al santuario de <st1:personname ProductID=\"la Virgen\" w:st=\"on\">la Virgen<\/st1:personname> del Pueblito que en ese entonces era ayuda de la parroquia de San Sebasti\u00e1n en el Pueblito, est\u00e1<\/span><span style=\"font-size: 13pt; font-family: Arial\"> <\/span><span style=\"font-size: 13pt; font-family: Arial\">de acuerdo que all\u00ed se retenga a la imagen, pero que los frailes se comprometan a levantar una Iglesia competente para un futuro cura secular, como se hizo y existe en la actualidad.<o:p><\/o:p><\/span><span style=\"font-size: 13pt; font-family: Arial\"><o:p>\u00a0<\/o:p><\/span><\/p>\n<p style=\"margin: 0cm 0cm 0pt; text-align: justify\" class=\"MsoNormal\"><span style=\"font-size: 13pt; font-family: Arial\"><\/span><\/p>\n<p style=\"margin: 0cm 0cm 0pt; text-align: justify\" class=\"MsoNormal\"><span style=\"font-size: 13pt; font-family: Arial\"><\/span><\/p>\n<p><span style=\"font-size: 13pt; font-family: Arial\">El nuevo templo<span>\u00a0 <\/span>con un trono magn\u00edfico para Nuestra Se\u00f1ora del Pueblito se estren\u00f3 el 5 de febrero de 1736.<em><o:p><\/o:p><\/em><\/span><span style=\"font-size: 13pt; font-family: Arial\"><o:p>\u00a0<\/o:p><\/span><\/p>\n<p style=\"margin: 0cm 0cm 0pt; text-align: justify\" class=\"MsoNormal\"><span style=\"font-size: 13pt; font-family: Arial\"><\/span><\/p>\n<p style=\"margin: 0cm 0cm 0pt; text-align: justify\" class=\"MsoNormal\"><span style=\"font-size: 13pt; font-family: Arial\"><\/span><\/p>\n<p><span style=\"font-size: 13pt; font-family: Arial\">En el a\u00f1o de 1910 se ampli\u00f3 el santuario agreg\u00e1ndole el camar\u00edn y el cipr\u00e9s que alberga a <st1:personname ProductID=\"la Virgen\" w:st=\"on\">la Virgen<\/st1:personname>, se ampliaron los ventanales<span>\u00a0 <\/span>y se colocaron hermosos emplomados, un magnifico \u00f3rgano Walter y consagrada por el Obispo de Quer\u00e9taro Manuel Rivera Mu\u00f1oz.<o:p><\/o:p><\/span><span style=\"font-size: 13pt; font-family: Arial\"><o:p>\u00a0<\/o:p><\/span><\/p>\n<p style=\"margin: 0cm 0cm 0pt; text-align: justify\" class=\"MsoNormal\"><strong><span style=\"font-size: 15pt; font-family: Arial\"><\/span><\/strong><\/p>\n<p style=\"margin: 0cm 0cm 0pt; text-align: justify\" class=\"MsoNormal\"><strong><span style=\"font-size: 15pt; font-family: Arial\"><\/span><\/strong><\/p>\n<p><strong><span style=\"font-size: 15pt; font-family: Arial\">Efem\u00e9rides:<o:p><\/o:p><\/span><\/strong><em><span style=\"font-size: 13pt; font-family: Arial\"><o:p>\u00a0<\/o:p><\/span><\/em><\/p>\n<p style=\"margin: 0cm 0cm 0pt; text-align: justify\" class=\"MsoNormal\"><span style=\"font-size: 13pt; font-family: Arial\"><\/span><\/p>\n<p style=\"margin: 0cm 0cm 0pt; text-align: justify\" class=\"MsoNormal\"><span style=\"font-size: 13pt; font-family: Arial\"><\/span><\/p>\n<p><span style=\"font-size: 13pt; font-family: Arial\">374 a\u00f1os de culto<span>\u00a0 <\/span>continuo a <st1:personname ProductID=\"la Virgen\" w:st=\"on\">la Virgen<\/st1:personname> del Pueblito.<o:p><\/o:p><\/span><span style=\"font-size: 13pt; font-family: Arial\">54 a\u00f1os tardan<span>\u00a0 <\/span>los indios en formalizar el culto a la nueva imagen.<o:p><\/o:p><\/span><span style=\"font-size: 13pt; font-family: Arial\">104 a\u00f1os permaneci\u00f3 con<span>\u00a0 <\/span>los indios<span>\u00a0 <\/span>la escultura original, de Sebasti\u00e1n Gallegos. <o:p><\/o:p><\/span><span style=\"font-size: 13pt; font-family: Arial\">155 a\u00f1os tard\u00f3 el decreto que la declara patrona de <st1:personname ProductID=\"la Provincia Franciscana\" w:st=\"on\">la Provincia Franciscana<\/st1:personname><o:p><\/o:p><\/span><span style=\"font-size: 13pt; font-family: Arial\">264 a\u00f1os van de culto criollo y mestizo a <st1:personname ProductID=\"la Virgen\" w:st=\"on\">la Virgen<\/st1:personname> del Pueblito.<o:p><\/o:p><\/span><span style=\"font-size: 13pt; font-family: Arial\">238 a\u00f1os tard\u00f3 <st1:personname ProductID=\"la Iglesia\" w:st=\"on\">la Iglesia<\/st1:personname> en concederle culto lit\u00fargico a <st1:personname ProductID=\"la Virgen\" w:st=\"on\">la Virgen<\/st1:personname> del Pueblito.<o:p><\/o:p><\/span><span style=\"font-size: 13pt; font-family: Arial\">314 a\u00f1os despu\u00e9s de dos intentos fallidos, <st1:personname ProductID=\"la Iglesia\" w:st=\"on\">la Iglesia<\/st1:personname> corona pontificalmente a <st1:personname ProductID=\"la Virgen\" w:st=\"on\">la Virgen<\/st1:personname> del Pueblito.<o:p><\/o:p><\/span><span style=\"font-size: 13pt; font-family: Arial\">316 a\u00f1os tard\u00f3 <st1:personname ProductID=\"la Iglesia\" w:st=\"on\">la Iglesia<\/st1:personname> en declarar a <st1:personname ProductID=\"la Virgen\" w:st=\"on\">la Virgen<\/st1:personname> del Pueblito, Patrona de la ciudad.<o:p><\/o:p><\/span><span style=\"font-size: 13pt; font-family: Arial\"><o:p>\u00a0<\/o:p><\/span><\/p>\n<p style=\"margin: 0cm 0cm 0pt\" class=\"MsoBodyText2\"><span style=\"font-size: 13pt\" lang=\"ES-TRAD\"><\/span><\/p>\n<p style=\"margin: 0cm 0cm 0pt\" class=\"MsoBodyText2\"><span style=\"font-size: 13pt\" lang=\"ES-TRAD\"><\/span><\/p>\n<p><span style=\"font-size: 13pt\" lang=\"ES-TRAD\"><font face=\"Arial\">A partir de 1632, a\u00f1o en que fuera colocada la imagen de <st1:personname ProductID=\"la Pur?sima Concepci?n\" w:st=\"on\">la Pur\u00edsima Concepci\u00f3n<\/st1:personname>, por el cura doctrinero de Quer\u00e9taro, Fray Nicol\u00e1s Zamora,<span>\u00a0 <\/span>en las inmediaciones del centro ceremonial prehisp\u00e1nico, comenz\u00f3 el culto a <st1:personname ProductID=\"la Virgen\" w:st=\"on\">la Virgen<\/st1:personname> del Pueblito.<o:p><\/o:p><\/font><\/span><span style=\"font-size: 13pt\" lang=\"ES-TRAD\"><o:p><font face=\"Arial\">\u00a0<\/font><\/o:p><\/span><\/p>\n<p style=\"margin: 0cm 0cm 0pt\" class=\"MsoBodyText2\"><span style=\"font-size: 13pt\" lang=\"ES-TRAD\"><\/span><\/p>\n<p style=\"margin: 0cm 0cm 0pt\" class=\"MsoBodyText2\"><span style=\"font-size: 13pt\" lang=\"ES-TRAD\"><\/span><\/p>\n<p><span style=\"font-size: 13pt\" lang=\"ES-TRAD\"><font face=\"Arial\">Han pasado 374 a\u00f1os de<span>\u00a0 <\/span>veneraci\u00f3n continua a <st1:personname ProductID=\"la Virgen\" w:st=\"on\">La Virgen<\/st1:personname> del Pueblito y se han dado simult\u00e1neamente dos cultos, uno el de los indios y otro el de la jerarqu\u00eda cat\u00f3lica, especialmente en la ciudad de Quer\u00e9taro.<o:p><\/o:p><\/font><\/span><span style=\"font-size: 13pt; font-family: Arial\"><o:p>\u00a0<\/o:p><\/span><\/p>\n<p style=\"margin: 0cm 0cm 0pt; text-align: justify\" class=\"MsoNormal\"><span style=\"font-size: 13pt; font-family: Arial\"><\/span><\/p>\n<p style=\"margin: 0cm 0cm 0pt; text-align: justify\" class=\"MsoNormal\"><span style=\"font-size: 13pt; font-family: Arial\"><\/span><\/p>\n<p><span style=\"font-size: 13pt; font-family: Arial\">El 18 de febrero de 1686, ya es generalizado el culto a <st1:personname ProductID=\"la Virgen\" w:st=\"on\">la Virgen<\/st1:personname> del Pueblito, por parte de los naturales.<o:p><\/o:p><\/span><span style=\"font-size: 13pt; font-family: Arial\"><o:p>\u00a0<\/o:p><\/span><\/p>\n<p style=\"margin: 0cm 0cm 0pt; text-align: justify\" class=\"MsoNormal\"><span style=\"font-size: 13pt; font-family: Arial\"><\/span><\/p>\n<p style=\"margin: 0cm 0cm 0pt; text-align: justify\" class=\"MsoNormal\"><span style=\"font-size: 13pt; font-family: Arial\"><\/span><\/p>\n<p><span style=\"font-size: 13pt; font-family: Arial\">54 a\u00f1os despu\u00e9s de depositada la imagen en la pir\u00e1mide del Cerrito, el Arzobispo de M\u00e9xico, Francisco de Aguiar y Ceijas, autoriza \u201c<st1:personname ProductID=\"la Cofrad?a\" w:st=\"on\">La Cofrad\u00eda<\/st1:personname> de Indios\u201d, organizaci\u00f3n que hasta la fecha prepara y mantiene el culto a <st1:personname ProductID=\"la Virgen\" w:st=\"on\">La Virgen<\/st1:personname> del Pueblito. <o:p><\/o:p><\/span><span style=\"font-size: 13pt; font-family: Arial\"><o:p>\u00a0<\/o:p><\/span><\/p>\n<p style=\"margin: 0cm 0cm 0pt; text-align: justify\" class=\"MsoNormal\"><span style=\"font-size: 13pt; font-family: Arial\"><\/span><\/p>\n<p style=\"margin: 0cm 0cm 0pt; text-align: justify\" class=\"MsoNormal\"><span style=\"font-size: 13pt; font-family: Arial\"><\/span><\/p>\n<p><span style=\"font-size: 13pt; font-family: Arial\">En el siglo XVlll, el 15 de junio de 1731, al darse las Ordenanzas por parte del Ayuntamiento de la ciudad de Quer\u00e9taro, confirmadas por el Virrey Juan de Acu\u00f1a, el 17 de diciembre del mismo a\u00f1o y confirmadas tambi\u00e9n por el rey Felipe V, el 6 de julio de 1733, se se\u00f1ala que cuando exista una \u201cplaga p\u00fablica\u201d se acuda \u201cal amparo\u201d de<span>\u00a0 <\/span>esta advocaci\u00f3n mariana.<o:p><\/o:p><\/span><span style=\"font-size: 13pt; font-family: Arial\"><o:p>\u00a0<\/o:p><\/span><\/p>\n<p style=\"margin: 0cm 0cm 0pt; text-align: justify\" class=\"MsoNormal\"><span style=\"font-size: 13pt; font-family: Arial\"><\/span><\/p>\n<p style=\"margin: 0cm 0cm 0pt; text-align: justify\" class=\"MsoNormal\"><span style=\"font-size: 13pt; font-family: Arial\"><\/span><\/p>\n<p><span style=\"font-size: 13pt; font-family: Arial\">Para las fiestas de febrero, del Tascame o del Pan Blanco, seg\u00fan el calendario mesoamericano, la imagen de <st1:personname ProductID=\"la Virgen\" w:st=\"on\">La Virgen<\/st1:personname> de los Naturales, tambi\u00e9n conocida como <st1:personname ProductID=\"la Tenanchita\" w:st=\"on\">La Tenanchita<\/st1:personname>, recibe el culto ancestral a <st1:personname ProductID=\"la Madre\" w:st=\"on\">la Madre<\/st1:personname> de Dios.<o:p><\/o:p><\/span><span style=\"font-size: 13pt; font-family: Arial\"><o:p>\u00a0<\/o:p><\/span><\/p>\n<p style=\"margin: 0cm 0cm 0pt; text-align: justify\" class=\"MsoNormal\"><st1:personname ProductID=\"la Imagen\" w:st=\"on\"><span style=\"font-size: 13pt; font-family: Arial\">\u00a0<\/span><\/st1:personname><\/p>\n<p style=\"margin: 0cm 0cm 0pt; text-align: justify\" class=\"MsoNormal\"><st1:personname ProductID=\"la Imagen\" w:st=\"on\"><span style=\"font-size: 13pt; font-family: Arial\">\u00a0<\/span><\/st1:personname><\/p>\n<p><st1:personname ProductID=\"la Imagen\" w:st=\"on\"><span style=\"font-size: 13pt; font-family: Arial\">La Imagen<\/span><\/st1:personname><span style=\"font-size: 13pt; font-family: Arial\"> realizada por el fraile Sebasti\u00e1n Gallegos fue llevada<span>\u00a0 <\/span>a la capilla del pante\u00f3n, lugar de los \u201cantepasados\u201d, donde estuvo de <st1:metricconverter ProductID=\"1714 a\" w:st=\"on\">1714 a<\/st1:metricconverter> 1736, cuando en el lugar de su primera capilla se levant\u00f3 su santuario.<o:p><\/o:p><\/span><span style=\"font-size: 13pt; font-family: Arial\"><o:p>\u00a0<\/o:p><\/span><\/p>\n<p style=\"margin: 0cm 0cm 0pt; text-align: justify\" class=\"MsoNormal\"><span style=\"font-size: 13pt; font-family: Arial\"><\/span><\/p>\n<p style=\"margin: 0cm 0cm 0pt; text-align: justify\" class=\"MsoNormal\"><span style=\"font-size: 13pt; font-family: Arial\"><\/span><\/p>\n<p><span style=\"font-size: 13pt; font-family: Arial\">El 5 de febrero de <st1:metricconverter ProductID=\"1736, a\" w:st=\"on\">1736, a<\/st1:metricconverter> 104 a\u00f1os del inicio del<span>\u00a0 <\/span>culto a <st1:personname ProductID=\"la Virgen\" w:st=\"on\">La Virgen<\/st1:personname>, por parte de los indios del pueblo de Tlachco o San Francisco Galileo, ahora llamado El<\/span><span style=\"font-size: 13pt; font-family: Arial\"> <\/span><span style=\"font-size: 13pt; font-family: Arial\">Pueblito, se construye<span>\u00a0 <\/span>El Santuario, a costa de Jos\u00e9 de Urtiaga.<o:p><\/o:p><\/span><span style=\"font-size: 13pt; font-family: Arial\"><o:p>\u00a0<\/o:p><\/span><\/p>\n<p style=\"margin: 0cm 0cm 0pt; text-align: justify\" class=\"MsoNormal\"><span style=\"font-size: 13pt; font-family: Arial\"><\/span><\/p>\n<p style=\"margin: 0cm 0cm 0pt; text-align: justify\" class=\"MsoNormal\"><span style=\"font-size: 13pt; font-family: Arial\"><\/span><\/p>\n<p><span style=\"font-size: 13pt; font-family: Arial\">La imagen \u201coriginal\u201d, al t\u00e9rmino de la construcci\u00f3n de su templo, es retirada del poder de los indios, por parte de los franciscanos y se les entrega en su lugar una r\u00e9plica, la llamada Tenanchita o Virgen de los Naturales.<o:p><\/o:p><\/span><span style=\"font-size: 13pt; font-family: Arial\"><o:p>\u00a0<\/o:p><\/span><\/p>\n<p style=\"margin: 0cm 0cm 0pt; text-align: justify\" class=\"MsoNormal\"><span style=\"font-size: 13pt; font-family: Arial\"><\/span><\/p>\n<p style=\"margin: 0cm 0cm 0pt; text-align: justify\" class=\"MsoNormal\"><span style=\"font-size: 13pt; font-family: Arial\"><\/span><\/p>\n<p><span style=\"font-size: 13pt; font-family: Arial\">Mientras la imagen original es llevada al santuario, construido <em>ex profeso, <\/em>para un culto m\u00e1s generalizado,<span>\u00a0 <\/span>es inaugurado el 5 de febrero de 1736.<o:p><\/o:p><\/span><span style=\"font-size: 13pt\" lang=\"ES-TRAD\"><o:p><font face=\"Arial\">\u00a0<\/font><\/o:p><\/span><\/p>\n<p style=\"margin: 0cm 0cm 0pt\" class=\"MsoBodyText2\"><span style=\"font-size: 13pt\" lang=\"ES-TRAD\"><\/span><\/p>\n<p style=\"margin: 0cm 0cm 0pt\" class=\"MsoBodyText2\"><span style=\"font-size: 13pt\" lang=\"ES-TRAD\"><\/span><\/p>\n<p><span style=\"font-size: 13pt\" lang=\"ES-TRAD\"><font face=\"Arial\">El Papa<span>\u00a0 <\/span>Benedicto XlV, por Breve del 12 de febrero de 1750, concede un jubileo de cuarenta horas, a partir del 8 de diciembre de ese mismo a\u00f1o, con indulgencia plenaria, para todos los fieles que visiten el santuario y esta concesi\u00f3n es por 15 a\u00f1os. <o:p><\/o:p><\/font><\/span><span style=\"font-size: 13pt; font-family: Arial\"><o:p>\u00a0<\/o:p><\/span><\/p>\n<p style=\"margin: 0cm 0cm 0pt; text-align: justify\" class=\"MsoNormal\"><span style=\"font-size: 13pt; font-family: Arial\"><\/span><\/p>\n<p style=\"margin: 0cm 0cm 0pt; text-align: justify\" class=\"MsoNormal\"><span style=\"font-size: 13pt; font-family: Arial\"><\/span><\/p>\n<p><span style=\"font-size: 13pt; font-family: Arial\">En el a\u00f1o de 1766 se forma el Convento de Recolecci\u00f3n, bajo el patrocinio de San Buenaventura, junto al santuario de <st1:personname ProductID=\"la Virgen\" w:st=\"on\">La Virgen<\/st1:personname> y probablemente se inicia la mayordom\u00eda de los indios tenanches o servidores.<o:p><\/o:p><\/span><\/p>\n<h4 style=\"margin: 0cm 0cm 0pt\"><span style=\"font-weight: normal; font-size: 13pt\" lang=\"ES-TRAD\"><o:p><font face=\"Arial\">\u00a0<\/font><\/o:p><\/span><\/h4>\n<h4 style=\"margin: 0cm 0cm 0pt\"><span style=\"font-weight: normal; font-size: 13pt\" lang=\"ES-TRAD\"><\/span><\/h4>\n<h4 style=\"margin: 0cm 0cm 0pt\"><span style=\"font-weight: normal; font-size: 13pt\" lang=\"ES-TRAD\"><\/span><\/h4>\n<h4 style=\"margin: 0cm 0cm 0pt\"><span style=\"font-weight: normal; font-size: 13pt\" lang=\"ES-TRAD\"><font face=\"Arial\">El Papa P\u00edo Vl por Breve del 10 de diciembre de 1775, concede indulgencia plenaria \u201cperpetua\u201d a quienes visiten el santuario el d\u00eda de la fiesta lit\u00fargica de <st1:personname ProductID=\"la Virgen\" w:st=\"on\">la Virgen<\/st1:personname> y en <st1:personname ProductID=\"la Octava.\" w:st=\"on\">la Octava.<\/st1:personname><o:p><\/o:p><\/font><\/span><\/h4>\n<p><span style=\"font-size: 13pt; font-family: Arial\"><o:p>\u00a0<\/o:p><\/span><\/p>\n<p style=\"margin: 0cm 0cm 0pt; text-align: justify\" class=\"MsoNormal\"><span style=\"font-size: 13pt; font-family: Arial\"><\/span><\/p>\n<p style=\"margin: 0cm 0cm 0pt; text-align: justify\" class=\"MsoNormal\"><span style=\"font-size: 13pt; font-family: Arial\"><\/span><\/p>\n<p><span style=\"font-size: 13pt; font-family: Arial\">El 29 de febrero de 1829, el 5 de octubre de 1833 y el 3 de octubre de 1850, el Congreso del Estado decreta medidas encaminadas a dignificar y promover su veneraci\u00f3n.<o:p><\/o:p><\/span><span style=\"font-size: 13pt; font-family: Arial\"><o:p>\u00a0<\/o:p><\/span><\/p>\n<p style=\"margin: 0cm 0cm 0pt; text-align: justify\" class=\"MsoNormal\"><span style=\"font-size: 13pt; font-family: Arial\"><\/span><\/p>\n<p style=\"margin: 0cm 0cm 0pt; text-align: justify\" class=\"MsoNormal\"><span style=\"font-size: 13pt; font-family: Arial\"><\/span><\/p>\n<p><span style=\"font-size: 13pt; font-family: Arial\">A 238<span>\u00a0 <\/span>a\u00f1os de distancia del inicio del culto a <st1:personname ProductID=\"la Virgen\" w:st=\"on\">la Virgen<\/st1:personname> del Pueblito, el Papa P\u00edo lX, concedi\u00f3 a la di\u00f3cesis de Quer\u00e9taro, fiesta lit\u00fargica con misa del com\u00fan de <st1:personname ProductID=\"la Virgen\" w:st=\"on\">la Virgen<\/st1:personname> y oficio divino.<o:p><\/o:p><\/span><span style=\"font-size: 13pt; font-family: Arial\"><o:p>\u00a0<\/o:p><\/span><\/p>\n<p style=\"margin: 0cm 0cm 0pt; text-align: justify\" class=\"MsoNormal\"><span style=\"font-size: 13pt; font-family: Arial\"><\/span><\/p>\n<p style=\"margin: 0cm 0cm 0pt; text-align: justify\" class=\"MsoNormal\"><span style=\"font-size: 13pt; font-family: Arial\"><\/span><\/p>\n<p><span style=\"font-size: 13pt; font-family: Arial\">El 12 de agosto de 1908, el papa P\u00edo X, se\u00f1ala oficialmente como fiesta lit\u00fargica de <st1:personname ProductID=\"la Virgen\" w:st=\"on\">La Virgen<\/st1:personname> del Pueblito, el s\u00e1bado anterior al segundo domingo de pascua. Seg\u00fan <em>el \u201cOrdo misae\u201d: \u201cSabbato ante domin. ll post Pascha B M V del Pueblito Patronae min. princip. dupl. ll clas\u201d<o:p><\/o:p><\/em><\/span><span style=\"font-size: 13pt; font-family: Arial\"><o:p>\u00a0<\/o:p><\/span><\/p>\n<p style=\"margin: 0cm 0cm 0pt; text-align: justify\" class=\"MsoNormal\"><span style=\"font-size: 13pt; font-family: Arial\"><\/span><\/p>\n<p style=\"margin: 0cm 0cm 0pt; text-align: justify\" class=\"MsoNormal\"><span style=\"font-size: 13pt; font-family: Arial\"><\/span><\/p>\n<p><span style=\"font-size: 13pt; font-family: Arial\">Del 8 de junio de 1914 al 1\u00b0 de agosto de 1917, por tres a\u00f1os, la imagen de <st1:personname ProductID=\"la Virgen\" w:st=\"on\">La Virgen<\/st1:personname> del Pueblito, esculpida en 1632, estuvo oculta tras una pared en <st1:personname ProductID=\"la Calle\" w:st=\"on\">la Calle<\/st1:personname> de Pasteur norte N\u00famero 28, casa de Mar\u00eda del Rosario Solorio, debido a la persecuci\u00f3n religiosa.<o:p><\/o:p><\/span><span style=\"font-size: 13pt; font-family: Arial\"><o:p>\u00a0<\/o:p><\/span><\/p>\n<p style=\"margin: 0cm 0cm 0pt; text-align: justify\" class=\"MsoNormal\"><span style=\"font-size: 13pt; font-family: Arial\"><\/span><\/p>\n<p style=\"margin: 0cm 0cm 0pt; text-align: justify\" class=\"MsoNormal\"><span style=\"font-size: 13pt; font-family: Arial\"><\/span><\/p>\n<p><span style=\"font-size: 13pt; font-family: Arial\">El 13 de noviembre de 1918, el Papa Benedicto XV, concedi\u00f3 \u201coficio y misa propia\u201d de <st1:personname ProductID=\"la Virgen\" w:st=\"on\">la Virgen<\/st1:personname>, a <st1:personname ProductID=\"la Provincia\" w:st=\"on\">la Provincia<\/st1:personname> franciscana de San Pedro y San Pablo, se extiende esta concesi\u00f3n a <st1:personname ProductID=\"la Di?cesis\" w:st=\"on\">la Di\u00f3cesis<\/st1:personname>, el 11 de junio de 1919.<o:p><\/o:p><\/span><span style=\"font-size: 13pt; font-family: Arial\">El 12 de octubre de 1922, el Papa P\u00edo Xl, concede, a petici\u00f3n del obispo de Quer\u00e9taro, Francisco Banegas Galv\u00e1n, la coronaci\u00f3n pontificia a <st1:personname ProductID=\"la Virgen\" w:st=\"on\">La Virgen<\/st1:personname> del<\/span><span style=\"font-size: 13pt; font-family: Arial\"> <\/span><span style=\"font-size: 13pt; font-family: Arial\">Pueblito, acto<span>\u00a0 <\/span>no realizado en ese momento.<o:p><\/o:p><\/span><span style=\"font-size: 13pt; font-family: Arial\"><o:p>\u00a0<\/o:p><\/span><\/p>\n<p style=\"margin: 0cm 0cm 0pt; text-align: justify\" class=\"MsoNormal\"><span style=\"font-size: 13pt; font-family: Arial\"><\/span><\/p>\n<p style=\"margin: 0cm 0cm 0pt; text-align: justify\" class=\"MsoNormal\"><span style=\"font-size: 13pt; font-family: Arial\"><\/span><\/p>\n<p><span style=\"font-size: 13pt; font-family: Arial\">El 16 de mayo de 1923, <st1:personname ProductID=\"La Sagrada Congregaci?n\" w:st=\"on\">La Sagrada Congregaci\u00f3n<\/st1:personname> de Ritos, aprob\u00f3 la sexta lecci\u00f3n del Oficio Divino.<o:p><\/o:p><\/span><span style=\"font-size: 13pt; font-family: Arial\"><o:p>\u00a0<\/o:p><\/span><\/p>\n<p style=\"margin: 0cm 0cm 0pt\" class=\"MsoBodyText2\"><span style=\"font-size: 13pt\" lang=\"ES-TRAD\"><\/span><\/p>\n<p style=\"margin: 0cm 0cm 0pt\" class=\"MsoBodyText2\"><span style=\"font-size: 13pt\" lang=\"ES-TRAD\"><\/span><\/p>\n<p><span style=\"font-size: 13pt\" lang=\"ES-TRAD\"><font face=\"Arial\">El 7 de octubre de 1943, el Papa P\u00edo Xll, concede coronaci\u00f3n pontificia a <st1:personname ProductID=\"la Virgen\" w:st=\"on\">la Virgen<\/st1:personname> del Pueblito, a petici\u00f3n del obispo de Quer\u00e9taro, Marciano Tinajero y Estrada, llev\u00e1ndose acabo este acto el 17 de octubre de 1946, en la explanada de los ahora campos deportivos, antigua huerta del ex convento de<span>\u00a0 <\/span>Propaganda Fide de <st1:personname ProductID=\"la Santa Cruz.\" w:st=\"on\">la Santa Cruz.<\/st1:personname><o:p><\/o:p><\/font><\/span><span style=\"font-size: 13pt; font-family: Arial\"><o:p>\u00a0<\/o:p><\/span><\/p>\n<p style=\"margin: 0cm 0cm 0pt; text-align: justify\" class=\"MsoNormal\"><st1:personname ProductID=\"La Sagrada Congregaci?n\" w:st=\"on\"><span style=\"font-size: 13pt; font-family: Arial\">\u00a0<\/span><\/st1:personname><\/p>\n<p style=\"margin: 0cm 0cm 0pt; text-align: justify\" class=\"MsoNormal\"><st1:personname ProductID=\"La Sagrada Congregaci?n\" w:st=\"on\"><span style=\"font-size: 13pt; font-family: Arial\">\u00a0<\/span><\/st1:personname><\/p>\n<p><st1:personname ProductID=\"La Sagrada Congregaci?n\" w:st=\"on\"><span style=\"font-size: 13pt; font-family: Arial\">La Sagrada Congregaci\u00f3n<\/span><\/st1:personname><span style=\"font-size: 13pt; font-family: Arial\"> de Ritos aprob\u00f3 el 7 de junio del a\u00f1o de 1951, el a\u00f1adir lo referente a la fiesta de coronaci\u00f3n pontificia, de <st1:personname ProductID=\"la Virgen\" w:st=\"on\">La Virgen<\/st1:personname> del Pueblito.<o:p><\/o:p><\/span><span style=\"font-size: 13pt; font-family: Arial\"><o:p>\u00a0<\/o:p><\/span><\/p>\n<p style=\"margin: 0cm 0cm 0pt; text-align: justify\" class=\"MsoNormal\"><span style=\"font-size: 13pt; font-family: Arial\"><\/span><\/p>\n<p style=\"margin: 0cm 0cm 0pt; text-align: justify\" class=\"MsoNormal\"><span style=\"font-size: 13pt; font-family: Arial\"><\/span><\/p>\n<p><span style=\"font-size: 13pt; font-family: Arial\">En 1965, nuestro gran tallador, don Jes\u00fas Rodr\u00edguez y el ebanista Antonio Tovar, examinaron la imagen de <st1:personname ProductID=\"la Virgen\" w:st=\"on\">la Virgen<\/st1:personname> del Pueblito, y se\u00f1alaron que mide <st1:metricconverter ProductID=\"53 cent?metros\" w:st=\"on\">53 cent\u00edmetros<\/st1:metricconverter> y medio, pesa un<span>\u00a0 <\/span>kilo <st1:metricconverter ProductID=\"50 gramos\" w:st=\"on\">50 gramos<\/st1:metricconverter> y est\u00e1 hecha de ca\u00f1a de ma\u00edz.<o:p><\/o:p><\/span><span style=\"font-size: 13pt; font-family: Arial\"><o:p>\u00a0<\/o:p><\/span><\/p>\n<p style=\"margin: 0cm 0cm 0pt; text-align: justify\" class=\"MsoNormal\"><span style=\"font-size: 13pt; font-family: Arial\"><\/span><\/p>\n<p style=\"margin: 0cm 0cm 0pt; text-align: justify\" class=\"MsoNormal\"><span style=\"font-size: 13pt; font-family: Arial\"><\/span><\/p>\n<p><span style=\"font-size: 13pt; font-family: Arial\">Del 29 de marzo al 3 de abril de 1965, estos artistas queretanos, removieron de la talla las pinturas que le hab\u00edan sobrepuesto<span>\u00a0 <\/span>encontrando que en la primera o m\u00e1s antigua, la t\u00fanica era de color rosa y azul verde el manto, tambi\u00e9n se restableci\u00f3 el sobredorado original.<o:p><\/o:p><\/span><span style=\"font-size: 13pt; font-family: Arial\"><o:p>\u00a0<\/o:p><\/span><\/p>\n<p style=\"margin: 0cm 0cm 0pt; text-align: justify\" class=\"MsoNormal\"><span style=\"font-size: 13pt; font-family: Arial\"><\/span><\/p>\n<p style=\"margin: 0cm 0cm 0pt; text-align: justify\" class=\"MsoNormal\"><span style=\"font-size: 13pt; font-family: Arial\"><\/span><\/p>\n<p><span style=\"font-size: 13pt; font-family: Arial\">En el mismo a\u00f1o de 1965, se le coloc\u00f3 una falda ampona de plata dorada, esta armaz\u00f3n realizada por el orfebre Felipe V\u00e1zquez,<span>\u00a0 <\/span>tiene el fin de proteger a la imagen. <o:p><\/o:p><\/span><span style=\"font-size: 13pt; font-family: Arial\"><o:p>\u00a0<\/o:p><\/span><\/p>\n<p style=\"margin: 0cm 0cm 0pt; text-align: justify\" class=\"MsoNormal\"><span style=\"font-size: 13pt; font-family: Arial\"><\/span><\/p>\n<p style=\"margin: 0cm 0cm 0pt; text-align: justify\" class=\"MsoNormal\"><span style=\"font-size: 13pt; font-family: Arial\"><\/span><\/p>\n<p><span style=\"font-size: 13pt; font-family: Arial\">Para conmemorar los 25 a\u00f1os de la coronaci\u00f3n pontificia de <st1:personname ProductID=\"la Virgen\" w:st=\"on\">la Virgen<\/st1:personname> del Pueblito, (que se hab\u00eda realizado el 17 de octubre de 1946), el 17 de octubre de 1971, se celebr\u00f3 una ceremonia religiosa en el atrio del Santuario del Pueblito, presidida por el Obispo de Quer\u00e9taro, Alfonso Tor\u00edz Cobi\u00e1n.<o:p><\/o:p><\/span><span style=\"font-size: 13pt\" lang=\"ES-TRAD\"><o:p><font face=\"Arial\">\u00a0<\/font><\/o:p><\/span><\/p>\n<p style=\"margin: 0cm 0cm 0pt\" class=\"MsoBodyText2\"><span style=\"font-size: 13pt\" lang=\"ES-TRAD\"><\/span><\/p>\n<p style=\"margin: 0cm 0cm 0pt\" class=\"MsoBodyText2\"><span style=\"font-size: 13pt\" lang=\"ES-TRAD\"><\/span><\/p>\n<p><span style=\"font-size: 13pt\" lang=\"ES-TRAD\"><font face=\"Arial\">El poema del can\u00f3nigo Salvador Septi\u00e9n, compuesto con motivo de la coronaci\u00f3n pontificia de <st1:personname ProductID=\"la Virgen\" w:st=\"on\">la Virgen<\/st1:personname> del Pueblito, se transforma en una \u201cCantata\u201d, con m\u00fasica del Pbro. Raymundo Ledesma y orquestaci\u00f3n de Bonifacio Rojas. Esta cantata es estrenada el 16 de octubre de 1971, v\u00edspera de la ceremonia religiosa.<o:p><\/o:p><\/font><\/span><span style=\"font-size: 13pt; font-family: Arial\"><o:p>\u00a0<\/o:p><\/span><\/p>\n<p style=\"margin: 0cm 0cm 0pt; text-align: justify\" class=\"MsoNormal\"><span style=\"font-size: 13pt; font-family: Arial\"><\/span><\/p>\n<p style=\"margin: 0cm 0cm 0pt; text-align: justify\" class=\"MsoNormal\"><span style=\"font-size: 13pt; font-family: Arial\"><\/span><\/p>\n<p><span style=\"font-size: 13pt; font-family: Arial\">El 29 de octubre de 1977, <st1:personname ProductID=\"la Virgen\" w:st=\"on\">La Virgen<\/st1:personname> del Pueblito regres\u00f3 a <st1:personname ProductID=\"La Pir?mide\" w:st=\"on\">la Pir\u00e1mide<\/st1:personname><span>\u00a0 <\/span>del Cerrito, por primera vez desde 1736, celebr\u00e1ndose una solemne \u201cvelaci\u00f3n\u201d al estilo mesoamericano, con motivo de la celebraci\u00f3n de los 345 a\u00f1os del inicio de su culto, por parte de los indios de la regi\u00f3n.<o:p><\/o:p><\/span><span style=\"font-size: 13pt; font-family: Arial\"><o:p>\u00a0<\/o:p><\/span><\/p>\n<p style=\"margin: 0cm 0cm 0pt; text-align: justify\" class=\"MsoNormal\"><span style=\"font-size: 13pt; font-family: Arial\"><\/span><\/p>\n<p style=\"margin: 0cm 0cm 0pt; text-align: justify\" class=\"MsoNormal\"><span style=\"font-size: 13pt; font-family: Arial\"><\/span><\/p>\n<p><span style=\"font-size: 13pt; font-family: Arial\">El 17 de octubre de 1982 se celebr\u00f3 el 350 aniversario del inicio del culto a <st1:personname ProductID=\"la Virgen\" w:st=\"on\">la Virgen<\/st1:personname> del Pueblito con una ceremonia en <st1:personname ProductID=\"La Plaza\" w:st=\"on\">la Plaza<\/st1:personname> de Toros de la ciudad de Quer\u00e9taro, presidida por el Delegado Apost\u00f3lico, Girolamo Prigione.<o:p><\/o:p><\/span><span style=\"font-size: 13pt\" lang=\"ES-MX\"><o:p><font face=\"Arial\">\u00a0<\/font><\/o:p><\/span><\/p>\n<p style=\"margin: 0cm 0cm 0pt\" class=\"MsoBodyText3\"><span style=\"font-size: 13pt\" lang=\"ES-MX\"><\/span><\/p>\n<p style=\"margin: 0cm 0cm 0pt\" class=\"MsoBodyText3\"><span style=\"font-size: 13pt\" lang=\"ES-MX\"><\/span><\/p>\n<p><span style=\"font-size: 13pt\" lang=\"ES-MX\"><font face=\"Arial\">El 17 de octubre de 1996, en el estadio <st1:personname ProductID=\"la Corregidora\" w:st=\"on\">La Corregidora<\/st1:personname> (con asistencia de 50 mil fieles) se celebr\u00f3 el 50 aniversario de la coronaci\u00f3n pontificia de <st1:personname ProductID=\"la Virgen\" w:st=\"on\">La Virgen<\/st1:personname> del Pueblito, presidida por el obispo de Quer\u00e9taro, Mario Gasper\u00edn Gasper\u00edn.<o:p><\/o:p><\/font><\/span><span style=\"font-size: 13pt; font-family: Arial\"><o:p>\u00a0<\/o:p><\/span><\/p>\n<p style=\"margin: 0cm 0cm 0pt; text-align: justify\" class=\"MsoNormal\"><span style=\"font-size: 13pt; font-family: Arial\"><\/span><\/p>\n<p style=\"margin: 0cm 0cm 0pt; text-align: justify\" class=\"MsoNormal\"><span style=\"font-size: 13pt; font-family: Arial\"><\/span><\/p>\n<p><span style=\"font-size: 13pt; font-family: Arial\">Hasta la fecha, la imagen de <st1:personname ProductID=\"la Virgen\" w:st=\"on\">La Virgen<\/st1:personname> del Pueblito<span>\u00a0 <\/span>es tra\u00edda procesionalmente a la ciudad de Quer\u00e9taro, en tres ocasiones principalmente, una<span>\u00a0 <\/span>para su fiesta lit\u00fargica en <st1:personname ProductID=\"la Pascua\" w:st=\"on\">la Pascua<\/st1:personname>, otra para la petici\u00f3n por \u201cel buen temporal\u201d en junio y la tercera para el aniversario de su coronaci\u00f3n en octubre.<o:p><\/o:p><\/span><span style=\"font-size: 13pt; font-family: Arial\"><o:p>\u00a0<\/o:p><\/span><span style=\"font-size: 13pt; font-family: Arial\"><o:p>\u00a0<\/o:p><\/span><\/p>\n<p style=\"margin: 0cm 0cm 0pt; text-align: justify\" class=\"MsoNormal\"><span style=\"font-size: 13pt; font-family: Arial\" lang=\"ES-MX\"><\/span><\/p>\n<p style=\"margin: 0cm 0cm 0pt; text-align: justify\" class=\"MsoNormal\"><span style=\"font-size: 13pt; font-family: Arial\" lang=\"ES-MX\"><\/span><\/p>\n<p><span style=\"font-size: 13pt; font-family: Arial\" lang=\"ES-MX\">En el Pueblito se levantan las construcciones m\u00e1s importantes del Valle de Quer\u00e9taro y sus tradiciones milenarias se mantienen mientras que autoridades, frailes y pueblo se unen en <st1:personname ProductID=\"La Costumbre\" w:st=\"on\">La Costumbre<\/st1:personname>, por lo que el Pueblito es como el <em>Vientre de Una Madre que gesta hijos para la orden franciscana, para mantener la civilizaci\u00f3n mesoamericana y el culto a <st1:personname ProductID=\"la Madre\" w:st=\"on\">la Madre<\/st1:personname> de Dios.<o:p><\/o:p><\/em><\/span><em><span style=\"font-size: 13pt; font-family: Arial\" lang=\"ES-MX\"><o:p>\u00a0<\/o:p><\/span><\/em><\/p>\n<p style=\"margin: 0cm 0cm 0pt; text-align: justify\" class=\"MsoNormal\"><span style=\"font-size: 13pt; font-family: Arial\" lang=\"ES-MX\"><\/span><\/p>\n<p style=\"margin: 0cm 0cm 0pt; text-align: justify\" class=\"MsoNormal\"><span style=\"font-size: 13pt; font-family: Arial\" lang=\"ES-MX\"><\/span><\/p>\n<p><span style=\"font-size: 13pt; font-family: Arial\" lang=\"ES-MX\">Para este pueblo es muy importante el mes de Octubre de 1775, cuando se manda de la parroquia de este lugar, en cumplimiento del decreto del 22 de Agosto del Virrey en turno, la noticia de una Cofrad\u00eda de Indios, y que el 18 de Febrero de 1686 fueran confirmadas sus constituciones por el Arzobispo de M\u00e9xico y el 26 de Mayo de 1765 expidiera c\u00e9dula real el Rey de Espa\u00f1a.<o:p><\/o:p><\/span><span style=\"font-size: 13pt; font-family: Arial\" lang=\"ES-MX\"><o:p>\u00a0<\/o:p><\/span><\/p>\n<p style=\"margin: 0cm 0cm 0pt; text-align: justify\" class=\"MsoNormal\"><span style=\"font-size: 13pt; font-family: Arial\" lang=\"ES-MX\"><\/span><\/p>\n<p style=\"margin: 0cm 0cm 0pt; text-align: justify\" class=\"MsoNormal\"><span style=\"font-size: 13pt; font-family: Arial\" lang=\"ES-MX\"><\/span><\/p>\n<p><span style=\"font-size: 13pt; font-family: Arial\" lang=\"ES-MX\">Es tambi\u00e9n importante recordar que el b\u00e1culo y mitra que se encuentran a los pies de Nuestra Se\u00f1ora del Pueblito, fueron donados por el Obispo de Ciudad Victoria Raymundo L\u00f3pez Mateos, franciscano. Por un milagro recibido.<o:p><\/o:p><\/span><span style=\"font-size: 13pt; font-family: Arial\" lang=\"ES-MX\"><o:p>\u00a0<\/o:p><\/span><\/p>\n<p style=\"margin: 0cm 0cm 0pt; text-align: justify\" class=\"MsoNormal\"><span style=\"font-size: 13pt; font-family: Arial\" lang=\"ES-MX\"><\/span><\/p>\n<p style=\"margin: 0cm 0cm 0pt; text-align: justify\" class=\"MsoNormal\"><span style=\"font-size: 13pt; font-family: Arial\" lang=\"ES-MX\"><\/span><\/p>\n<p><span style=\"font-size: 13pt; font-family: Arial\" lang=\"ES-MX\">El santuario fue construido entre 1714 y 1736, sobre la primitiva capilla hecha por Fray Nicol\u00e1s Zamora para la imagen. El cura Fray Jos\u00e9 de Hinojosa solicit\u00f3 el 8 de Abril de 1720 al Arzobispo de M\u00e9xico, permiso para la construcci\u00f3n del templo que costeara Jos\u00e9 de Urtiaga.<o:p><\/o:p><\/span><span style=\"font-size: 13pt; font-family: Arial\" lang=\"ES-MX\"><o:p>\u00a0<\/o:p><\/span><span style=\"font-size: 13pt; font-family: Arial\" lang=\"ES-MX\">El primer altar del Santuario actual fue de madera dorada y terminado el 12 de Enero de 1779. El proyecto de decoraci\u00f3n del santuario, en 1907, fue un trabajo al \u00f3leo de las pinturas, dorado de los altares, reparaci\u00f3n de las maderas, nueve vidrieras,<span>\u00a0 <\/span>y en 1919 ya se encontraba en pie el actual cipr\u00e9s, labrado en cantera, a cuyos pies se encontraba el altar, el sagrario y el expositor, que fueron removidos en 1996 al construirse <st1:personname ProductID=\"la Capilla\" w:st=\"on\">la Capilla<\/st1:personname> del Sant\u00edsimo.<o:p><\/o:p><\/span><span style=\"font-size: 13pt; font-family: Arial\" lang=\"ES-MX\"><o:p>\u00a0<\/o:p><\/span><span style=\"font-size: 13pt; font-family: Arial\" lang=\"ES-MX\">Las muchas necesidades del culto a <st1:personname ProductID=\"la Virgen\" w:st=\"on\">la Virgen<\/st1:personname> del Pueblito y la atenci\u00f3n a los habitantes del lugar fueron razones suficientes para la construcci\u00f3n del Convento de Recolecci\u00f3n que ah\u00ed se encuentra<\/span><span style=\"font-size: 13pt; font-family: Arial\" lang=\"ES-MX\">.<o:p><\/o:p><\/span><\/p>\n","protected":false},"excerpt":{"rendered":"<p>Convento de Recolecci\u00f3n de San Buenaventura y Santuario de Nuestra Se\u00f1ora del Pueblito\u00a0 E n\u00a0 el centro ceremonial prehisp\u00e1nico m\u00e1s grande encontrado en la regi\u00f3n del centro-norte de M\u00e9xico, ubicado en el Valle de Quer\u00e9taro, en El Pueblito, donde se encuentra\u00a0 una pir\u00e1mide trunca, que se le conoce inmemorialmente, como \u201cEl Cerrito\u201d, se encuentra una [&hellip;]<\/p>\n","protected":false},"author":249,"featured_media":0,"comment_status":"open","ping_status":"closed","sticky":false,"template":"","format":"standard","meta":{"footnotes":""},"categories":[8,7,6],"tags":[],"class_list":["post-131","post","type-post","status-publish","format-standard","hentry","category-ciudad-de-queretaro","category-queretaro-pre-hispanico","category-valles-centrales"],"_links":{"self":[{"href":"https:\/\/eloficiodehistoriar.com.mx\/index.php?rest_route=\/wp\/v2\/posts\/131","targetHints":{"allow":["GET"]}}],"collection":[{"href":"https:\/\/eloficiodehistoriar.com.mx\/index.php?rest_route=\/wp\/v2\/posts"}],"about":[{"href":"https:\/\/eloficiodehistoriar.com.mx\/index.php?rest_route=\/wp\/v2\/types\/post"}],"author":[{"embeddable":true,"href":"https:\/\/eloficiodehistoriar.com.mx\/index.php?rest_route=\/wp\/v2\/users\/249"}],"replies":[{"embeddable":true,"href":"https:\/\/eloficiodehistoriar.com.mx\/index.php?rest_route=%2Fwp%2Fv2%2Fcomments&post=131"}],"version-history":[{"count":0,"href":"https:\/\/eloficiodehistoriar.com.mx\/index.php?rest_route=\/wp\/v2\/posts\/131\/revisions"}],"wp:attachment":[{"href":"https:\/\/eloficiodehistoriar.com.mx\/index.php?rest_route=%2Fwp%2Fv2%2Fmedia&parent=131"}],"wp:term":[{"taxonomy":"category","embeddable":true,"href":"https:\/\/eloficiodehistoriar.com.mx\/index.php?rest_route=%2Fwp%2Fv2%2Fcategories&post=131"},{"taxonomy":"post_tag","embeddable":true,"href":"https:\/\/eloficiodehistoriar.com.mx\/index.php?rest_route=%2Fwp%2Fv2%2Ftags&post=131"}],"curies":[{"name":"wp","href":"https:\/\/api.w.org\/{rel}","templated":true}]}}