{"id":13188,"date":"2018-04-29T11:12:02","date_gmt":"2018-04-29T17:12:02","guid":{"rendered":"https:\/\/eloficiodehistoriar.com.mx\/?p=13188"},"modified":"2018-04-29T11:12:02","modified_gmt":"2018-04-29T17:12:02","slug":"inauguran-primera-filu-sin-su-anfitrion-alegorico-sergio-pitol","status":"publish","type":"post","link":"https:\/\/eloficiodehistoriar.com.mx\/?p=13188","title":{"rendered":"Inauguran primera FILU sin su anfitri\u00f3n aleg\u00f3rico, Sergio Pitol"},"content":{"rendered":"<p>Inauguran primera FILU sin su anfitri\u00f3n aleg\u00f3rico, Sergio Pitol<br \/>\nEirinet G\u00f3mez<\/p>\n<p>&nbsp;<\/p>\n<p>El escritor y traductor Sergio Pitol, quien falleci\u00f3 el pasado 12 de abril, fue recordado en la inauguraci\u00f3n de la 25 Feria Internacional del Libro Universitario (FILU) 2018, uno de sus actos preferidos en la ciudad que eligi\u00f3 para vivir.<\/p>\n<p>Antes de enfermar de gravedad, durante la celebraci\u00f3n anual Pitol figuraba como anfitri\u00f3n de otros escritores que acud\u00edan a presentar libros. Era frecuente encontrarlo en los pasillos de la feria mientras charlaba con cr\u00edticos literarios. O verlo firmar aut\u00f3grafos en el pabell\u00f3n de la Editorial Era, donde se venden sus obras.<\/p>\n<p>Por eso en la inauguraci\u00f3n de la FILU 2018 se le record\u00f3 desde el primer momento del viernes, cuando se inauguraron las actividades, sobre todo porque el pa\u00eds invitado es Espa\u00f1a, naci\u00f3n con la que el escritor ten\u00eda una estrecha relaci\u00f3n.<\/p>\n<p>La primera en evocarlo fue la rectora de la Universidad Veracruzana (UV), Sara Ladr\u00f3n de Guevara Gonz\u00e1lez, durante su intervenci\u00f3n en la ceremonia de inauguraci\u00f3n del encuentro.<\/p>\n<p>Ladr\u00f3n de Guevara destac\u00f3 los v\u00ednculos entre el pa\u00eds ib\u00e9rico y Veracruz, a partir de la llegada de Hern\u00e1n Cort\u00e9s a sus costas en 1519. Despu\u00e9s, con la llegada del barco Sinaia, el 13 de junio de 1939, cuando desembarcaron mil 599 refugiados que hu\u00edan de la guerra civil espa\u00f1ola.<\/p>\n<p>Suceso que hizo florecer el pensamiento en nuestras universidades y gener\u00f3 nuevos pluricefalismos, remarc\u00f3.<\/p>\n<p>En un momento de su discurso, la rectora record\u00f3 que Espa\u00f1a ha otorgado el Premio Cervantes a seis mexicanos universales: Octavio Paz, Jos\u00e9 Emilio Pacheco, Elena Poniatowska, Fernando del Paso y nuestro querido y siempre presente Sergio Pitol.<\/p>\n<p>Silencio y luto<\/p>\n<p>La menci\u00f3n del escritor hizo un silencio en el foro Sergio Galindo del gimnasio Omega, donde se desarrolla la FILU, como si con el silencio cada asistente mostrara su luto por el fallecimiento del laureado Pitol.<\/p>\n<p>M\u00e1s tarde, durante el conversatorio del escritor y cr\u00edtico literario espa\u00f1ol, Marcos Giralt Torrente, que abri\u00f3 las actividades literarias de la feria, El Mago de Viena volvi\u00f3 a hacerse presente.<\/p>\n<p>Durante su charla, Giralt Torrente dijo que para \u00e9l \u201cel vigor de la literatura en espa\u00f1ol no se encuentra precisamente en Espa\u00f1a, sino el Latinoam\u00e9rica, sobre todo en M\u00e9xico y Argentina.<\/p>\n<p>Hoy, la literatura del espa\u00f1ol m\u00e1s interesante sin duda se encuentra en escritores como Juli\u00e1n Herbert, Emiliano Monge, Antonio Ortu\u00f1o, Guadalupe Nettel, y el maestro Juan Villoro.<\/p>\n<p>Giralt Torrente dijo que hay tantas voces, que me cuesta trabajo sacar a colaci\u00f3n tanto escritores espa\u00f1oles como mexicanos o argentinos; de manera especial mencion\u00f3 a Sergio Pitol y a Elena Poniatowska, a quienes consider\u00f3 escritores muy importantes en su formaci\u00f3n.<\/p>\n<p>Te hablo de escritores j\u00f3venes por no hablar de Pitol, a quien tuve la fortuna de conocer. Sergio Pitol para m\u00ed fue muy importante en mi formaci\u00f3n, as\u00ed como Poniatowska, quien me gusta mucho.<\/p>\n<p>En el primer d\u00eda de actividades del encuentro literario, el escritor Juan Villoro, amigo personal de Pitol, lo record\u00f3 durante la charla antes del concierto M\u00fasica y poder: el sonido y la furia, de la Orquesta Sinf\u00f3nica de Xalapa.<\/p>\n<p>Antes de desarrollar una disertaci\u00f3n sobre el concierto, que inclu\u00eda piezas de Beethoven, Sch\u00f6enberg, Revueltas y Shostakovich, el escritor dedic\u00f3 su participaci\u00f3n al autor de El viaje.<\/p>\n<p>Dedico esta conferencia a la memoria de mi amigo y maestro Sergio Pitol, quien siempre trat\u00f3 de asociar la m\u00fasica con la palabra, y que como mi maestro me abri\u00f3 muchos caminos y me ense\u00f1\u00f3 muchas cosas en ese sentido.<\/p>\n<p>Sergio Pitol, quien falleci\u00f3 el 12 de abril pasado a los 85 a\u00f1os, tuvo una estrecha relaci\u00f3n con la FILU.<\/p>\n<p>En la edici\u00f3n de 2013, la feria le rindi\u00f3 homenaje con motivo de sus 80 a\u00f1os de vida, lo que convoc\u00f3 la presencia de Jorge Herralde y Juan Villoro.<\/p>\n<p>En 1999, cuando la feria del libro universitario comenz\u00f3 a homenajear a personajes ilustres de la comunidad universitaria, Sergio Pitol fue el primero en recibir la Medalla al M\u00e9rito Universidad Veracruzana.<\/p>\n<p>Las menciones de Pitol en la FILU 2018 generaron expectativa debido a que la familia del escritor y la UV tienen diferencias respecto del manejo que se ha hecho del nombre y legado del escritor.<\/p>\n<p>Antecedentes del conflicto<\/p>\n<p>En el contexto del inicio del encuentro litrario, la familia del autor de Domar a la divina garza coloc\u00f3 una manta en la fachada de la casa del escritor, donde exigi\u00f3 justicia a las autoridades.<\/p>\n<p>La familia del escritor tiene interpuestas varias denuncias por el manejo del nombre y legado del autor, as\u00ed como por negligencia m\u00e9dica en la atenci\u00f3n de Pitol, cuando ya hab\u00eda perdido la capacidad de autodeterminaci\u00f3n.<\/p>\n<p>Las demandas incluyen el extrav\u00edo de la medalla de oro que forma parte del Premio Cervantes, otra por el hurto de un libro de Juan Rulfo dedicado a Sergio Pitol, esto en el periodo en el que el gobierno de Javier Duarte estuvo a cargo del escritor mediante el DIF estatal.<\/p>\n<p>Pese a esas diferencias, el s\u00e1bado 5 de mayo a las 13 horas en el sal\u00f3n Emilio Carballido de la FILU se realizar\u00e1 la entrega del Premio Sergio Pitol, en la categor\u00eda de relato.<\/p>\n<p>Aunque la familia del escritor ha advertido que este ser\u00e1 el \u00faltimo a\u00f1o que se entregue con ese nombre.<\/p>\n","protected":false},"excerpt":{"rendered":"<p>Inauguran primera FILU sin su anfitri\u00f3n aleg\u00f3rico, Sergio Pitol Eirinet G\u00f3mez &nbsp; El escritor y traductor Sergio Pitol, quien falleci\u00f3 el pasado 12 de abril, fue recordado en la inauguraci\u00f3n de la 25 Feria Internacional del Libro Universitario (FILU) 2018, uno de sus actos preferidos en la ciudad que eligi\u00f3 para vivir. Antes de enfermar [&hellip;]<\/p>\n","protected":false},"author":249,"featured_media":13189,"comment_status":"open","ping_status":"closed","sticky":false,"template":"","format":"standard","meta":{"footnotes":""},"categories":[1],"tags":[],"class_list":["post-13188","post","type-post","status-publish","format-standard","has-post-thumbnail","hentry","category-sin-categoria"],"_links":{"self":[{"href":"https:\/\/eloficiodehistoriar.com.mx\/index.php?rest_route=\/wp\/v2\/posts\/13188","targetHints":{"allow":["GET"]}}],"collection":[{"href":"https:\/\/eloficiodehistoriar.com.mx\/index.php?rest_route=\/wp\/v2\/posts"}],"about":[{"href":"https:\/\/eloficiodehistoriar.com.mx\/index.php?rest_route=\/wp\/v2\/types\/post"}],"author":[{"embeddable":true,"href":"https:\/\/eloficiodehistoriar.com.mx\/index.php?rest_route=\/wp\/v2\/users\/249"}],"replies":[{"embeddable":true,"href":"https:\/\/eloficiodehistoriar.com.mx\/index.php?rest_route=%2Fwp%2Fv2%2Fcomments&post=13188"}],"version-history":[{"count":1,"href":"https:\/\/eloficiodehistoriar.com.mx\/index.php?rest_route=\/wp\/v2\/posts\/13188\/revisions"}],"predecessor-version":[{"id":13190,"href":"https:\/\/eloficiodehistoriar.com.mx\/index.php?rest_route=\/wp\/v2\/posts\/13188\/revisions\/13190"}],"wp:featuredmedia":[{"embeddable":true,"href":"https:\/\/eloficiodehistoriar.com.mx\/index.php?rest_route=\/wp\/v2\/media\/13189"}],"wp:attachment":[{"href":"https:\/\/eloficiodehistoriar.com.mx\/index.php?rest_route=%2Fwp%2Fv2%2Fmedia&parent=13188"}],"wp:term":[{"taxonomy":"category","embeddable":true,"href":"https:\/\/eloficiodehistoriar.com.mx\/index.php?rest_route=%2Fwp%2Fv2%2Fcategories&post=13188"},{"taxonomy":"post_tag","embeddable":true,"href":"https:\/\/eloficiodehistoriar.com.mx\/index.php?rest_route=%2Fwp%2Fv2%2Ftags&post=13188"}],"curies":[{"name":"wp","href":"https:\/\/api.w.org\/{rel}","templated":true}]}}