{"id":132,"date":"2008-05-26T11:30:23","date_gmt":"2008-05-26T16:30:23","guid":{"rendered":"https:\/\/eloficiodehistoriar.com.mx\/?p=132"},"modified":"2008-05-26T11:30:23","modified_gmt":"2008-05-26T16:30:23","slug":"colegio-y-beaterio-de-carmelitas-en-queretaro","status":"publish","type":"post","link":"https:\/\/eloficiodehistoriar.com.mx\/?p=132","title":{"rendered":"Colegio y Beaterio de Carmelitas en Quer\u00e9taro"},"content":{"rendered":"<p><strong><span style=\"font-family: Arial\">En el Beaterio de Carmelitas.<o:p><\/o:p><\/span><\/strong><strong><span style=\"font-family: Arial\"><span>\u00a0<\/span>Ahora con adoraci\u00f3n perpetua<o:p><\/o:p><\/span><\/strong><\/p>\n<p style=\"margin: 0cm 0cm 0pt; text-align: justify\" class=\"MsoNormal\"><span style=\"font-family: Arial\"><\/span><\/p>\n<p style=\"margin: 0cm 0cm 0pt; text-align: justify\" class=\"MsoNormal\"><span style=\"font-family: Arial\"><\/span><\/p>\n<p style=\"margin: 0cm 0cm 0pt; text-align: justify\" class=\"MsoNormal\"><span style=\"font-family: Arial\"><\/span><\/p>\n<p style=\"margin: 0cm 0cm 0pt; text-align: justify\" class=\"MsoNormal\"><span style=\"font-family: Arial\">Por primera vez en la historia de <st1:personname ProductID=\"la Di?cesis\" w:st=\"on\">la Di\u00f3cesis<\/st1:personname> de Quer\u00e9taro tendremos un templo expiatorio con Adoraci\u00f3n Perpetua, donde todos los fieles podr\u00e1n visitar al Sant\u00edsimo las 24 horas del d\u00eda y los 365 d\u00edas del a\u00f1o. En inauguraci\u00f3n estuvieron presentes el Secretario de Gobierno, Alfredo Botello Montes y el Obispo Mario De Gasper\u00edn.<\/span><\/p>\n<p style=\"margin: 0cm 0cm 0pt; text-align: justify\" class=\"MsoNormal\"><span style=\"font-family: Arial\"><\/span><\/p>\n<p style=\"margin: 0cm 0cm 0pt; text-align: justify\" class=\"MsoNormal\"><span style=\"font-family: Arial\"><\/span><\/p>\n<p><span style=\"font-family: Arial\"><o:p>\u00a0<\/o:p><\/span><\/p>\n<table hspace=\"0\" vspace=\"0\" align=\"left\" cellPadding=\"0\" cellSpacing=\"0\">\n<tr>\n<td align=\"left\" vAlign=\"top\" style=\"background-color: transparent; border: #f0f0f0; padding: 0cm\">\n<p style=\"margin: 0cm 0cm 0pt; vertical-align: baseline; line-height: 41pt; text-align: justify\" class=\"MsoNormal\"><strong><span style=\"font-family: Arial\"><font size=\"3\">C<\/font><\/span><\/strong><\/p>\n<p style=\"margin: 0cm 0cm 0pt; vertical-align: baseline; line-height: 41pt; text-align: justify\" class=\"MsoNormal\"><strong><span style=\"font-family: Arial\"><\/span><\/strong><\/p>\n<p><strong><span style=\"font-family: Arial\"><font size=\"3\"><o:p><\/o:p><\/font><\/span><\/strong>\u00a0<\/td>\n<\/tr>\n<\/table>\n<p><span style=\"font-family: Arial\">Asi en el centro de la ciudad, al finalizar la calle que divide al convento de Capuchinas, se encuentra el Real Colegio Beaterio del Se\u00f1or San Jos\u00e9 de Hermanas Carmelitas Descalzas, que dentro de su pobreza tuvieron coro, porter\u00eda y locutorio. Jam\u00e1s tuvo bienes, ni rentas y sobrevivi\u00f3 mas de cien a\u00f1os a base de limosnas.<o:p><\/o:p><\/span><\/p>\n<p style=\"margin: 0cm 0cm 0pt; text-align: justify\" class=\"MsoNormal\"><span style=\"font-family: Arial\"><\/span><\/p>\n<p style=\"margin: 0cm 0cm 0pt; text-align: justify\" class=\"MsoNormal\"><span style=\"font-family: Arial\"><\/span><\/p>\n<p><span style=\"font-family: Arial\">El Obispo<span>\u00a0 <\/span>Mario De Gasper\u00edn, ha decretado que a partir del 12 de Octubre de 2007, que el Oratorio del antiguo Beaterio y Colegio de Carmelitas descalzas de <st1:personname ProductID=\"la Ciudad\" w:st=\"on\">la Ciudad<\/st1:personname><span>\u00a0 <\/span>de Quer\u00e9taro,<span>\u00a0 <\/span>sea designado Templo Expiatorio.<o:p><\/o:p><\/span><\/p>\n<p style=\"margin: 0cm 0cm 0pt; text-align: justify\" class=\"MsoNormal\"><span style=\"font-family: Arial\"><\/span><\/p>\n<p style=\"margin: 0cm 0cm 0pt; text-align: justify\" class=\"MsoNormal\"><span style=\"font-family: Arial\"><\/span><\/p>\n<p><span style=\"font-family: Arial\">El Rector de este templo es el Pbro.<span>\u00a0 <\/span>J. Guadalupe Alderete Loza.<o:p><\/o:p><\/span><\/p>\n<p style=\"margin: 0cm 0cm 0pt; text-align: justify\" class=\"MsoNormal\"><span style=\"font-family: Arial\"><\/span><\/p>\n<p><span style=\"font-family: Arial\">Los responsables de esta obra ser\u00e1n los grupos de <st1:personname ProductID=\"La Adoraci?n Nocturna\" w:st=\"on\">La Adoraci\u00f3n Nocturna<\/st1:personname>, Hombre Nuevo, otras asociaciones<span>\u00a0 <\/span>y el pueblo en general.<o:p><\/o:p><\/span><\/p>\n<p style=\"margin: 0cm 0cm 0pt; text-align: justify\" class=\"MsoNormal\"><span style=\"font-family: Arial\"><\/span><\/p>\n<p style=\"margin: 0cm 0cm 0pt; text-align: justify\" class=\"MsoNormal\"><span style=\"font-family: Arial\"><\/span><\/p>\n<p><span style=\"font-family: Arial\">A las 11:00 hrs. del 12 Octubre, en el marco del A\u00f1o de <st1:personname ProductID=\"la Liturgia\" w:st=\"on\">la Liturgia<\/st1:personname> y <st1:personname ProductID=\"la Piedad Popular\" w:st=\"on\">la Piedad Popular<\/st1:personname>, celebr\u00f3 la santa Misa y al concluir \u00e9sta realiz\u00f3 la exposici\u00f3n del Sant\u00edsimo, que permanecer\u00e1 as\u00ed las 24 horas del d\u00eda.<o:p><\/o:p><\/span><\/p>\n<p style=\"margin: 0cm 0cm 0pt; text-align: justify\" class=\"MsoNormal\"><span style=\"font-family: Arial\"><\/span><\/p>\n<p style=\"margin: 0cm 0cm 0pt; text-align: justify\" class=\"MsoNormal\"><span style=\"font-family: Arial\"><\/span><\/p>\n<p><span style=\"font-family: Arial\">En nuestra Ciudad<span>\u00a0 <\/span>de Quer\u00e9taro, existen el Templo Expiatorio de San Jos\u00e9 de Gracia en el centro de la ciudad, atendido por los padres Operarios Diocesanos y el Templo Expiatorio del Sagrado Coraz\u00f3n de Jes\u00fas, en <st1:personname ProductID=\"la Colonia Jardines\" w:st=\"on\">la Colonia Jardines<\/st1:personname> de Quer\u00e9taro, atendido por los Operarios del Reino de Cristo.<o:p><\/o:p><\/span><\/p>\n<p style=\"margin: 0cm 0cm 0pt; text-align: justify\" class=\"MsoNormal\"><span style=\"font-family: Arial\"><\/span><\/p>\n<p style=\"margin: 0cm 0cm 0pt; text-align: justify\" class=\"MsoNormal\"><span style=\"font-family: Arial\"><\/span><\/p>\n<p><span style=\"font-family: Arial\">Este pasado viernes 12 de octubre<span>\u00a0 <\/span>se ha iniciado <st1:personname ProductID=\"la Adoraci?n Perpetua\" w:st=\"on\">la Adoraci\u00f3n Perpetua<\/st1:personname> en el reci\u00e9n declarado Templo Expiatorio de Carmelitas. El<span>\u00a0 <\/span>Obispo Mario De Gasper\u00edn<span>\u00a0 <\/span>ha presidido <st1:personname ProductID=\"la Eucarist?a\" w:st=\"on\">la Eucarist\u00eda<\/st1:personname> con la que ha dado inicio esta devoci\u00f3n.<o:p><\/o:p><\/span><\/p>\n<p style=\"margin: 0cm 0cm 0pt; text-align: justify\" class=\"MsoNormal\"><st1:personname ProductID=\"La Adoraci?n Nocturna\" w:st=\"on\"><span style=\"font-family: Arial\">\u00a0<\/span><\/st1:personname><\/p>\n<p style=\"margin: 0cm 0cm 0pt; text-align: justify\" class=\"MsoNormal\"><st1:personname ProductID=\"La Adoraci?n Nocturna\" w:st=\"on\"><span style=\"font-family: Arial\">\u00a0<\/span><\/st1:personname><\/p>\n<p><st1:personname ProductID=\"La Adoraci?n Nocturna\" w:st=\"on\"><span style=\"font-family: Arial\">La Adoraci\u00f3n Nocturna<\/span><\/st1:personname><span style=\"font-family: Arial\"> Mexicana, cuyo director<span>\u00a0 <\/span>es el Pbro. Jos\u00e9 Hern\u00e1ndez y el grupo llamado Hombre Nuevo, dirigido por Jorge Alarc\u00f3n, han sido las asociaciones promotoras de todo esto.<o:p><\/o:p><\/span><\/p>\n<p style=\"margin: 0cm 0cm 0pt; text-align: justify\" class=\"MsoNormal\"><span style=\"font-family: Arial\"><\/span><\/p>\n<p style=\"margin: 0cm 0cm 0pt; text-align: justify\" class=\"MsoNormal\"><span style=\"font-family: Arial\"><\/span><\/p>\n<p><span style=\"font-family: Arial\">Mons. J. Guadalupe Alderete Loza, ha acogido con gran gusto esta iniciativa, siendo \u00e9l, rector del Templo de Carmelitas.<o:p><\/o:p><\/span><span style=\"font-family: Arial\">La adoraci\u00f3n permanente Al Sant\u00edsimo, cuenta con un lugar f\u00edsico destinado exclusivamente para que en lo personal y como familias y comunidades puedan ir a orar las 24 horas del d\u00eda.<o:p><\/o:p><\/span><\/p>\n<p style=\"margin: 0cm 0cm 0pt; text-align: justify\" class=\"MsoNormal\"><span style=\"font-family: Arial\"><\/span><\/p>\n<p style=\"margin: 0cm 0cm 0pt; text-align: justify\" class=\"MsoNormal\"><span style=\"font-family: Arial\"><\/span><\/p>\n<p><span style=\"font-family: Arial\">Durante <st1:personname ProductID=\"la Misa\" w:st=\"on\">la Misa<\/st1:personname> fue le\u00eddo el decreto por el cual el templo de Carmelitas de nuestra ciudad l es desde este 12 de octubre pasado, Templo Expiatorio. <o:p><\/o:p><\/span><\/p>\n<p style=\"margin: 0cm 0cm 0pt; text-align: justify\" class=\"MsoNormal\"><span style=\"font-family: Arial\"><\/span><\/p>\n<p style=\"margin: 0cm 0cm 0pt; text-align: justify\" class=\"MsoNormal\"><span style=\"font-family: Arial\"><\/span><\/p>\n<p><span style=\"font-family: Arial\">Tambi\u00e9n se ha develado una placa conmemorativa para dejar constancia en la historia de nuestra Ciudad<span>\u00a0 <\/span>en donde Ordinario Diocesano ha manifestado su deseo para el bien<span>\u00a0 <\/span>de todos los fieles cat\u00f3licos.<o:p><\/o:p><\/span><\/p>\n<p style=\"margin: 0cm 0cm 0pt; text-align: justify\" class=\"MsoNormal\"><span style=\"font-family: Arial\"><\/span><\/p>\n<p style=\"margin: 0cm 0cm 0pt; text-align: justify\" class=\"MsoNormal\"><span style=\"font-family: Arial\"><\/span><\/p>\n<p><span style=\"font-family: Arial\">El obispo<span>\u00a0 <\/span>Mario de Gasper\u00edn<span>\u00a0 <\/span>or\u00f3 con los fieles ante el Sant\u00edsimo,<span>\u00a0 <\/span>explic\u00f3 la importancia este templo expiatorio como lugar de adoraci\u00f3n y reconciliaci\u00f3n y trascendencia que debe lograrse llegando a transformar cada hogar y a nuestra sociedad.<o:p><\/o:p><\/span><\/p>\n<p style=\"margin: 0cm 0cm 0pt; text-align: justify\" class=\"MsoNormal\"><span style=\"font-family: Arial\"><\/span><\/p>\n<p style=\"margin: 0cm 0cm 0pt; text-align: justify\" class=\"MsoNormal\"><span style=\"font-family: Arial\"><\/span><\/p>\n<p><span style=\"font-family: Arial\">Terminada la misa el Obispo llev\u00f3 en procesi\u00f3n solemne <st1:personname ProductID=\"la Sagrada Forma\" w:st=\"on\">la Sagrada Forma<\/st1:personname> entre los fieles que entre cantos, plegarias y un gran respeto se manifestaron por las calles y en el Oratorio de carmelitas. Al terminar la ceremonia, hubo gritos de \u00a1Viva Cristo Rey y a Santa Mar\u00eda de Guadalupe!<o:p><\/o:p><\/span><\/p>\n<p style=\"margin: 0cm 0cm 0pt; text-align: justify\" class=\"MsoNormal\"><span style=\"font-family: Arial\"><\/span><\/p>\n<p><span style=\"font-family: Arial\">Desde hoy, en lo alto, una hermosa custodia dorada se expone en el Templo Expiatorio de Carmelitas al Sant\u00edsimo, en donde d\u00eda y noche ser\u00e1 bendecido y alabado por quien lo desee.<o:p><\/o:p><\/span><\/p>\n<p style=\"margin: 0cm 0cm 0pt; text-align: justify\" class=\"MsoNormal\"><span style=\"font-family: Arial\"><\/span><\/p>\n<p><span style=\"font-family: Arial\">La austeridad del templo se viste y adorna con las oraciones y cantos de los adoradores perpetuos que hacen un ambiente de recogimiento y devoci\u00f3n. <o:p><\/o:p><\/span><\/p>\n<p style=\"margin: 0cm 0cm 0pt; text-align: justify\" class=\"MsoNormal\"><span style=\"font-family: Arial\"><\/span><\/p>\n<p><span style=\"font-family: Arial\">Guardias de honor, turnos de oraci\u00f3n, oraci\u00f3n por los sacerdotes de <st1:personname ProductID=\"la Di?cesis\" w:st=\"on\">la Di\u00f3cesis<\/st1:personname>, comunidades religiosas y seminaristas,\u00a0y muchas iniciativas que se est\u00e1n preparando para animar y alentar la oraci\u00f3n d\u00eda y noche.<o:p><\/o:p><\/span><span style=\"font-family: Arial\">El Templo Expiatorio de Carmelitas, est\u00e1 ubicado en Ocampo y Balvanera, en el centro<span>\u00a0 <\/span>de nuestra ciudad. El templo estar\u00e1 abierto las 24 horas.<o:p><\/o:p><\/span><\/p>\n<p style=\"margin: 0cm 0cm 0pt; text-align: justify\" class=\"MsoTitle\"><span style=\"font-size: 12pt; font-family: Arial\"><\/span><\/p>\n<p style=\"margin: 0cm 0cm 0pt; text-align: justify\" class=\"MsoTitle\"><span style=\"font-size: 12pt; font-family: Arial\"><\/span><\/p>\n<p><span style=\"font-size: 12pt; font-family: Arial\"><strong>Carmelitas<o:p><\/o:p><\/strong><\/span><\/p>\n<h1 style=\"margin: 0cm 0cm 0pt\"><span style=\"font-size: 12pt\" lang=\"ES-TRAD\"><font face=\"Arial\">Real Colegio y Beaterio del Se\u00f1or San Jos\u00e9<o:p><\/o:p><\/font><\/span><\/h1>\n<h1 style=\"margin: 0cm 0cm 0pt\"><span style=\"font-size: 12pt\" lang=\"ES-TRAD\"><o:p><font face=\"Arial\">\u00a0<\/font><\/o:p><\/span><\/h1>\n<p><span style=\"font-family: Arial\"><o:p>\u00a0<\/o:p><\/span><span style=\"font-family: Arial\">La hermana Mar\u00eda Magdalena del Esp\u00edritu Santo, mujer fuerte y de elevados pensamientos, comenz\u00f3 a fines de <st1:metricconverter ProductID=\"1736 a\" w:st=\"on\">1736 a<\/st1:metricconverter> reunir doncellas pobres para fundar en esta ciudad un Beaterio de Carmelitas que observaran la regla de santa Teresa de \u00c1vila, con la asesor\u00eda espiritual del fraile carmelita,<span>\u00a0 <\/span>Sim\u00f3n de <st1:personname ProductID=\"la Expectaci?n.\" w:st=\"on\">la Expectaci\u00f3n.<\/st1:personname><o:p><\/o:p><\/span><span style=\"font-family: Arial\"><o:p>\u00a0<\/o:p><\/span><\/p>\n<p style=\"margin: 0cm 0cm 0pt; text-align: justify\" class=\"MsoNormal\"><span style=\"font-family: Arial\"><\/span><\/p>\n<p style=\"margin: 0cm 0cm 0pt; text-align: justify\" class=\"MsoNormal\"><span style=\"font-family: Arial\"><\/span><\/p>\n<p><span style=\"font-family: Arial\">Las primeras seis doncellas reunidas por esta gran mujer, comenzaron su retiro en la casa de Antonia de Castilla, a los seis meses les fue recogida la casa y con gran dolor buscaron otra casa, hasta que al ingreso de tres doncellas, familiares del<span>\u00a0 <\/span>P. Diego Colchado les<span>\u00a0 <\/span>hizo donaci\u00f3n de una casita donde ahora se encuentra el templo y Beaterio.<o:p><\/o:p><\/span><span style=\"font-family: Arial\"><o:p>\u00a0<\/o:p><\/span><\/p>\n<p style=\"margin: 0cm 0cm 0pt; text-align: justify\" class=\"MsoNormal\"><span style=\"font-family: Arial\"><\/span><\/p>\n<p style=\"margin: 0cm 0cm 0pt; text-align: justify\" class=\"MsoNormal\"><span style=\"font-family: Arial\"><\/span><\/p>\n<p><span style=\"font-family: Arial\">Su primer bienhechor fue el virrey y arzobispo de M\u00e9xico Juan Antonio de Vizarr\u00f3n y Eguiarreta, concedi\u00e9ndoles domicilio oficial y capell\u00e1n propio.<o:p><\/o:p><\/span><span style=\"font-family: Arial\"><o:p>\u00a0<\/o:p><\/span><\/p>\n<p style=\"margin: 0cm 0cm 0pt; text-align: justify\" class=\"MsoNormal\"><span style=\"font-family: Arial\"><\/span><\/p>\n<p style=\"margin: 0cm 0cm 0pt; text-align: justify\" class=\"MsoNormal\"><span style=\"font-family: Arial\"><\/span><\/p>\n<p><span style=\"font-family: Arial\">El beaterio fue iniciado en 1739 de manera informal, estuvo sujeto al ordinario. Se cre\u00f3 con la finalidad de albergar<span>\u00a0 <\/span>y educar a doncellas pobres, que no pod\u00edan pagar su dote. Para 1751, a\u00fan no hab\u00edan podido obtener el permiso definitivo.<o:p><\/o:p><\/span><span style=\"font-family: Arial\"><o:p>\u00a0<\/o:p><\/span><\/p>\n<p style=\"margin: 0cm 0cm 0pt; text-align: justify\" class=\"MsoNormal\"><span style=\"font-family: Arial\"><\/span><\/p>\n<p style=\"margin: 0cm 0cm 0pt; text-align: justify\" class=\"MsoNormal\"><span style=\"font-family: Arial\"><\/span><\/p>\n<p><span style=\"font-family: Arial\">Celebraron con gran regocijo la erecci\u00f3n de ese peque\u00f1o e incipiente Beaterio, <span>\u00a0<\/span>el 19 de marzo de 1750, bajo el patrocinio del Se\u00f1or San Jos\u00e9.<o:p><\/o:p><\/span><span style=\"font-family: Arial\"><o:p>\u00a0<\/o:p><\/span><\/p>\n<p style=\"margin: 0cm 0cm 0pt; text-align: justify\" class=\"MsoNormal\"><span style=\"font-family: Arial\"><\/span><\/p>\n<p style=\"margin: 0cm 0cm 0pt; text-align: justify\" class=\"MsoNormal\"><span style=\"font-family: Arial\"><\/span><\/p>\n<p><span style=\"font-family: Arial\">Se reg\u00edan por las constituciones redactadas por el Arzobispo de M\u00e9xico, Manuel Rubio y Salinas, en la visita que hizo en 1756 y en 1791.El rey las tom\u00f3 bajo su real patrocinio, emitiendo la real c\u00e9dula y concedi\u00e9ndoles puerta del oratorio a la calle a favor de los vecinos, para las liturgias.<o:p><\/o:p><\/span><span style=\"font-family: Arial\"><o:p>\u00a0<\/o:p><\/span><\/p>\n<p style=\"margin: 0cm 0cm 0pt; text-align: justify\" class=\"MsoNormal\"><span style=\"font-family: Arial\"><\/span><\/p>\n<p style=\"margin: 0cm 0cm 0pt; text-align: justify\" class=\"MsoNormal\"><span style=\"font-family: Arial\"><\/span><\/p>\n<p><span style=\"font-family: Arial\">El Cardenal Lorenzana estableci\u00f3 en este colegio la ense\u00f1anza de ni\u00f1as, por c\u00e9dula de 7 de junio de 1791 y el 17 de febrero de 1800, se les concedi\u00f3 la construcci\u00f3n de un nuevo templo y de habitaciones m\u00e1s c\u00f3modas, fue s\u00edndico del colegio el tercer Marques de <st1:personname ProductID=\"La Villa\" w:st=\"on\">la Villa<\/st1:personname> del Villar del \u00c1guila y benefactora Do\u00f1a Josefa Vergara.<o:p><\/o:p><\/span><span style=\"font-family: Arial\"><o:p>\u00a0<\/o:p><\/span><\/p>\n<p style=\"margin: 0cm 0cm 0pt; text-align: justify\" class=\"MsoNormal\"><span style=\"font-family: Arial\"><\/span><\/p>\n<p style=\"margin: 0cm 0cm 0pt; text-align: justify\" class=\"MsoNormal\"><span style=\"font-family: Arial\"><\/span><\/p>\n<p><span style=\"font-family: Arial\">La construcci\u00f3n de este beaterio fue a cargo de Juan Antonio Fern\u00e1ndez de J\u00e1uregui y Urrutia, quien siendo s\u00edndico del beaterio don\u00f3 la mayor parte del costo del edificio. Se dedic\u00f3 el 20 de junio de 1802, d\u00eda del tr\u00e1nsito del Se\u00f1or San Jos\u00e9.<o:p><\/o:p><\/span><span style=\"font-family: Arial\"><o:p>\u00a0<\/o:p><\/span><\/p>\n<p style=\"margin: 0cm 0cm 0pt; text-align: justify\" class=\"MsoNormal\"><span style=\"font-family: Arial\"><\/span><\/p>\n<p style=\"margin: 0cm 0cm 0pt; text-align: justify\" class=\"MsoNormal\"><span style=\"font-family: Arial\"><\/span><\/p>\n<p><span style=\"font-family: Arial\">Destacaron en este Beaterio, las religiosas; Ceferina de Jes\u00fas, Mariana del Padre Eterno, Rosal\u00eda del sant\u00edsimo Sacramento y la india otom\u00ed, Salvadora de los Santos, cuya vida ejemplar escribi\u00f3 el padre Antonio Paredes, siendo impresa en 1762.<o:p><\/o:p><\/span><span style=\"font-family: Arial\"><o:p>\u00a0<\/o:p><\/span><\/p>\n<p style=\"margin: 0cm 0cm 0pt; text-align: justify\" class=\"MsoNormal\"><span style=\"font-family: Arial\"><\/span><\/p>\n<p style=\"margin: 0cm 0cm 0pt; text-align: justify\" class=\"MsoNormal\"><span style=\"font-family: Arial\"><\/span><\/p>\n<p><span style=\"font-family: Arial\">Esta insigne india otom\u00ed, carmelita descalza, dedic\u00f3 toda su vida de religiosa a recoger limosnas para su Beaterio, por toda la ciudad y por las haciendas cercanas, muriendo a los 61 a\u00f1os de edad, el 25 de agosto de 1762.<o:p><\/o:p><\/span><span style=\"font-family: Arial\"><o:p>\u00a0<\/o:p><\/span><\/p>\n<p style=\"margin: 0cm 0cm 0pt; text-align: justify\" class=\"MsoNormal\"><span style=\"font-family: Arial\"><\/span><\/p>\n<p style=\"margin: 0cm 0cm 0pt; text-align: justify\" class=\"MsoNormal\"><span style=\"font-family: Arial\"><\/span><\/p>\n<p><span style=\"font-family: Arial\">El convento de carmelitas es de traza humilde, pero sobria y decorosa, las beatas fueron exclaustradas en 1863. Se perdi\u00f3 la huerta que colindaba con la de Capuchinas y el beaterio fue convertido en vecindad.<o:p><\/o:p><\/span><span style=\"font-family: Arial\"><o:p>\u00a0<\/o:p><\/span><\/p>\n<p style=\"margin: 0cm 0cm 0pt; text-align: justify\" class=\"MsoBodyText\"><span lang=\"ES-TRAD\"><\/span><\/p>\n<p style=\"margin: 0cm 0cm 0pt; text-align: justify\" class=\"MsoBodyText\"><span lang=\"ES-TRAD\"><\/span><\/p>\n<p><span lang=\"ES-TRAD\"><font face=\"Arial\">\u201cEn el corto estrecho del colegio del Se\u00f1or San Jos\u00e9 de Carmelitas se mantienen voluntariamente trece hermanas beatas de Nuestra Se\u00f1ora del Carmen, espiritualmente asistidas y dirigidas por un capell\u00e1n eclesi\u00e1stico secular y econ\u00f3micamente gobernadas por su rectora. Est\u00e1 sujeto al ordinario y observan la regla de nuestra santa madre Teresa de Jes\u00fas, con tanto esmero y vigilancia que anulan a las m\u00e1s austeras y estrechas religiosas de dicho sagrado orden, viven en voluntaria clausura y tienen su oratorio privado en que a la suprema y divina majestad tributan reverentes cultos con sus continuas oraciones y penitentes ejercicios sin tener para sus preciosos mantenimientos renta alguna,<span>\u00a0 <\/span>m\u00e1s que las de sus bienhechores que en limosnas<span>\u00a0 <\/span>les erogan y ellas con su personal trabajo adquieren\u201d.<o:p><\/o:p><\/font><\/span><span lang=\"ES-TRAD\"><o:p><font face=\"Arial\">\u00a0<\/font><\/o:p><\/span><span lang=\"ES-TRAD\"><o:p><font face=\"Times New Roman\">\u00a0<\/font><\/o:p><\/span><\/p>\n","protected":false},"excerpt":{"rendered":"<p>En el Beaterio de Carmelitas.\u00a0Ahora con adoraci\u00f3n perpetua Por primera vez en la historia de la Di\u00f3cesis de Quer\u00e9taro tendremos un templo expiatorio con Adoraci\u00f3n Perpetua, donde todos los fieles podr\u00e1n visitar al Sant\u00edsimo las 24 horas del d\u00eda y los 365 d\u00edas del a\u00f1o. En inauguraci\u00f3n estuvieron presentes el Secretario de Gobierno, Alfredo Botello [&hellip;]<\/p>\n","protected":false},"author":249,"featured_media":0,"comment_status":"open","ping_status":"closed","sticky":false,"template":"","format":"standard","meta":{"footnotes":""},"categories":[8],"tags":[],"class_list":["post-132","post","type-post","status-publish","format-standard","hentry","category-ciudad-de-queretaro"],"_links":{"self":[{"href":"https:\/\/eloficiodehistoriar.com.mx\/index.php?rest_route=\/wp\/v2\/posts\/132","targetHints":{"allow":["GET"]}}],"collection":[{"href":"https:\/\/eloficiodehistoriar.com.mx\/index.php?rest_route=\/wp\/v2\/posts"}],"about":[{"href":"https:\/\/eloficiodehistoriar.com.mx\/index.php?rest_route=\/wp\/v2\/types\/post"}],"author":[{"embeddable":true,"href":"https:\/\/eloficiodehistoriar.com.mx\/index.php?rest_route=\/wp\/v2\/users\/249"}],"replies":[{"embeddable":true,"href":"https:\/\/eloficiodehistoriar.com.mx\/index.php?rest_route=%2Fwp%2Fv2%2Fcomments&post=132"}],"version-history":[{"count":0,"href":"https:\/\/eloficiodehistoriar.com.mx\/index.php?rest_route=\/wp\/v2\/posts\/132\/revisions"}],"wp:attachment":[{"href":"https:\/\/eloficiodehistoriar.com.mx\/index.php?rest_route=%2Fwp%2Fv2%2Fmedia&parent=132"}],"wp:term":[{"taxonomy":"category","embeddable":true,"href":"https:\/\/eloficiodehistoriar.com.mx\/index.php?rest_route=%2Fwp%2Fv2%2Fcategories&post=132"},{"taxonomy":"post_tag","embeddable":true,"href":"https:\/\/eloficiodehistoriar.com.mx\/index.php?rest_route=%2Fwp%2Fv2%2Ftags&post=132"}],"curies":[{"name":"wp","href":"https:\/\/api.w.org\/{rel}","templated":true}]}}