{"id":13201,"date":"2018-04-29T11:20:02","date_gmt":"2018-04-29T17:20:02","guid":{"rendered":"https:\/\/eloficiodehistoriar.com.mx\/?p=13201"},"modified":"2018-04-29T11:20:02","modified_gmt":"2018-04-29T17:20:02","slug":"un-museo-frances-descubre-que-mas-de-la-mitad-de-sus-obras-son-falsas","status":"publish","type":"post","link":"https:\/\/eloficiodehistoriar.com.mx\/?p=13201","title":{"rendered":"Un museo franc\u00e9s descubre que m\u00e1s de la mitad de sus obras son falsas"},"content":{"rendered":"<p>Un museo franc\u00e9s descubre que m\u00e1s de la mitad de sus obras son falsas<br \/>\nVarios de los cuadros atribuidos al artista Etienne Terrus reproduc\u00edan edificios construidos despu\u00e9s de su muerte.<\/p>\n<p>&nbsp;<\/p>\n<p>El museo de la localidad francesa de Elne, en el sureste del pa\u00eds, dedicado al artista local Etienne Terrus, descubri\u00f3 que m\u00e1s de la mitad de sus fondos son obras falsas que no salieron de los pinceles del pintor especializado en paisajes de su regi\u00f3n. Seg\u00fan informan hoy medios locales, fue tras unas obras de mejora del museo cuando un especialista, el historiador del arte Eric Forcada, comenz\u00f3 a sospechar de la atribuci\u00f3n de algunos de los cuadros de la colecci\u00f3n.<\/p>\n<p>El elemento clave, seg\u00fan la radio local France Bleu, fue que en algunos de esos cuadros aparec\u00edan edificios que fueron construidos despu\u00e9s de la muerte de Terrus, que vivi\u00f3 entre 1857 y 1922. Ante esa duda, se cre\u00f3 una comisi\u00f3n de expertos para analizar los fondos del museo que determin\u00f3 que 82 de los cuadros, m\u00e1s de la mitad del total, no pod\u00edan ser atribuidos al pintor. El Ayuntamiento de Elne, una peque\u00f1a localidad de la Catalu\u00f1a francesa, situada al sur de Perpi\u00f1\u00e1n, present\u00f3 una denuncia por falsificaci\u00f3n y estim\u00f3 que el prejuicio causado asciende a los 160.000 euros.<\/p>\n<p>Pinturas, dibujos y acuarelas fueron adquiridos a lo largo de dos d\u00e9cadas por el municipio para integrar un museo dedicado a un pintor que naci\u00f3 y falleci\u00f3 en la localidad y que tambi\u00e9n se nutri\u00f3 de donaciones y pr\u00e9stamos. \u00abMe pongo en el lugar de los visitantes que han pagado una entrada y que vieron obras falsas. Es inaceptable\u00bb, asegur\u00f3 el alcalde, Yves Barniol, a France Bleu. La emisora agreg\u00f3 que la investigaci\u00f3n abierta por los servicios franceses contra el tr\u00e1fico de obras de arte incluye a otros artistas y que el prejuicio puede extenderse por toda la regi\u00f3n.<\/p>\n","protected":false},"excerpt":{"rendered":"<p>Un museo franc\u00e9s descubre que m\u00e1s de la mitad de sus obras son falsas Varios de los cuadros atribuidos al artista Etienne Terrus reproduc\u00edan edificios construidos despu\u00e9s de su muerte. &nbsp; El museo de la localidad francesa de Elne, en el sureste del pa\u00eds, dedicado al artista local Etienne Terrus, descubri\u00f3 que m\u00e1s de la [&hellip;]<\/p>\n","protected":false},"author":249,"featured_media":13202,"comment_status":"open","ping_status":"closed","sticky":false,"template":"","format":"standard","meta":{"footnotes":""},"categories":[1],"tags":[],"class_list":["post-13201","post","type-post","status-publish","format-standard","has-post-thumbnail","hentry","category-sin-categoria"],"_links":{"self":[{"href":"https:\/\/eloficiodehistoriar.com.mx\/index.php?rest_route=\/wp\/v2\/posts\/13201","targetHints":{"allow":["GET"]}}],"collection":[{"href":"https:\/\/eloficiodehistoriar.com.mx\/index.php?rest_route=\/wp\/v2\/posts"}],"about":[{"href":"https:\/\/eloficiodehistoriar.com.mx\/index.php?rest_route=\/wp\/v2\/types\/post"}],"author":[{"embeddable":true,"href":"https:\/\/eloficiodehistoriar.com.mx\/index.php?rest_route=\/wp\/v2\/users\/249"}],"replies":[{"embeddable":true,"href":"https:\/\/eloficiodehistoriar.com.mx\/index.php?rest_route=%2Fwp%2Fv2%2Fcomments&post=13201"}],"version-history":[{"count":1,"href":"https:\/\/eloficiodehistoriar.com.mx\/index.php?rest_route=\/wp\/v2\/posts\/13201\/revisions"}],"predecessor-version":[{"id":13203,"href":"https:\/\/eloficiodehistoriar.com.mx\/index.php?rest_route=\/wp\/v2\/posts\/13201\/revisions\/13203"}],"wp:featuredmedia":[{"embeddable":true,"href":"https:\/\/eloficiodehistoriar.com.mx\/index.php?rest_route=\/wp\/v2\/media\/13202"}],"wp:attachment":[{"href":"https:\/\/eloficiodehistoriar.com.mx\/index.php?rest_route=%2Fwp%2Fv2%2Fmedia&parent=13201"}],"wp:term":[{"taxonomy":"category","embeddable":true,"href":"https:\/\/eloficiodehistoriar.com.mx\/index.php?rest_route=%2Fwp%2Fv2%2Fcategories&post=13201"},{"taxonomy":"post_tag","embeddable":true,"href":"https:\/\/eloficiodehistoriar.com.mx\/index.php?rest_route=%2Fwp%2Fv2%2Ftags&post=13201"}],"curies":[{"name":"wp","href":"https:\/\/api.w.org\/{rel}","templated":true}]}}