{"id":13223,"date":"2018-05-07T11:25:48","date_gmt":"2018-05-07T17:25:48","guid":{"rendered":"https:\/\/eloficiodehistoriar.com.mx\/?p=13223"},"modified":"2018-05-07T11:25:48","modified_gmt":"2018-05-07T17:25:48","slug":"quienes-son-los-guiris","status":"publish","type":"post","link":"https:\/\/eloficiodehistoriar.com.mx\/?p=13223","title":{"rendered":"\u00bfQui\u00e9nes son los &#8216;guiris&#8217;?"},"content":{"rendered":"<h1 class=\"editable\" data-django-attribute=\"title\" data-ckeditor-profile=\"mini\">\u00bfQui\u00e9nes son los &#8216;guiris&#8217;?<\/h1>\n<p>Naiara Reig Pellicer<\/p>\n<p>En verano, las ciudades espa\u00f1olas, especialmente las costeras, se llenan de \u00abguiris\u00bb. Todos sabemos a qui\u00e9nes nos referimos y hasta podemos identificarlos sin temor a equivocarnos. Pero, \u00bfpor qu\u00e9 han acabado los turistas en Espa\u00f1a por recibir este \u00abapelativo cari\u00f1oso\u00bb? \u00bfQu\u00e9 significa exactamente? \u00bfDe d\u00f3nde viene?<\/p>\n<p>Te lo cruzas en el paseo mart\u00edtimo y sonr\u00edes: Est\u00e1 rojo como un tomate por haber pasado demasiado tiempo bajo un sol al que no est\u00e1 acostumbrado y\u00a0lleva los cl\u00e1sicos calcetines con sandalias y\u00a0puede que un sombrero\u00a0o una gorra; alguno hasta se pasea con una ri\u00f1onera que jam\u00e1s llevar\u00eda en su pa\u00eds de origen.\u00a0El cl\u00e1sico\u00a0<strong>guiri<\/strong>, vaya, al que tambi\u00e9n puedes encontrar sentado frente a una jarra de sangr\u00eda y una paella que t\u00fa, como espa\u00f1ol, posiblemente no te comer\u00edas.<\/p>\n<p><strong>Pero, \u00bfqui\u00e9nes son los guiris?<\/strong><\/p>\n<p>Aunque, en un principio, identific\u00e1bamos como guiris a\u00a0los\u00a0<strong>turistas del norte de Europa<\/strong>, hoy parece que el guiri es todo aquel\u00a0<strong>visitante<\/strong>\u00a0que pone los pies en nuestras costas y ciudades m\u00e1s emblem\u00e1ticas. De hecho, seg\u00fan la Real Academia Espa\u00f1ola, la palabra \u00abguiri\u00bb significa, en espa\u00f1ol coloquial, \u00abturista extranjero\u00bb, sin distinci\u00f3n.\u00a0Para identificarlos\u00a0basta con echar un vistazo a la lista mental de\u00a0t\u00f3picos que los espa\u00f1oles solemos asociar con esta palabra y que hemos mencionado al principio: Los cumplen casi todos.<\/p>\n<p>Les pregunto a mis compa\u00f1eros de Caf\u00e9babel si saben lo que es \u00abun guiri\u00bb y me sorprendo al comprobar que la mayor\u00eda desconocen que ellos mismos recibir\u00edan este apelativo\u00a0si visitasen nuestro pa\u00eds. \u00a1Nosotros, espa\u00f1oles, que pensamos que es de dominio p\u00fablico! As\u00ed que me encuentro explic\u00e1ndoles una lista de t\u00f3picos con los que muchos no se identifican y que, aunque admiten con desgana que puede que sean ciertos, ellos los\u00a0asocian\u00a0con \u00abla gente mayor\u00bb.<\/p>\n<p>\u00ab\u00bfY por qu\u00e9\u00a0<em>guiris<\/em>?\u00bb, me preguntan,\u00a0\u00ab\u00bfde d\u00f3nde viene esa palabra?\u00bb. Y yo, que les estaba explicando qui\u00e9nes son los guiris, me doy cuenta de que no tengo ni idea de por qu\u00e9 llamamos as\u00ed a los turistas en Espa\u00f1a.<\/p>\n<p><strong>\u00bfDe d\u00f3nde viene la palabra \u00abguiri\u00bb?<\/strong><\/p>\n<p>La RAE aporta algo de luz en este aspecto: \u00abNombre con que, durante las guerras civiles del siglo\u00a0XIX, designaban los carlistas a los partidarios de la reina Cristina, y despu\u00e9s a todos los liberales, y en especial a los soldados del gobierno\u00bb.\u00a0Y, al parecer, ese es el origen de la palabra \u00abguiri\u00bb, ya que a los partidarios de la reina Cristina se les llamaba, en euskera, \u00abguiristinos\u00bb (cristinos).<\/p>\n<p>Se cree que el t\u00e9rmino fue recuperado\u00a0en la\u00a0<strong>Espa\u00f1a<\/strong>\u00a0de los\u00a0<strong>a\u00f1os 60<\/strong>, con la forma abreviada \u00abguiri\u00bb,\u00a0cuando la mentalidad liberal de los extranjeros\u00a0que visitaban el pa\u00eds en los primeros a\u00f1os de nuestra recuperaci\u00f3n econ\u00f3mica, chocaba con la ideolog\u00eda tradicional del Franquismo.<\/p>\n<p>Aunque tambi\u00e9n hay quien opina que en la evoluci\u00f3n de esta\u00a0palabra ha influido el t\u00e9rmino \u00abguirigay\u00bb, el alboroto que se forma como consecuencia de un lenguaje incomprensible y que tambi\u00e9n estar\u00eda relacionado con la lengua que hablan los extranjeros.<\/p>\n<div class=\"body editable\" data-ajax-replace=\"article_body\" data-django-attribute=\"body\" data-ckeditor-profile=\"full\">\n<p>Pero que no se confundan los turistas que llegan a Espa\u00f1a, porque \u00abguiri\u00bb no es necesariamente un t\u00e9rmino despectivo, si bien s\u00ed lo fue en su origen. La realidad es que, a d\u00eda de hoy,\u00a0los espa\u00f1oles hemos llevado el t\u00e9rmino \u00abguiri\u00bb hasta el extremo y ya no lo usamos s\u00f3lo\u00a0para referirnos a todos los visitantes extranjeros en Espa\u00f1a: Lo son los turistas de todos los pa\u00edses, \u00a1hasta cuando lo somos nosotros mismos! \u00bfQui\u00e9n no se ha visto rodeado de gente haciendo fotos en un lugar emblem\u00e1tico de cualquier ciudad europea y ha acabado soltando aquello de \u00abmadre m\u00eda, esto est\u00e1 lleno de guiris\u00bb? Pues eso&#8230;<\/p>\n<\/div>\n<aside id=\"right\">\n<div class=\"right-inner\">\n<section class=\"authors\" data-ajax-replace=\"article_sub_metas\">\n<div id=\"authors-wrapper\">\n<div class=\"right-w\"><\/div>\n<\/div>\n<\/section>\n<\/div>\n<\/aside>\n","protected":false},"excerpt":{"rendered":"<p>\u00bfQui\u00e9nes son los &#8216;guiris&#8217;? Naiara Reig Pellicer En verano, las ciudades espa\u00f1olas, especialmente las costeras, se llenan de \u00abguiris\u00bb. Todos sabemos a qui\u00e9nes nos referimos y hasta podemos identificarlos sin temor a equivocarnos. Pero, \u00bfpor qu\u00e9 han acabado los turistas en Espa\u00f1a por recibir este \u00abapelativo cari\u00f1oso\u00bb? \u00bfQu\u00e9 significa exactamente? \u00bfDe d\u00f3nde viene? Te lo [&hellip;]<\/p>\n","protected":false},"author":249,"featured_media":13224,"comment_status":"open","ping_status":"closed","sticky":false,"template":"","format":"standard","meta":{"footnotes":""},"categories":[1],"tags":[],"class_list":["post-13223","post","type-post","status-publish","format-standard","has-post-thumbnail","hentry","category-sin-categoria"],"_links":{"self":[{"href":"https:\/\/eloficiodehistoriar.com.mx\/index.php?rest_route=\/wp\/v2\/posts\/13223","targetHints":{"allow":["GET"]}}],"collection":[{"href":"https:\/\/eloficiodehistoriar.com.mx\/index.php?rest_route=\/wp\/v2\/posts"}],"about":[{"href":"https:\/\/eloficiodehistoriar.com.mx\/index.php?rest_route=\/wp\/v2\/types\/post"}],"author":[{"embeddable":true,"href":"https:\/\/eloficiodehistoriar.com.mx\/index.php?rest_route=\/wp\/v2\/users\/249"}],"replies":[{"embeddable":true,"href":"https:\/\/eloficiodehistoriar.com.mx\/index.php?rest_route=%2Fwp%2Fv2%2Fcomments&post=13223"}],"version-history":[{"count":1,"href":"https:\/\/eloficiodehistoriar.com.mx\/index.php?rest_route=\/wp\/v2\/posts\/13223\/revisions"}],"predecessor-version":[{"id":13225,"href":"https:\/\/eloficiodehistoriar.com.mx\/index.php?rest_route=\/wp\/v2\/posts\/13223\/revisions\/13225"}],"wp:featuredmedia":[{"embeddable":true,"href":"https:\/\/eloficiodehistoriar.com.mx\/index.php?rest_route=\/wp\/v2\/media\/13224"}],"wp:attachment":[{"href":"https:\/\/eloficiodehistoriar.com.mx\/index.php?rest_route=%2Fwp%2Fv2%2Fmedia&parent=13223"}],"wp:term":[{"taxonomy":"category","embeddable":true,"href":"https:\/\/eloficiodehistoriar.com.mx\/index.php?rest_route=%2Fwp%2Fv2%2Fcategories&post=13223"},{"taxonomy":"post_tag","embeddable":true,"href":"https:\/\/eloficiodehistoriar.com.mx\/index.php?rest_route=%2Fwp%2Fv2%2Ftags&post=13223"}],"curies":[{"name":"wp","href":"https:\/\/api.w.org\/{rel}","templated":true}]}}