{"id":13333,"date":"2019-05-27T23:45:24","date_gmt":"2019-05-28T05:45:24","guid":{"rendered":"https:\/\/eloficiodehistoriar.com.mx\/?p=13333"},"modified":"2019-05-27T23:52:39","modified_gmt":"2019-05-28T05:52:39","slug":"el-taller-el-oficio-de-historiar","status":"publish","type":"post","link":"https:\/\/eloficiodehistoriar.com.mx\/?p=13333","title":{"rendered":"El taller: El Oficio de Historiar"},"content":{"rendered":"<h3><strong>El Oficio de Historiar de Luis Gonz\u00e1lez y Gonz\u00e1lez<\/strong><\/h3>\n<p>La \u00fanica venida a Quer\u00e9taro de Luis Gonz\u00e1lez y Gonz\u00e1lez a disertar sobre su teor\u00eda, fue al taller \u201cEl Oficio de Historiar\u201d coordinado por qui\u00e9n esto escribe, un siete de noviembre del 2001, siendo recibido tumultuariamente por los talleristas y la comunidad intelectual local y sin la presencia de autoridad local alguna.<\/p>\n<p>El Maestro dijo: \u201cQuer\u00e9taro es una de las ciudades a las que hay que visitar constantemente\u201dLuis Gonz\u00e1lez y Gonz\u00e1lez, el humanista de la historia, el mejor historiador de M\u00e9xico, El renovador de la concepci\u00f3n de entender y estudiar la historia, revolucionario de cepa, muri\u00f3 en el pueblo de San Jos\u00e9 de Gracia.<\/p>\n<p>Cuando en San Jos\u00e9 de Gracia todo el mundo comentaba lo abundante de la cosecha que se ven\u00eda gracias a la buena temporada de lluvias, el II de octubre de 1925, lleg\u00f3 al mundo Luis Gonz\u00e1lez y Gonz\u00e1lez y el 14 de diciembre del 2003, cerca de las ocho de la ma\u00f1ana, ante un M\u00e9xico convulso e imprevisto, se nos fue.<\/p>\n<p>Aprendi\u00f3 desde su infancia el desaf\u00edo de conservar la memoria como forma de preservar la vida a fuerza de contar y recontar las historias de los hombres. Se alej\u00f3 de la historia de bronce y se acerc\u00f3 al quehacer cotidiano, a los m\u00e1s elementales e insignificantes acontecimientos y de esta manera naci\u00f3 la historia universal, llamada PUEBLO EN VILO.<\/p>\n<p>El Maestro dijo: \u201c Hay una historia pol\u00edtica que se desparrama ante el gran p\u00fablico, no porque le guste mucho a los ni\u00f1os y adolescentes, lo que les cuentan, o porque aprendan eso por su voluntad, sino porque los obligan a que acepten eso como la historia\u201d.<\/p>\n<p>Nieto de abuelos indios, conserv\u00f3 siempre el gusto por su MATRIA, por sus or\u00edgenes, el gusto por el habla sencilla y sabrosa, que lo llevara a hacer un profesor tan claro como ameno, un historiador convencido de que la historia no tiene porque ser de dif\u00edcil acceso y que los historiadores no tienen porque volverse pedantes.<\/p>\n<p>Luis Gonz\u00e1lez y Gonz\u00e1lez no olvid\u00f3 nunca la pesada herencia que para bien o para mal marca el nacionalismo mexicano, traducido en odios hacia fuera, hacia los que le son diferentes y odios hacia dentro, hacia los que no lo son tanto.<\/p>\n<p>El Maestro dijo: \u201cS\u00ed se puede uno liberarse de las mitolog\u00edas, de los mitos nacionales, \u00e9tnicos, religiosos o de cualquier otro tipo, sin dejar de ser solidario con su pa\u00eds y con los suyos\u201d.<\/p>\n<p>Luis Gonz\u00e1lez y Gonz\u00e1lez ha luchado contra la historia oficial para rescatar la historia humilde y cotidiana de los pueblos y de las provincias y ha sido reconocido como el padre de LA MICROHISTORIA, de la historia regional, de la historia MATRIA.<\/p>\n<p>Luis Gonz\u00e1lez y Gonz\u00e1lez, hombre de su familia, de su pueblo, de su regi\u00f3n, de su naci\u00f3n y de su gremio, es liberal en pol\u00edtica, porque sabe de la necesidad de la variedad, de la pluralidad, de la vitalidad de las diferencias, que no pueden, ni deben ser aniquiladas.<\/p>\n<p>El maestro dijo; \u201c Es necesario recordar, pero tambi\u00e9n es necesario olvidar, un exceso de memoria enferma a veces hasta la locura\u201d.<\/p>\n<p>Padre de la microhistoria, Luis Gonz\u00e1lez y Gonz\u00e1lez, fue un intelectual humilde, que nunca dud\u00f3 en compartir sus conocimientos con otros, fue el historiador m\u00e1s completo del siglo XX mexicano.<\/p>\n<p>Su obra es inmensa, muy legible y muy original. De tal suerte que los historiadores deben de pensar seriamente formarse un criterio propio, al margen de modas o colegas.<\/p>\n","protected":false},"excerpt":{"rendered":"<p>El Oficio de Historiar de Luis Gonz\u00e1lez y Gonz\u00e1lez La \u00fanica venida a Quer\u00e9taro de Luis Gonz\u00e1lez y Gonz\u00e1lez a disertar sobre su teor\u00eda, fue al taller \u201cEl Oficio de Historiar\u201d coordinado por qui\u00e9n esto escribe, un siete de noviembre del 2001, siendo recibido tumultuariamente por los talleristas y la comunidad intelectual local y sin [&hellip;]<\/p>\n","protected":false},"author":249,"featured_media":13338,"comment_status":"open","ping_status":"closed","sticky":false,"template":"","format":"standard","meta":{"footnotes":""},"categories":[26],"tags":[],"class_list":["post-13333","post","type-post","status-publish","format-standard","has-post-thumbnail","hentry","category-mundo"],"_links":{"self":[{"href":"https:\/\/eloficiodehistoriar.com.mx\/index.php?rest_route=\/wp\/v2\/posts\/13333","targetHints":{"allow":["GET"]}}],"collection":[{"href":"https:\/\/eloficiodehistoriar.com.mx\/index.php?rest_route=\/wp\/v2\/posts"}],"about":[{"href":"https:\/\/eloficiodehistoriar.com.mx\/index.php?rest_route=\/wp\/v2\/types\/post"}],"author":[{"embeddable":true,"href":"https:\/\/eloficiodehistoriar.com.mx\/index.php?rest_route=\/wp\/v2\/users\/249"}],"replies":[{"embeddable":true,"href":"https:\/\/eloficiodehistoriar.com.mx\/index.php?rest_route=%2Fwp%2Fv2%2Fcomments&post=13333"}],"version-history":[{"count":3,"href":"https:\/\/eloficiodehistoriar.com.mx\/index.php?rest_route=\/wp\/v2\/posts\/13333\/revisions"}],"predecessor-version":[{"id":13336,"href":"https:\/\/eloficiodehistoriar.com.mx\/index.php?rest_route=\/wp\/v2\/posts\/13333\/revisions\/13336"}],"wp:featuredmedia":[{"embeddable":true,"href":"https:\/\/eloficiodehistoriar.com.mx\/index.php?rest_route=\/wp\/v2\/media\/13338"}],"wp:attachment":[{"href":"https:\/\/eloficiodehistoriar.com.mx\/index.php?rest_route=%2Fwp%2Fv2%2Fmedia&parent=13333"}],"wp:term":[{"taxonomy":"category","embeddable":true,"href":"https:\/\/eloficiodehistoriar.com.mx\/index.php?rest_route=%2Fwp%2Fv2%2Fcategories&post=13333"},{"taxonomy":"post_tag","embeddable":true,"href":"https:\/\/eloficiodehistoriar.com.mx\/index.php?rest_route=%2Fwp%2Fv2%2Ftags&post=13333"}],"curies":[{"name":"wp","href":"https:\/\/api.w.org\/{rel}","templated":true}]}}