{"id":13345,"date":"2019-05-30T00:07:10","date_gmt":"2019-05-30T06:07:10","guid":{"rendered":"https:\/\/eloficiodehistoriar.com.mx\/?p=13345"},"modified":"2019-11-04T18:51:07","modified_gmt":"2019-11-05T00:51:07","slug":"elena-garro-el-exilio-permanente","status":"publish","type":"post","link":"https:\/\/eloficiodehistoriar.com.mx\/?p=13345","title":{"rendered":"Elena Garro: El Exilio Permanente\u00a0"},"content":{"rendered":"<p><b><span data-contrast=\"auto\">Por\u00a0<\/span><\/b><b><span data-contrast=\"auto\">Natt<\/span><\/b><b><span data-contrast=\"auto\">\u00a0F\u00e9lix<\/span><\/b><span data-ccp-props=\"{&quot;201341983&quot;:0,&quot;335551550&quot;:3,&quot;335551620&quot;:3,&quot;335559739&quot;:160,&quot;335559740&quot;:259}\">\u00a0<\/span><\/p>\n<p><em><b>\u201cN<\/b><b>o s\u00e9 si les ha pasado\u00a0<\/b><b>qu<\/b><b>e se sientes perdidos en el mundo, sin nada donde apoyarse, yo me sent\u00ed as\u00ed, porque yo no tengo casa. El \u00fanico hogar s\u00f3lido que voy a tener es la tumba\u201d.<\/b>\u00a0<\/em><\/p>\n<p><span data-contrast=\"auto\">Vivi\u00f3 m\u00e1s fuera de M\u00e9xico que en M\u00e9xico, originaria de Puebla y criada en Iguala, Guerrero, huy\u00f3 del pa\u00eds en 1969 y regres\u00f3 a morir a una humilde casa en Cuernavaca, Morelos en 1998, junto a su <\/span><span data-contrast=\"auto\">compa\u00f1era de toda la vida, su\u00a0<\/span><span data-contrast=\"auto\">hija, Helena Paz y sus gatos.<\/span><span data-contrast=\"auto\">\u00a0<\/span><span data-contrast=\"auto\">El genio de Elena Garro sigue sin ser comprendido.<\/span><\/p>\n<p><span data-contrast=\"auto\">Elena Garro fue silenciada, no solamente a ra\u00edz de la masacre de Tlatelolco, sino al casarse con Octavio Paz. Estudiaba en la Facultad de Filosof\u00eda y Letras, era core\u00f3grafa y bailarina <\/span><span data-contrast=\"auto\">antes de conocerlo a los 16 a\u00f1os, <\/span><span data-contrast=\"auto\">de una vida p\u00fablica y prol<\/span><span data-contrast=\"auto\">\u00edfi<\/span><span data-contrast=\"auto\">ca se queda confinada a la vida privada despu\u00e9s del matrimonio.<\/span><\/p>\n<p>Durante la Guerra Civil Espa\u00f1ola (1936-1939) y a la edad de 21 a\u00f1os, Elena viaj\u00f3 a Espa\u00f1a junto con su entonces pareja Octavio Paz al II Congreso Internacional de Escritores Antifascistas para la Defensa de la Cultural en Valencia, Espa\u00f1a. El resultado de este viaje fue el relato de su experiencia en \u00abMemorias de Espa\u00f1a: 1937\u00bb, publicado en 1992, donde describe de forma cr\u00edtica y sensible las personalidades y actitudes de los intelectuales asistentes.<\/p>\n<p><em><strong>\u201cEl para\u00edso es hacer y decir lo que quisieras\u201d.<\/strong><\/em><\/p>\n<p>Defensora de los campesinos, siempre en contra de los terratenientes, el caciquismo y los due\u00f1os del poder, activista pol\u00edtica y mujer de mundo. Una de las mejores novelistas del siglo XX; una prosa m\u00e1gica, magn\u00edfico espa\u00f1ol cl\u00e1sico. Hace la apolog\u00eda de M\u00e9xico, con un gran amor, con una riqueza de personajes mayor a la de Rulfo.<\/p>\n<p>Ella pose\u00eda el don de dar voz, memoria y vida a aquello que en su tiempo parec\u00eda no tenerla. Nunca tuvo impedimento para decir lo que pensaba.\u00a0Su pecado fue hablar, hablar sobre y contra los intelectuales que recib\u00edan favores del gobierno, incluido Octavio Paz.<\/p>\n<p>Dentro de sus relatos hubo temas que trastocaban a la sociedad mexicana de la \u00e9poca como la marginaci\u00f3n de la mujer, la libertad femenina y la libertad pol\u00edtica. Su figura literaria se ha considerado como un s\u00edmbolo libertario del siglo XX.<\/p>\n<p>Durante su carrera se le catalog\u00f3 como precursora del Realismo M\u00e1gico, t\u00e9rmino que despreci\u00f3 porque consideraba que \u00abera una etiqueta mercantilista\u00bb que le molestaba porque el realismo m\u00e1gico era la esencia de la cosmovisi\u00f3n ind\u00edgena, por lo tanto nada nuevo bajo el sol.<\/p>\n<p>En \u201cLos Recuerdos del Provenir\u201d, obra por lo cual recibe el Premio Javier Villaurrutia en 1963, hace una cr\u00edtica contundente al sistema social y pol\u00edtico mexicano. En 1968 fue llevada al cine por Arturo Ripstein. La voz de Ixtepec, narrador omnisciente y omnipresente, se suman las de los habitantes del pueblo para contar su desencanto con el orden impuesto despu\u00e9s de la Revoluci\u00f3n mexicana y su desgracia por la Guerra Cristera. La obra sustenta la fuerza de la narraci\u00f3n en recursos po\u00e9ticos, que lejos de confundir potencian la trama.<\/p>\n<p>\u201cQu\u00e9mala Elena, tienes m\u00e1s talento que yo\u201d. Con l\u00e1grimas de desesperaci\u00f3n le dijo alguna vez Octavio Paz sobre el manuscrito de su novela.<\/p>\n<p>Los nuevos terratenientes, los empresarios, los due\u00f1os del dinero, la eliminaron de la vida cultural y social de M\u00e9xico, la suya fue una historia negada.\u00a0A Elena la asesinaron con el descr\u00e9dito y la difamaci\u00f3n, usando la enemistad de ella con los intelectuales, sus libros dejaron de circular. Nadie sabe qui\u00e9n es Elena Garro, no es lectura obligatoria, la borraron de la historia.<\/p>\n<p>Se cont\u00f3 mal la historia de Elena Garro, a ra\u00edz del art\u00edculo \u201cEl Complot de los Cobardes\u201d publicado 17 de agosto de 1968, un mes antes de la matanza de Tlatelolco, donde rebela y desenmascara a los intelectuales \u201c&#8230;ustedes critican el autoritarismo desde su escritorio y lanzan como carne de ca\u00f1\u00f3n a los estudiantes contra el gobierno&#8230;\u201d<\/p>\n<p>Su obra ha sido considerada siempre menor a la sombra de Octavio Paz, pero la revisi\u00f3n cr\u00edtica de sus escritos en la \u00faltima d\u00e9cada la coloca como una de las grandes escritoras mexicanas y latinoamericanas.<\/p>\n<p><em><strong>\u201cEl vivir en pareja nunca me pareci\u00f3 realizable. La convivencia con la persona siempre resulta en fracaso. Yo me sent\u00eda intocable e invencible. Majadera de ni\u00f1a, fr\u00edvola de joven y en la vejez muy buena\u00bb.<\/strong><\/em><\/p>\n<p>Escribe Helena Paz de su madre:<\/p>\n<p><em><strong>\u201cQue se detenga el tiempo un poco,<\/strong><\/em><\/p>\n<p><em><strong>La reina ha cortado sus cabellos.<\/strong><\/em><\/p>\n<p><em><strong>Yacen en el suelo charcos de oto\u00f1o.<\/strong><\/em><\/p>\n<p><em><strong>La reina ha abdicado su sonrisa<\/strong><\/em><\/p>\n<p><em><strong>Ninguna cinta de oro ci\u00f1e sus sienes<\/strong><\/em><\/p>\n<p><em><strong>Ning\u00fan le\u00f3n hermano suyo lame sus manos<\/strong><\/em><\/p>\n<p><em><strong>La han vencido<\/strong><\/em><\/p>\n<p><em><strong>Solitaria habitante de la ciudad blanca<\/strong><\/em><\/p>\n<p><em><strong>Abandonada a mitad de la selva<\/strong><\/em><\/p>\n<p><em><strong>Reina de un reino desaparecido<\/strong><\/em><\/p>\n<p><em><strong>Camina sola, los pies descalzos entre los \u00e1rboles<\/strong><\/em><\/p>\n<p><em><strong>La esp\u00edan los salvajes<\/strong><\/em><\/p>\n<p><em><strong>En lanzas ensalzadas de plumas<\/strong><\/em><\/p>\n<p><em><strong>Ella con la mano abre la puerta luminosa<\/strong><\/em><\/p>\n<p><em><strong>Para entrar al corredor de la danza<\/strong><\/em><\/p>\n<p><em><strong>Donde la antigua trampa lleva el santuario subterr\u00e1neo<\/strong><\/em><\/p>\n<p><em><strong>En el que resplandecen los Dioses de su pueblo<\/strong><\/em><\/p>\n<p><em><strong>Su raza vencida para siempre<\/strong><\/em><\/p>\n<p><em><strong>S\u00f3lo queda el rastro de su le\u00f3n negro\u201d.<\/strong><\/em><\/p>\n<p>Prominente y prol\u00edfica<strong>. <\/strong><em><strong>\u201cMe escap\u00e9 de M\u00e9xico\u201d<\/strong>,<\/em> cuenta ella. El genio es perdonado en los hombres, m\u00e1s nunca en una mujer.<\/p>\n<p><em><strong>\u201cPerd\u00ed mi casa, sal\u00ed de mi casa un d\u00eda y ya nunca volv\u00ed\u201d.<\/strong><\/em><\/p>\n<p>Lo \u00faltimo que escribi\u00f3 fue un art\u00edculo sobre su llegada a M\u00e9xico en 1998.<\/p>\n<p><em><strong>\u201cNo soy feliz pero tampoco soy desdichada, me cas\u00e9 con un se\u00f1or muy bueno y muy guapo pero result\u00f3 un mula\u201d.<\/strong><\/em><\/p>\n<p><em><strong>\u201cYo s\u00f3lo soy recuerdos y el recuerdo que de m\u00ed se tenga\u201d.<\/strong><\/em><\/p>\n<p><em><strong>Elena Garro.<\/strong><\/em><\/p>\n<p>&nbsp;<\/p>\n","protected":false},"excerpt":{"rendered":"<p>Por\u00a0Natt\u00a0F\u00e9lix\u00a0 \u201cNo s\u00e9 si les ha pasado\u00a0que se sientes perdidos en el mundo, sin nada donde apoyarse, yo me sent\u00ed as\u00ed, porque yo no tengo casa. El \u00fanico hogar s\u00f3lido que voy a tener es la tumba\u201d.\u00a0 Vivi\u00f3 m\u00e1s fuera de M\u00e9xico que en M\u00e9xico, originaria de Puebla y criada en Iguala, Guerrero, huy\u00f3 del [&hellip;]<\/p>\n","protected":false},"author":249,"featured_media":13346,"comment_status":"open","ping_status":"closed","sticky":false,"template":"","format":"standard","meta":{"footnotes":""},"categories":[30,24,11,10,27,12,28,26],"tags":[],"class_list":["post-13345","post","type-post","status-publish","format-standard","has-post-thumbnail","hentry","category-arte","category-ciudad-de-mexico","category-fotografia","category-historia","category-latinoamerica","category-libros","category-literatura","category-mundo"],"_links":{"self":[{"href":"https:\/\/eloficiodehistoriar.com.mx\/index.php?rest_route=\/wp\/v2\/posts\/13345","targetHints":{"allow":["GET"]}}],"collection":[{"href":"https:\/\/eloficiodehistoriar.com.mx\/index.php?rest_route=\/wp\/v2\/posts"}],"about":[{"href":"https:\/\/eloficiodehistoriar.com.mx\/index.php?rest_route=\/wp\/v2\/types\/post"}],"author":[{"embeddable":true,"href":"https:\/\/eloficiodehistoriar.com.mx\/index.php?rest_route=\/wp\/v2\/users\/249"}],"replies":[{"embeddable":true,"href":"https:\/\/eloficiodehistoriar.com.mx\/index.php?rest_route=%2Fwp%2Fv2%2Fcomments&post=13345"}],"version-history":[{"count":5,"href":"https:\/\/eloficiodehistoriar.com.mx\/index.php?rest_route=\/wp\/v2\/posts\/13345\/revisions"}],"predecessor-version":[{"id":13371,"href":"https:\/\/eloficiodehistoriar.com.mx\/index.php?rest_route=\/wp\/v2\/posts\/13345\/revisions\/13371"}],"wp:featuredmedia":[{"embeddable":true,"href":"https:\/\/eloficiodehistoriar.com.mx\/index.php?rest_route=\/wp\/v2\/media\/13346"}],"wp:attachment":[{"href":"https:\/\/eloficiodehistoriar.com.mx\/index.php?rest_route=%2Fwp%2Fv2%2Fmedia&parent=13345"}],"wp:term":[{"taxonomy":"category","embeddable":true,"href":"https:\/\/eloficiodehistoriar.com.mx\/index.php?rest_route=%2Fwp%2Fv2%2Fcategories&post=13345"},{"taxonomy":"post_tag","embeddable":true,"href":"https:\/\/eloficiodehistoriar.com.mx\/index.php?rest_route=%2Fwp%2Fv2%2Ftags&post=13345"}],"curies":[{"name":"wp","href":"https:\/\/api.w.org\/{rel}","templated":true}]}}