{"id":13372,"date":"2019-06-14T01:10:04","date_gmt":"2019-06-14T07:10:04","guid":{"rendered":"https:\/\/eloficiodehistoriar.com.mx\/?p=13372"},"modified":"2019-06-14T01:13:43","modified_gmt":"2019-06-14T07:13:43","slug":"rosario-castellanos-la-simone-de-beauvoir-mexicana","status":"publish","type":"post","link":"https:\/\/eloficiodehistoriar.com.mx\/?p=13372","title":{"rendered":"Rosario Castellanos, la Simone de Beauvoir Mexicana"},"content":{"rendered":"<p><b><span data-contrast=\"auto\"><a href=\"https:\/\/eloficiodehistoriar.com.mx\/wp-content\/uploads\/2019\/06\/rosario-castellanos-la-poeta-que-dio-voz-a-las-mujeres.jpg\"><img loading=\"lazy\" decoding=\"async\" class=\"alignleft size-medium wp-image-13373\" src=\"https:\/\/eloficiodehistoriar.com.mx\/wp-content\/uploads\/2019\/06\/rosario-castellanos-la-poeta-que-dio-voz-a-las-mujeres-300x200.jpg\" alt=\"\" width=\"300\" height=\"200\" srcset=\"https:\/\/eloficiodehistoriar.com.mx\/wp-content\/uploads\/2019\/06\/rosario-castellanos-la-poeta-que-dio-voz-a-las-mujeres-300x200.jpg 300w, https:\/\/eloficiodehistoriar.com.mx\/wp-content\/uploads\/2019\/06\/rosario-castellanos-la-poeta-que-dio-voz-a-las-mujeres.jpg 600w\" sizes=\"auto, (max-width: 300px) 100vw, 300px\" \/><\/a>Rosario Castellano<\/span><\/b><b><span data-contrast=\"auto\">s<\/span><\/b><b><span data-contrast=\"auto\">, la Simone de Beauvoir Mexicana<\/span><\/b><span data-ccp-props=\"{&quot;201341983&quot;:0,&quot;335559739&quot;:160,&quot;335559740&quot;:259}\">\u00a0<\/span><\/p>\n<p><b><span data-contrast=\"auto\">Por\u00a0<\/span><\/b><b><span data-contrast=\"auto\">Natt<\/span><\/b><b><span data-contrast=\"auto\">\u00a0F\u00e9lix<\/span><\/b><span data-ccp-props=\"{&quot;201341983&quot;:0,&quot;335551550&quot;:6,&quot;335551620&quot;:6,&quot;335559739&quot;:160,&quot;335559740&quot;:259}\">\u00a0<\/span><\/p>\n<p><span data-contrast=\"auto\">Yo nac\u00ed en un mundo donde todav\u00eda era un orgullo ser educada para ser la esposa de un gobernador, donde el saber <\/span><span data-contrast=\"auto\">corte<\/span><span data-contrast=\"auto\">\u00a0y confecci\u00f3n o taquimecanograf\u00eda era necesario en una escuela secundaria.<\/span><span data-ccp-props=\"{&quot;201341983&quot;:0,&quot;335551550&quot;:6,&quot;335551620&quot;:6,&quot;335559739&quot;:160,&quot;335559740&quot;:259}\"> Un mundo d<\/span><span data-contrast=\"auto\">onde no se me permiti\u00f3 unirme a la estudiantina de la escuela por ser exclusivamente para hombre<\/span><span data-contrast=\"auto\">s<\/span><span data-contrast=\"auto\">, a pesar de haber solicitado expl\u00edcitamente a la directora de la escuela (que ir\u00f3nicamente llevaba el nombre de Gabriela Mistral) y al maestro de m\u00fasica una explicaci\u00f3n y eso no fue hace tantos a\u00f1os, eso segu\u00eda pasando en el 2005.<\/span><span data-ccp-props=\"{&quot;201341983&quot;:0,&quot;335551550&quot;:6,&quot;335551620&quot;:6,&quot;335559739&quot;:160,&quot;335559740&quot;:259}\">\u00a0<\/span><\/p>\n<p><span data-contrast=\"auto\">Mi primer acercamiento a esta admirable mujer se dio gracias a mi madre, quien conoci\u00e9ndome me recomend\u00f3 en repetidas ocasiones leer \u201cOficio de Tinieblas\u201d, el primer libro que pude tener en mis manos de esta gran autora y con el cual qued\u00e9 fascinada, recuerdo todav\u00eda hasta qu\u00e9 nivel conmovi\u00f3 mi esp\u00edritu esta historia sobre discriminaci\u00f3n, objetivaci\u00f3n y maltrato a la mujer ind\u00edgena que es m\u00e1s real y cotidiana que la vida misma.<\/span><span data-ccp-props=\"{&quot;201341983&quot;:0,&quot;335551550&quot;:6,&quot;335551620&quot;:6,&quot;335559739&quot;:160,&quot;335559740&quot;:259}\">\u00a0<\/span><\/p>\n<p><span data-contrast=\"auto\">Tiempo despu\u00e9s, vino \u201cLos Adioses\u201d donde qued\u00e9 absolutamente flechada por\u00a0<\/span><span data-contrast=\"auto\">la vida\u00a0<\/span><span data-contrast=\"auto\">y las letras de esta mujer\u00a0<\/span><span data-contrast=\"auto\">tan \u00fanica<\/span><span data-contrast=\"auto\">, me recuerdo sentada en aquella butaca de la <\/span><span data-contrast=\"auto\">C<\/span><span data-contrast=\"auto\">ineteca Nacional, sola y mirando las escenas de esa vida con absoluta fascinaci\u00f3n, fue ah\u00ed cuando decid\u00ed que quer\u00eda escribir el art\u00edculo que ahora leen.<\/span><span data-contrast=\"auto\">\u00a0<\/span><span data-contrast=\"auto\">Solamente me faltaba prepararme, investigar, leer, indagar m\u00e1s, quer\u00eda y ten\u00eda que saber todo de ella.<\/span><span data-ccp-props=\"{&quot;201341983&quot;:0,&quot;335551550&quot;:6,&quot;335551620&quot;:6,&quot;335559739&quot;:160,&quot;335559740&quot;:259}\">\u00a0<\/span><\/p>\n<p><span data-contrast=\"auto\">El a\u00f1o pasado, los azares del destino me llevaron a visitar y dar un curso en el Centro Cultural Rosario Castellanos, entrar ah\u00ed fue uno de los momentos m\u00e1s m\u00e1gicos que he vivido, estar en el antiguo Cine Bella \u00c9poca, adem\u00e1s de ver una imagen de los ojos de Rosario junto a<\/span><span data-contrast=\"auto\"> uno de sus poemas: \u201c<\/span><span data-contrast=\"auto\">Desde hace a\u00f1os, lectura, tu talento arado se hunde en mis costillas&#8230;\u00bb;<\/span><span data-contrast=\"auto\">\u00a0en cada visita semanal\u00a0<\/span><span data-contrast=\"auto\">iba<\/span><span data-contrast=\"auto\">\u00a0adquiriendo poco a poco su obra, desde los\u00a0<\/span><span data-contrast=\"auto\">compendios de poes\u00eda<\/span><span data-contrast=\"auto\">,\u00a0<\/span><span data-contrast=\"auto\">pasando por\u00a0<\/span><span data-contrast=\"auto\">los ensayos, las obras de teatro, las novelas, todo lo que pod\u00eda, cada libro lo le\u00eda con m\u00e1s y m\u00e1s ansia. Le\u00eda uno y otro al mismo tiempo. Subrayaba. Me emocionada. Sent\u00eda que no estaba sola en el mundo con mis pensamientos. Que ella segu\u00eda viva.<\/span><span data-contrast=\"auto\">\u00a0<\/span><span data-ccp-props=\"{&quot;201341983&quot;:0,&quot;335551550&quot;:6,&quot;335551620&quot;:6,&quot;335559739&quot;:160,&quot;335559740&quot;:259}\">\u00a0<\/span><\/p>\n<p><span data-contrast=\"auto\">Su evoluci\u00f3n se puede ver en cada uno de sus textos, desde la joven poeta risue\u00f1a y so\u00f1adora hasta la escritora madura y reflexiva. Siempre luchando de forma \u00e9tica y frontal por sus convicciones.\u00a0<\/span><span data-ccp-props=\"{&quot;201341983&quot;:0,&quot;335551550&quot;:6,&quot;335551620&quot;:6,&quot;335559739&quot;:160,&quot;335559740&quot;:259}\">\u00a0<\/span><\/p>\n<p><b><span data-contrast=\"auto\">\u201c<\/span><\/b><b><span data-contrast=\"auto\">No hay nada m\u00e1s fuerte que un grupo de mujeres conscientes y conocedoras de su poder<\/span><\/b><b><span data-contrast=\"auto\">\u201d, dijo alguna vez la escritora.<\/span><\/b><\/p>\n<p><span data-contrast=\"auto\">Rosario<\/span><span data-contrast=\"auto\">\u00a0Castellanos,\u00a0<\/span><span data-contrast=\"auto\">poeta, narradora<\/span><span data-contrast=\"auto\">,<\/span><span data-contrast=\"auto\">\u00a0ensayista<\/span><span data-contrast=\"auto\">\u00a0y catedr\u00e1tica vivi\u00f3 casi hasta los 50 a\u00f1os,\u00a0<\/span><span data-contrast=\"auto\">naci\u00f3 en la Ciudad de M\u00e9xico\u00a0<\/span><span data-contrast=\"auto\">en 1925<\/span><span data-contrast=\"auto\">,<\/span><span data-contrast=\"auto\">\u00a0<\/span><span data-contrast=\"auto\">pero vivi\u00f3 toda su infancia\u00a0<\/span><span data-contrast=\"auto\">y adolescencia\u00a0<\/span><span data-contrast=\"auto\">en la hacienda de su familia en Comit\u00e1n, en los Altos de Chiapas<\/span><span data-contrast=\"auto\">;<\/span><span data-contrast=\"auto\">\u00a0la muerte de su hermano marc\u00f3 su vida familiar y m\u00e1s tarde perder\u00eda a sus padres a la edad de 23 a\u00f1os, momento en el que queda sin familia cercana y decide emprender la vida acad\u00e9mica y de las letras, emigrando en 1950 a la Ciudad de M\u00e9xico, donde comenz\u00f3 su prol\u00edfica carrera literaria,\u00a0<\/span><span data-contrast=\"auto\">despu\u00e9s viaja becada a Madrid para continuar sus estudios, m\u00e1s tarde\u00a0<\/span><span data-contrast=\"auto\">trabaja<\/span><span data-contrast=\"auto\">\u00a0<\/span><span data-contrast=\"auto\">como catedr\u00e1tica a<\/span><span data-contrast=\"auto\">\u00a0<\/span><span data-contrast=\"auto\">varias universidades de\u00a0<\/span><span data-contrast=\"auto\">Estados Unidos.<\/span><span data-contrast=\"auto\">\u00a0Fue tambi\u00e9n traductora de la obra de Virginia Woolf.\u00a0<\/span><span data-ccp-props=\"{&quot;201341983&quot;:0,&quot;335551550&quot;:6,&quot;335551620&quot;:6,&quot;335559739&quot;:160,&quot;335559740&quot;:259}\">\u00a0<\/span><\/p>\n<p><span data-contrast=\"auto\">Siend<\/span><span data-contrast=\"auto\">o a\u00fan estudiante tuvo un fugaz encuentro con la mism\u00edsima Simone de Beauvoir, detonante que motiv\u00f3 en su vida un estudio detallado de la obra de la escritora francesa y que hizo surgir en Rosario un \u00edmpetu imparable por escribir sobre el papel de la mujer en la sociedad, desde entonces s<\/span><span data-contrast=\"auto\">e apropia del pensamiento de Beauvoir y lo adapta a M\u00e9xico y a la mujer latina<\/span><span data-contrast=\"auto\">.<\/span><span data-ccp-props=\"{&quot;201341983&quot;:0,&quot;335551550&quot;:6,&quot;335551620&quot;:6,&quot;335559739&quot;:160,&quot;335559740&quot;:259}\">\u00a0<\/span><\/p>\n<p><span data-contrast=\"auto\">Dedic\u00f3 una extens\u00edsima parte de su obra y de sus energ\u00edas a la defensa de los\u00a0<\/span><span data-contrast=\"auto\">derechos de las mujeres<\/span><span data-contrast=\"auto\">\u00a0y los ind\u00edgenas, labor por la que es recordada como uno de los s\u00edmbolos del\u00a0<\/span><span data-contrast=\"auto\">feminismo<\/span><span data-contrast=\"auto\">\u00a0latinoamericano<\/span><span data-contrast=\"auto\">.\u00a0<\/span><span data-contrast=\"auto\">Despu\u00e9s de Sor Juana In\u00e9s de la Cruz y junto con Elena Garro se posicion\u00f3 como una de las m\u00e1s grandes e<\/span><span data-contrast=\"auto\">xponentes de la literatura en Latinoam\u00e9rica<\/span><span data-contrast=\"auto\">, digna de representar a las letras mexicanas en<\/span><span data-contrast=\"auto\">\u00a0<\/span><span data-contrast=\"auto\">el mundo, leerla deber\u00eda ser\u00a0<\/span><span data-contrast=\"auto\">elecci\u00f3n\u00a0<\/span><span data-contrast=\"auto\">consciente y libre para mujeres y hombres.<\/span><span data-ccp-props=\"{&quot;201341983&quot;:0,&quot;335551550&quot;:6,&quot;335551620&quot;:6,&quot;335559739&quot;:160,&quot;335559740&quot;:259}\">\u00a0<\/span><\/p>\n<p><span data-contrast=\"auto\">Su obra trata de temas pol\u00edticos, ya que conceb\u00eda al mundo como <strong><em>\u00ablugar de lucha en el que uno est\u00e1 comprometido\u00bb<\/em><\/strong><\/span><span data-contrast=\"auto\">,<\/span><span data-contrast=\"auto\">\u00a0su vida y obra estuvieron\u00a0<\/span><span data-contrast=\"auto\">siempre \u00ed<\/span><span data-contrast=\"auto\">ntimamente relacionadas<\/span><span data-contrast=\"auto\">, tratando temas como el indigenismo y la mujer.<\/span><span data-ccp-props=\"{&quot;201341983&quot;:0,&quot;335551550&quot;:6,&quot;335551620&quot;:6,&quot;335559739&quot;:160,&quot;335559740&quot;:259}\">\u00a0<\/span><\/p>\n<p><span data-contrast=\"auto\">Luego de ser nombrada embajadora de M\u00e9xico en Israel, muri\u00f3\u00a0<\/span><span data-contrast=\"auto\">en Tel Aviv\u00a0<\/span><span data-contrast=\"auto\">a manos de una desventurada descarga el\u00e9ctrica, seg\u00fan fuentes oficiales, muerte tan po\u00e9tica y surreal como su vida misma<\/span><span data-contrast=\"auto\">, lo cual<\/span><span data-contrast=\"auto\">\u00a0que la lleva a convertirse en leyenda y a dejar su legado tan actual y vigente en las generaciones presentes.<\/span><span data-ccp-props=\"{&quot;201341983&quot;:0,&quot;335551550&quot;:6,&quot;335551620&quot;:6,&quot;335559739&quot;:160,&quot;335559740&quot;:259}\">\u00a0<\/span><\/p>\n<p><span data-contrast=\"auto\">Nadie como ella tuvo una conciencia tan clara de lo que significa la doble circunstancia de ser mujer y ser mexicana.\u00a0<\/span><span data-ccp-props=\"{&quot;201341983&quot;:0,&quot;335551550&quot;:6,&quot;335551620&quot;:6,&quot;335559739&quot;:160,&quot;335559740&quot;:259}\">\u00a0<\/span><\/p>\n<p><b><span data-contrast=\"auto\">Obra narrativa, dram\u00e1tica y po\u00e9tica.<\/span><\/b><span data-ccp-props=\"{&quot;201341983&quot;:0,&quot;335551550&quot;:6,&quot;335551620&quot;:6,&quot;335559739&quot;:160,&quot;335559740&quot;:259}\">\u00a0<\/span><\/p>\n<p><span data-contrast=\"auto\">Rosario Castellanos con \u00abOficio de Tinieblas\u00bb expone con mucha crudeza la discriminaci\u00f3n en que viven los pueblos originarios de M\u00e9xico; en su obra \u00ab<\/span><span data-contrast=\"auto\">Bal\u00fan<\/span><span data-contrast=\"auto\">\u00a0<\/span><span data-contrast=\"auto\">Can\u00e1n<\/span><span data-contrast=\"auto\">\u00bb hace lo\u00a0<\/span><span data-contrast=\"auto\">mismo<\/span><span data-contrast=\"auto\">\u00a0pero con las mujeres de este pa\u00eds<\/span><span data-contrast=\"auto\">,\u00a0<\/span><span data-contrast=\"auto\">principalmente las mujeres que, incluso siendo parte de un grupo marginado, son m\u00e1s marginadas por el grupo mismo<\/span><span data-contrast=\"auto\">.<\/span><span data-contrast=\"auto\">\u00a0Con la Fundaci\u00f3n de la Universidad Femenina de M\u00e9xico se vuelve una activista congruente con sus ideas.<\/span><span data-ccp-props=\"{&quot;201341983&quot;:0,&quot;335551550&quot;:6,&quot;335551620&quot;:6,&quot;335559739&quot;:160,&quot;335559740&quot;:259}\">\u00a0<\/span><\/p>\n<p><span data-contrast=\"auto\">Pionera en publicar sobre el \u201csexismo\u201d en el siglo XX, un neologismo importante que fue parte de su obra<\/span><span data-contrast=\"auto\">.\u00a0<\/span><span data-contrast=\"auto\">Narrando siempre desde una perspectiva feminista a trav\u00e9s de sus ensayo<\/span><span data-contrast=\"auto\">s<\/span><span data-contrast=\"auto\">, ya con su tesis doctoral a los 23 a\u00f1os declaraba p\u00fablicamente cu<\/span><span data-contrast=\"auto\">\u00e1<\/span><span data-contrast=\"auto\">l era su conciencia de la condici\u00f3n de ser mujer en M\u00e9xico y el mundo, su l<\/span><span data-contrast=\"auto\">\u00fa<\/span><span data-contrast=\"auto\">cida rebeld\u00eda expone a trav\u00e9s de sus letras amplios an\u00e1lisis del papel de la mujer en la sociedad, de la emancipaci\u00f3n y el destierro del que eran protagonistas las mujeres que eleg\u00edan la independencia en el siglo XX<\/span><span data-contrast=\"auto\">.\u00a0<\/span><span data-ccp-props=\"{&quot;201341983&quot;:0,&quot;335551550&quot;:6,&quot;335551620&quot;:6,&quot;335559739&quot;:160,&quot;335559740&quot;:259}\">\u00a0<\/span><\/p>\n<p><span data-contrast=\"auto\">Castellanos h<\/span><span data-contrast=\"auto\">abl<\/span><span data-contrast=\"auto\">\u00f3<\/span><span data-contrast=\"auto\">\u00a0de<\/span><span data-contrast=\"auto\">\u00a0<\/span><span data-contrast=\"auto\">la poca presencia y el poco reconocimiento de las mujeres en el mundo intelectual y cultural, de la a\u00fan existente discriminaci\u00f3n a la voz y opini\u00f3n profesional de una mujer y la preocupaci\u00f3n por falta de autoridad intelectual <\/span><span data-contrast=\"auto\">de\u00a0<\/span><span data-contrast=\"auto\">las mujeres.<\/span><span data-contrast=\"auto\"> En esa \u00e9poca ella ya hablaba de la enorme brecha que exist\u00eda en el tipo de trabajos y salarios percibidos por hombres y mujeres.\u00a0Us\u00f3 l<\/span><span data-contrast=\"auto\">a poes\u00eda por supervivencia misma para alcanzar lo permanente<\/span><span data-contrast=\"auto\">.\u00a0<\/span><span data-ccp-props=\"{&quot;201341983&quot;:0,&quot;335551550&quot;:6,&quot;335551620&quot;:6,&quot;335559739&quot;:160,&quot;335559740&quot;:259}\">\u00a0<\/span><\/p>\n<p><span data-contrast=\"auto\">Gracias a sus intervenciones hoy\u00a0<\/span><span data-contrast=\"auto\">podemos<\/span><span data-contrast=\"auto\">\u00a0haber m\u00e1s y m\u00e1s mujeres catedr\u00e1ticas, escritoras, fil\u00f3sofas, soci\u00f3logas<\/span><span data-contrast=\"auto\">\u00a0<\/span><span data-contrast=\"auto\">y nuestra voz es escuchada.\u00a0<\/span><\/p>\n<p><em><b>\u201cLibre asum\u00ed la responsabilidad de manejarme sola, libre pod\u00eda dedicarme de modo profesional a la literatura, como compromiso para el resto de mi vida\u201d.<\/b>\u00a0<\/em><\/p>\n<p><span data-contrast=\"auto\">La agudeza, la<\/span><span data-contrast=\"auto\">\u00a0<\/span><span data-contrast=\"auto\">inteligencia, el gui\u00f1o que hace al futuro Rosario<\/span><span data-contrast=\"auto\">\u00a0Castellanos<\/span><span data-contrast=\"auto\">, nuestra predecesora<\/span><span data-contrast=\"auto\">,\u00a0<\/span><span data-contrast=\"auto\">nos dice que no estamos solas, nos da la literatura como acto de<\/span><span data-contrast=\"auto\">\u00a0<\/span><span data-contrast=\"auto\">legitimaci\u00f3n, palabras e ideas movi\u00e9ndose sin cesar en nuestras entra\u00f1as, como mariposas. S\u00f3lo\u00a0<\/span><span data-contrast=\"auto\">por este medio\u00a0<\/span><span data-contrast=\"auto\">se puede modificar lo que se entiende.<\/span><span data-ccp-props=\"{&quot;201341983&quot;:0,&quot;335551550&quot;:6,&quot;335551620&quot;:6,&quot;335559739&quot;:160,&quot;335559740&quot;:259}\">\u00a0<\/span><\/p>\n<p><span data-ccp-props=\"{&quot;201341983&quot;:0,&quot;335551550&quot;:6,&quot;335551620&quot;:6,&quot;335559739&quot;:160,&quot;335559740&quot;:259}\">\u00a0<\/span><em><b>\u201c<\/b><b>Dej\u00e9 de creer en la otra vida<\/b>\u00a0<\/em><\/p>\n<p><em><b>Y empec\u00e9 a creer en esta<\/b>\u00a0<\/em><\/p>\n<p><em><b>La muerte es la prueba de que hemos vivido\u201d.<\/b>\u00a0<\/em><\/p>\n<p><span data-contrast=\"auto\">Rosario est\u00e1 m\u00e1s vigente que nunca, Rosario\u00a0<\/span><span data-contrast=\"auto\">sigue\u00a0<\/span><span data-contrast=\"auto\">viva,\u00a0<\/span><span data-contrast=\"auto\">muy\u00a0<\/span><span data-contrast=\"auto\">viva.<\/span><span data-ccp-props=\"{&quot;201341983&quot;:0,&quot;335551550&quot;:6,&quot;335551620&quot;:6,&quot;335559739&quot;:160,&quot;335559740&quot;:259}\">\u00a0<\/span><span data-ccp-props=\"{&quot;201341983&quot;:0,&quot;335551550&quot;:6,&quot;335551620&quot;:6,&quot;335559739&quot;:160,&quot;335559740&quot;:259}\">\u00a0<\/span><\/p>\n","protected":false},"excerpt":{"rendered":"<p>Rosario Castellanos, la Simone de Beauvoir Mexicana\u00a0 Por\u00a0Natt\u00a0F\u00e9lix\u00a0 Yo nac\u00ed en un mundo donde todav\u00eda era un orgullo ser educada para ser la esposa de un gobernador, donde el saber corte\u00a0y confecci\u00f3n o taquimecanograf\u00eda era necesario en una escuela secundaria. Un mundo donde no se me permiti\u00f3 unirme a la estudiantina de la escuela por [&hellip;]<\/p>\n","protected":false},"author":249,"featured_media":13373,"comment_status":"open","ping_status":"closed","sticky":false,"template":"","format":"standard","meta":{"footnotes":""},"categories":[26],"tags":[],"class_list":["post-13372","post","type-post","status-publish","format-standard","has-post-thumbnail","hentry","category-mundo"],"_links":{"self":[{"href":"https:\/\/eloficiodehistoriar.com.mx\/index.php?rest_route=\/wp\/v2\/posts\/13372","targetHints":{"allow":["GET"]}}],"collection":[{"href":"https:\/\/eloficiodehistoriar.com.mx\/index.php?rest_route=\/wp\/v2\/posts"}],"about":[{"href":"https:\/\/eloficiodehistoriar.com.mx\/index.php?rest_route=\/wp\/v2\/types\/post"}],"author":[{"embeddable":true,"href":"https:\/\/eloficiodehistoriar.com.mx\/index.php?rest_route=\/wp\/v2\/users\/249"}],"replies":[{"embeddable":true,"href":"https:\/\/eloficiodehistoriar.com.mx\/index.php?rest_route=%2Fwp%2Fv2%2Fcomments&post=13372"}],"version-history":[{"count":2,"href":"https:\/\/eloficiodehistoriar.com.mx\/index.php?rest_route=\/wp\/v2\/posts\/13372\/revisions"}],"predecessor-version":[{"id":13375,"href":"https:\/\/eloficiodehistoriar.com.mx\/index.php?rest_route=\/wp\/v2\/posts\/13372\/revisions\/13375"}],"wp:featuredmedia":[{"embeddable":true,"href":"https:\/\/eloficiodehistoriar.com.mx\/index.php?rest_route=\/wp\/v2\/media\/13373"}],"wp:attachment":[{"href":"https:\/\/eloficiodehistoriar.com.mx\/index.php?rest_route=%2Fwp%2Fv2%2Fmedia&parent=13372"}],"wp:term":[{"taxonomy":"category","embeddable":true,"href":"https:\/\/eloficiodehistoriar.com.mx\/index.php?rest_route=%2Fwp%2Fv2%2Fcategories&post=13372"},{"taxonomy":"post_tag","embeddable":true,"href":"https:\/\/eloficiodehistoriar.com.mx\/index.php?rest_route=%2Fwp%2Fv2%2Ftags&post=13372"}],"curies":[{"name":"wp","href":"https:\/\/api.w.org\/{rel}","templated":true}]}}