{"id":134,"date":"2008-05-26T21:26:25","date_gmt":"2008-05-27T02:26:25","guid":{"rendered":"https:\/\/eloficiodehistoriar.com.mx\/?p=134"},"modified":"2008-05-26T21:26:25","modified_gmt":"2008-05-27T02:26:25","slug":"hospital-de-los-hipolitos-en-queretaro","status":"publish","type":"post","link":"https:\/\/eloficiodehistoriar.com.mx\/?p=134","title":{"rendered":"Hospital de Los Hip\u00f3litos en Quer\u00e9taro"},"content":{"rendered":"<p><span style=\"font-family: Arial\"><strong><font size=\"6\">Hospital Real de San Jos\u00e9 de Gracia<o:p><\/o:p><\/font><\/strong><\/span><strong><font size=\"6\"><span style=\"font-family: Arial\"><o:p><\/o:p><\/span><\/font><\/strong><\/p>\n<table hspace=\"0\" vspace=\"0\" align=\"left\" cellPadding=\"0\" cellSpacing=\"0\">\n<tr>\n<td align=\"left\" vAlign=\"top\" style=\"background-color: transparent; border: #f0f0f0; padding: 0cm\">\n<p style=\"margin: 0cm 0cm 0pt; vertical-align: baseline; line-height: 41pt; text-align: justify\" class=\"MsoNormal\"><span style=\"font-size: 51pt; font-family: Arial\"><\/span><\/p>\n<p style=\"margin: 0cm 0cm 0pt; vertical-align: baseline; line-height: 41pt; text-align: justify\" class=\"MsoNormal\"><span style=\"font-size: 51pt; font-family: Arial\"><\/span><\/p>\n<p><span style=\"font-size: 51pt; font-family: Arial\"><strong>L<o:p><\/o:p><\/strong><\/span><\/td>\n<\/tr>\n<\/table>\n<p style=\"margin: 0cm 0cm 0pt; text-align: justify\" class=\"MsoNormal\"><span style=\"font-family: Arial\"><\/span><\/p>\n<p style=\"margin: 0cm 0cm 0pt; text-align: justify\" class=\"MsoNormal\"><span style=\"font-family: Arial\"><\/span><\/p>\n<p style=\"margin: 0cm 0cm 0pt; text-align: justify\" class=\"MsoNormal\"><span style=\"font-family: Arial\"><\/span><\/p>\n<p><span style=\"font-family: Arial\">a descripci\u00f3n de Quer\u00e9taro de 1582, nos se\u00f1ala que en ese siglo XVl hab\u00eda en Quer\u00e9taro un hospital para beneficio de los naturales y espa\u00f1oles pobres, fundado por Con\u00edn a instancias de los franciscanos residentes en el incipiente convento-doctrina.<o:p><\/o:p><\/span><span style=\"font-size: 5pt; font-family: Arial\"><o:p>\u00a0<\/o:p><\/span><\/p>\n<p style=\"margin: 0cm 0cm 0pt; text-align: justify\" class=\"MsoNormal\"><span style=\"font-family: Arial\"><\/span><\/p>\n<p style=\"margin: 0cm 0cm 0pt; text-align: justify\" class=\"MsoNormal\"><span style=\"font-family: Arial\"><\/span><\/p>\n<p><span style=\"font-family: Arial\">Este hospital contaba, entre sus propiedades, con una estancia de 900 ovejas, donadas por el propio Con\u00edn y con una vi\u00f1a, entregada por otras personas, para el sostenimiento de los enfermos pobres. El hijo de Con\u00edn Diego de Tapia, junto con otros caciques de Quer\u00e9taro, fund\u00f3 un nuevo hospital en lo que ahora es la esquina de la calle Real y la de Locutorios, Madero y Allende, en nuestros d\u00edas, en un solar que era de su propiedad,<o:p><\/o:p><\/span><span style=\"font-size: 5pt; font-family: Arial\"><o:p>\u00a0<\/o:p><\/span><\/p>\n<p style=\"margin: 0cm 0cm 0pt; text-align: justify\" class=\"MsoNormal\"><span style=\"font-family: Arial\"><\/span><\/p>\n<p style=\"margin: 0cm 0cm 0pt; text-align: justify\" class=\"MsoNormal\"><span style=\"font-family: Arial\"><\/span><\/p>\n<p><span style=\"font-family: Arial\">Este hospital se abri\u00f3 en 1586 y su edificio era suficiente en ese entonces para las necesidades y se puso en servicio una vez que se tuvo los bienes necesarias para su sostenimiento. Por c\u00e9dula real del 22 de mayo de 1622 el rey de Espa\u00f1a acepta el patronato de este hospital y dispone se empleen los diezmo de Quer\u00e9taro, en noveno y medio, suficientes para su sostenimiento.<o:p><\/o:p><\/span><span style=\"font-size: 5pt; font-family: Arial\"><o:p>\u00a0<\/o:p><\/span><\/p>\n<p style=\"margin: 0cm 0cm 0pt; text-align: justify\" class=\"MsoNormal\"><span style=\"font-family: Arial\"><\/span><\/p>\n<p style=\"margin: 0cm 0cm 0pt; text-align: justify\" class=\"MsoNormal\"><span style=\"font-family: Arial\"><\/span><\/p>\n<p><span style=\"font-family: Arial\">El hospital se dedic\u00f3 al la devoci\u00f3n de San Jos\u00e9 y al aceptar el rey su patronazgo, se le titul\u00f3 Hospital Real de San Jos\u00e9 de Gracia. Estuvo administrado al principio por los propios naturales de Quer\u00e9taro, debiendo rendir cuentas al Arzobispo de M\u00e9xico. La atenci\u00f3n espiritual estaba a cargo del cura de Quer\u00e9taro, entonces parte del convento y templo de San Francisco.<o:p><\/o:p><\/span><span style=\"font-size: 5pt; font-family: Arial\"><o:p>\u00a0<\/o:p><\/span><\/p>\n<p style=\"margin: 0cm 0cm 0pt; text-align: justify\" class=\"MsoNormal\"><span style=\"font-family: Arial\"><\/span><\/p>\n<p style=\"margin: 0cm 0cm 0pt; text-align: justify\" class=\"MsoNormal\"><span style=\"font-family: Arial\"><\/span><\/p>\n<p><span style=\"font-family: Arial\">Los naturales consideraban este hospital, desde su fundaci\u00f3n hecha por Con\u00edn, como obra suya y junto con ellos los franciscanos, se opusieron a que fuera entregado este servicio a los Hermanos Hip\u00f3litos. Fue en 1624 cuando es entregado para su administraci\u00f3n y servicio,<span>\u00a0 <\/span>con grandes dificultades, por la oposici\u00f3n que hab\u00eda para ello, por el Alcalde Mayor de Quer\u00e9taro y al Provincial de los Hip\u00f3litos, Fray Juan Ross\u00f3n a quien hizo tomar posesi\u00f3n del ya arruinado hospital.<o:p><\/o:p><\/span><span style=\"font-size: 5pt; font-family: Arial\"><o:p>\u00a0<\/o:p><\/span><\/p>\n<p style=\"margin: 0cm 0cm 0pt; text-align: justify\" class=\"MsoNormal\"><span style=\"font-family: Arial\"><\/span><\/p>\n<p style=\"margin: 0cm 0cm 0pt; text-align: justify\" class=\"MsoNormal\"><span style=\"font-family: Arial\"><\/span><\/p>\n<p><span style=\"font-family: Arial\">Los Hip\u00f3litos rehabilitaron el edificio y pidieron al rey les concediera en administraci\u00f3n,<span>\u00a0 <\/span>los bienes que ten\u00eda el hospital y<span>\u00a0 <\/span>poder pedir \u201climosnas\u201d para su reconstrucci\u00f3n y mantenimiento.<o:p><\/o:p><\/span><span style=\"font-size: 5pt; font-family: Arial\"><o:p>\u00a0<\/o:p><\/span><\/p>\n<p style=\"margin: 0cm 0cm 0pt; text-align: justify\" class=\"MsoNormal\"><span style=\"font-family: Arial\"><\/span><\/p>\n<p style=\"margin: 0cm 0cm 0pt; text-align: justify\" class=\"MsoNormal\"><span style=\"font-family: Arial\"><\/span><\/p>\n<p><span style=\"font-family: Arial\">Al reconstruirse el edificio nuevamente, esta vez por los Hip\u00f3litos, se construy\u00f3 una sala para indios, otra para indias, una m\u00e1s, para hombres espa\u00f1oles, un gran refectorio, amplios corredores, habitaciones para los hermanos y lugar para oficinas.<o:p><\/o:p><\/span><span style=\"font-size: 5pt; font-family: Arial\"><o:p>\u00a0<\/o:p><\/span><\/p>\n<p style=\"margin: 0cm 0cm 0pt; text-align: justify\" class=\"MsoNormal\"><span style=\"font-family: Arial\"><\/span><\/p>\n<p style=\"margin: 0cm 0cm 0pt; text-align: justify\" class=\"MsoNormal\"><span style=\"font-family: Arial\"><\/span><\/p>\n<p><span style=\"font-family: Arial\">La iglesia se construy\u00f3 nueva, con un bello retablo principal dedicado a <st1:personname ProductID=\"la Inmaculada Concepci?n\" w:st=\"on\">la Inmaculada Concepci\u00f3n<\/st1:personname> y cinco m\u00e1s colaterales dedicados a <st1:personname ProductID=\"la Virgen\" w:st=\"on\">la Virgen<\/st1:personname> de Guadalupe, a <st1:personname ProductID=\"la Virgen\" w:st=\"on\">la Virgen<\/st1:personname> de <st1:personname ProductID=\"la Soledad\" w:st=\"on\">la Soledad<\/st1:personname>, a Santa Catalina,<span>\u00a0 <\/span>a Nuestra Se\u00f1ora del Pueblito y contaba con una imagen de un Ecce Hommo, muy venerada en la ciudad.<o:p><\/o:p><\/span><span style=\"font-size: 5pt; font-family: Arial\"><o:p>\u00a0<\/o:p><\/span><\/p>\n<p style=\"margin: 0cm 0cm 0pt; text-align: justify\" class=\"MsoNormal\"><span style=\"font-family: Arial\"><\/span><\/p>\n<p style=\"margin: 0cm 0cm 0pt; text-align: justify\" class=\"MsoNormal\"><span style=\"font-family: Arial\"><\/span><\/p>\n<p><span style=\"font-family: Arial\">En 1652 Quer\u00e9taro contaba con un gran Hospital y una bien dotada botica, debido a la generosidad del pueblo de Quer\u00e9taro y el Hospital cambia de nombre por el de Hospital Real de <st1:personname ProductID=\"la Inmaculada Concepci?n\" w:st=\"on\">la Inmaculada Concepci\u00f3n<\/st1:personname>, que ahora ocupa la oficina de Tel\u00e9grafos Nacionales y el templo de San Jos\u00e9 de Gracia, en el mismo lugar que lo iniciara el hijo de Con\u00edn, Diego de Tapia.<o:p><\/o:p><\/span><span style=\"font-size: 5pt; font-family: Arial\"><o:p>\u00a0<\/o:p><\/span><\/p>\n<p style=\"margin: 0cm 0cm 0pt; text-align: justify\" class=\"MsoNormal\"><span style=\"font-family: Arial\"><\/span><\/p>\n<p style=\"margin: 0cm 0cm 0pt; text-align: justify\" class=\"MsoNormal\"><span style=\"font-family: Arial\"><\/span><\/p>\n<p><span style=\"font-family: Arial\">Hacia 1690<span>\u00a0 <\/span>los bienes del hospital ascend\u00edan a $2,385.00 pesos anuales y los servicios hospitalarios fueron inmejorables para su \u00e9poca. Segu\u00eda dirigido por un Hip\u00f3lito, llamado Hermano Mayor y por m\u00e9dicos-quir\u00fargicos, tambi\u00e9n de la orden de los Hip\u00f3litos.<o:p><\/o:p><\/span><span style=\"font-size: 5pt; font-family: Arial\"><o:p>\u00a0<\/o:p><\/span><\/p>\n<p style=\"margin: 0cm 0cm 0pt; text-align: justify\" class=\"MsoNormal\"><span style=\"font-family: Arial\"><\/span><\/p>\n<p style=\"margin: 0cm 0cm 0pt; text-align: justify\" class=\"MsoNormal\"><span style=\"font-family: Arial\"><\/span><\/p>\n<p><span style=\"font-family: Arial\">Se han encontrado manuscritos de medicina, pero el libro de medicina escrito por los Hip\u00f3litos de Quer\u00e9taro, basado principalmente en los conocimientos de medicina de los naturales de Quer\u00e9taro y de la pr\u00e1ctica m\u00e9dica, del que hay referencia en la cr\u00f3nica de este hospital, se ha perdido.<o:p><\/o:p><\/span><span style=\"font-size: 5pt; font-family: Arial\"><o:p>\u00a0<\/o:p><\/span><\/p>\n<p style=\"margin: 0cm 0cm 0pt; text-align: justify\" class=\"MsoNormal\"><span style=\"font-family: Arial\"><\/span><\/p>\n<p style=\"margin: 0cm 0cm 0pt; text-align: justify\" class=\"MsoNormal\"><span style=\"font-family: Arial\"><\/span><\/p>\n<p><span style=\"font-family: Arial\">El Hospital fue mejorado en su edificio quedando de dos plantas y un patio principal con arquer\u00eda en las dos plantas y una fuente al centro, como lo conocemos ahora.<o:p><\/o:p><\/span><span style=\"font-size: 5pt; font-family: Arial\"><o:p>\u00a0<\/o:p><\/span><\/p>\n<p style=\"margin: 0cm 0cm 0pt; text-align: justify\" class=\"MsoNormal\"><span style=\"font-family: Arial\"><\/span><\/p>\n<p style=\"margin: 0cm 0cm 0pt; text-align: justify\" class=\"MsoNormal\"><span style=\"font-family: Arial\"><\/span><\/p>\n<p><span style=\"font-family: Arial\">En 1726 se concluy\u00f3 la iglesia, debido al celo de Fray Miguel de Valdivieso y Plaza, la enfermer\u00eda y convento se terminaron<span>\u00a0 <\/span>en 1766, estando separados los servicios para los naturales y para los espa\u00f1oles.<o:p><\/o:p><\/span><span style=\"font-size: 5pt; font-family: Arial\"><o:p>\u00a0<\/o:p><\/span><\/p>\n<p style=\"margin: 0cm 0cm 0pt; text-align: justify\" class=\"MsoNormal\"><span style=\"font-family: Arial\"><\/span><\/p>\n<p style=\"margin: 0cm 0cm 0pt; text-align: justify\" class=\"MsoNormal\"><span style=\"font-family: Arial\"><\/span><\/p>\n<p><span style=\"font-family: Arial\">Para fines del siglo XVll los Hip\u00f3litos fueron acusados a <st1:personname ProductID=\"la Santa Inquisici?n\" w:st=\"on\">la Santa Inquisici\u00f3n<\/st1:personname> por malversaci\u00f3n de fondos y fueron suplidos durante el juicio por los sacerdotes de <st1:personname ProductID=\"la Congregaci?n\" w:st=\"on\">la Congregaci\u00f3n<\/st1:personname> de Cl\u00e9rigos de Nuestra Se\u00f1ora de Guadalupe, quienes lo administraron en cuanto al dinero y doctrina, dejando el servicio de los enfermos a los Hermanos Juaninos.<o:p><\/o:p><\/span><span style=\"font-size: 5pt; font-family: Arial\"><o:p>\u00a0<\/o:p><\/span><\/p>\n<p style=\"margin: 0cm 0cm 0pt; text-align: justify\" class=\"MsoNormal\"><span style=\"font-family: Arial\"><\/span><\/p>\n<p style=\"margin: 0cm 0cm 0pt; text-align: justify\" class=\"MsoNormal\"><span style=\"font-family: Arial\"><\/span><\/p>\n<p><span style=\"font-family: Arial\">Los Hip\u00f3litos ganaron el juicio y al cabo de dos a\u00f1os, en 1693, les fue devuelto el hospital.<o:p><\/o:p><\/span><span style=\"font-size: 5pt; font-family: Arial\"><o:p>\u00a0<\/o:p><\/span><\/p>\n<p style=\"margin: 0cm 0cm 0pt; text-align: justify\" class=\"MsoNormal\"><span style=\"font-family: Arial\"><\/span><\/p>\n<p style=\"margin: 0cm 0cm 0pt; text-align: justify\" class=\"MsoNormal\"><span style=\"font-family: Arial\"><\/span><\/p>\n<p><span style=\"font-family: Arial\">Para 1808, despu\u00e9s de dos siglos de uso, su capacidad era insuficiente para el crecimiento de la poblaci\u00f3n y su ubicaci\u00f3n se volv\u00eda nociva debido a que hab\u00eda quedado en el centro de la ciudad.<o:p><\/o:p><\/span><span style=\"font-size: 5pt; font-family: Arial\"><o:p>\u00a0<\/o:p><\/span><\/p>\n<p style=\"margin: 0cm 0cm 0pt; text-align: justify\" class=\"MsoNormal\"><span style=\"font-family: Arial\"><\/span><\/p>\n<p style=\"margin: 0cm 0cm 0pt; text-align: justify\" class=\"MsoNormal\"><span style=\"font-family: Arial\"><\/span><\/p>\n<p><span style=\"font-family: Arial\">Los Hip\u00f3litos y las autoridades planearon un hospital nuevo, fuera de la ciudad, con todos los adelantos de la \u00e9poca y calculado su costo en m\u00e1s de 116 mil pesos, pero no se pudo realizar por su alto costo. <o:p><\/o:p><\/span><span style=\"font-size: 5pt; font-family: Arial\"><o:p>\u00a0<\/o:p><\/span><\/p>\n<p style=\"margin: 0cm 0cm 0pt; text-align: justify\" class=\"MsoNormal\"><span style=\"font-family: Arial\"><\/span><\/p>\n<p style=\"margin: 0cm 0cm 0pt; text-align: justify\" class=\"MsoNormal\"><span style=\"font-family: Arial\"><\/span><\/p>\n<p><span style=\"font-family: Arial\">Para 1820 dictaron la supresi\u00f3n de los Hip\u00f3litos, y el hospital qued\u00f3 abandonado, en 1821, en el M\u00e9xico independiente, sigui\u00f3 operando con m\u00e9dicos civiles y para 1863 fue trasladado al Beaterio de Santa Rosa de Viterbo, donde hab\u00edan sido exclaustradas, por las leyes de reforma, las religiosas y en 1962 el gobierno construy\u00f3 el llamado Hospital Civil, con 150 camas.<o:p><\/o:p><\/span><span style=\"font-size: 5pt; font-family: Arial\"><o:p>\u00a0<\/o:p><\/span><\/p>\n<p style=\"margin: 0cm 0cm 0pt; text-align: justify\" class=\"MsoNormal\"><span style=\"font-family: Arial\"><\/span><\/p>\n<p style=\"margin: 0cm 0cm 0pt; text-align: justify\" class=\"MsoNormal\"><span style=\"font-family: Arial\"><\/span><\/p>\n<p><span style=\"font-family: Arial\">En los a\u00f1os de <st1:metricconverter ProductID=\"1878 a\" w:st=\"on\">1878 a<\/st1:metricconverter> 1882<span>\u00a0\u00a0\u00a0 <\/span>el Padre Francisco Figueroa rescat\u00f3 el templo y el convento, del cual hizo una casa para ejercicios y el templo fue reedificado.<o:p><\/o:p><\/span><\/p>\n","protected":false},"excerpt":{"rendered":"<p>Hospital Real de San Jos\u00e9 de Gracia L a descripci\u00f3n de Quer\u00e9taro de 1582, nos se\u00f1ala que en ese siglo XVl hab\u00eda en Quer\u00e9taro un hospital para beneficio de los naturales y espa\u00f1oles pobres, fundado por Con\u00edn a instancias de los franciscanos residentes en el incipiente convento-doctrina.\u00a0 Este hospital contaba, entre sus propiedades, con una [&hellip;]<\/p>\n","protected":false},"author":249,"featured_media":0,"comment_status":"open","ping_status":"closed","sticky":false,"template":"","format":"standard","meta":{"footnotes":""},"categories":[8],"tags":[],"class_list":["post-134","post","type-post","status-publish","format-standard","hentry","category-ciudad-de-queretaro"],"_links":{"self":[{"href":"https:\/\/eloficiodehistoriar.com.mx\/index.php?rest_route=\/wp\/v2\/posts\/134","targetHints":{"allow":["GET"]}}],"collection":[{"href":"https:\/\/eloficiodehistoriar.com.mx\/index.php?rest_route=\/wp\/v2\/posts"}],"about":[{"href":"https:\/\/eloficiodehistoriar.com.mx\/index.php?rest_route=\/wp\/v2\/types\/post"}],"author":[{"embeddable":true,"href":"https:\/\/eloficiodehistoriar.com.mx\/index.php?rest_route=\/wp\/v2\/users\/249"}],"replies":[{"embeddable":true,"href":"https:\/\/eloficiodehistoriar.com.mx\/index.php?rest_route=%2Fwp%2Fv2%2Fcomments&post=134"}],"version-history":[{"count":0,"href":"https:\/\/eloficiodehistoriar.com.mx\/index.php?rest_route=\/wp\/v2\/posts\/134\/revisions"}],"wp:attachment":[{"href":"https:\/\/eloficiodehistoriar.com.mx\/index.php?rest_route=%2Fwp%2Fv2%2Fmedia&parent=134"}],"wp:term":[{"taxonomy":"category","embeddable":true,"href":"https:\/\/eloficiodehistoriar.com.mx\/index.php?rest_route=%2Fwp%2Fv2%2Fcategories&post=134"},{"taxonomy":"post_tag","embeddable":true,"href":"https:\/\/eloficiodehistoriar.com.mx\/index.php?rest_route=%2Fwp%2Fv2%2Ftags&post=134"}],"curies":[{"name":"wp","href":"https:\/\/api.w.org\/{rel}","templated":true}]}}