{"id":13499,"date":"2019-08-16T20:30:01","date_gmt":"2019-08-17T02:30:01","guid":{"rendered":"https:\/\/eloficiodehistoriar.com.mx\/?p=13499"},"modified":"2019-08-16T20:30:01","modified_gmt":"2019-08-17T02:30:01","slug":"muere-el-legendario-mantequilla-napoles","status":"publish","type":"post","link":"https:\/\/eloficiodehistoriar.com.mx\/?p=13499","title":{"rendered":"Muere el legendario Mantequilla N\u00e1poles"},"content":{"rendered":"<p>El boxeador Jos\u00e9 \u00c1ngel Mantequilla N\u00e1poles, el campe\u00f3n cubano naturalizado mexicano, falleci\u00f3 este viernes, inform\u00f3 Mauricio Sulaim\u00e1n, presidente del Consejo Mundial de Boxeo. Ten\u00eda 79 a\u00f1os.<\/p>\n<p>\u00abMantequilla N\u00e1poles es ya campe\u00f3n para la eternidad. Se nos fue el gran campe\u00f3n pero lo hizo de manera digna y con el amor de sus hijos quienes cuidaron de \u00e9l\u00bb, escribi\u00f3 Sulaim\u00e1n en su cuenta de Twitter.<\/p>\n<p>Mauricio Sulaiman<br \/>\n?<br \/>\n@wbcmoro<br \/>\nMantequilla NAPOLES es ya Campe\u00f3n para la eternidad. Se nos fue el gran campe\u00f3n pero lo hizo de manera digna y con el amor de sus hijos quienes cuidaron de \u00e9l. Descanse en Paz mi gran \u00eddolo, compadre de mi pap\u00e1 , mexicano de coraz\u00f3n aunque cubano de nacimiento ! Adi\u00f3s Mi Campe\u00f3n<\/p>\n<p>660<br \/>\n16:15 &#8211; 16 ago. 2019<br \/>\nInformaci\u00f3n y privacidad de Twitter Ads<br \/>\n316 personas est\u00e1n hablando de esto<br \/>\nEl legendario boxeador nacido el 13 de abril de 1940 en Santiago de Cuba el 13, se avecind\u00f3 en M\u00e9xico en la d\u00e9cada de 1960.<\/p>\n<p>El 18 de abril de 1969 venci\u00f3 al estadounidense Curtis Cokes para alzarse con el campeonato del mundo en peso welter. Realiz\u00f3 15 defensas de t\u00edtulo mundial.<\/p>\n<p>Se retir\u00f3 en diciembre de 1975 luego de perder con el tambi\u00e9n estadounidense John Stracey.<\/p>\n<p>El r\u00e9cord de N\u00e1poles como profesional fue de 81-7 e ingres\u00f3 al Sal\u00f3n de la Fama en 1984.<\/p>\n<p>Con informaci\u00f3n de AP.<\/p>\n","protected":false},"excerpt":{"rendered":"<p>El boxeador Jos\u00e9 \u00c1ngel Mantequilla N\u00e1poles, el campe\u00f3n cubano naturalizado mexicano, falleci\u00f3 este viernes, inform\u00f3 Mauricio Sulaim\u00e1n, presidente del Consejo Mundial de Boxeo. Ten\u00eda 79 a\u00f1os. \u00abMantequilla N\u00e1poles es ya campe\u00f3n para la eternidad. Se nos fue el gran campe\u00f3n pero lo hizo de manera digna y con el amor de sus hijos quienes cuidaron [&hellip;]<\/p>\n","protected":false},"author":249,"featured_media":13501,"comment_status":"open","ping_status":"closed","sticky":false,"template":"","format":"standard","meta":{"footnotes":""},"categories":[26],"tags":[],"class_list":["post-13499","post","type-post","status-publish","format-standard","has-post-thumbnail","hentry","category-mundo"],"_links":{"self":[{"href":"https:\/\/eloficiodehistoriar.com.mx\/index.php?rest_route=\/wp\/v2\/posts\/13499","targetHints":{"allow":["GET"]}}],"collection":[{"href":"https:\/\/eloficiodehistoriar.com.mx\/index.php?rest_route=\/wp\/v2\/posts"}],"about":[{"href":"https:\/\/eloficiodehistoriar.com.mx\/index.php?rest_route=\/wp\/v2\/types\/post"}],"author":[{"embeddable":true,"href":"https:\/\/eloficiodehistoriar.com.mx\/index.php?rest_route=\/wp\/v2\/users\/249"}],"replies":[{"embeddable":true,"href":"https:\/\/eloficiodehistoriar.com.mx\/index.php?rest_route=%2Fwp%2Fv2%2Fcomments&post=13499"}],"version-history":[{"count":1,"href":"https:\/\/eloficiodehistoriar.com.mx\/index.php?rest_route=\/wp\/v2\/posts\/13499\/revisions"}],"predecessor-version":[{"id":13502,"href":"https:\/\/eloficiodehistoriar.com.mx\/index.php?rest_route=\/wp\/v2\/posts\/13499\/revisions\/13502"}],"wp:featuredmedia":[{"embeddable":true,"href":"https:\/\/eloficiodehistoriar.com.mx\/index.php?rest_route=\/wp\/v2\/media\/13501"}],"wp:attachment":[{"href":"https:\/\/eloficiodehistoriar.com.mx\/index.php?rest_route=%2Fwp%2Fv2%2Fmedia&parent=13499"}],"wp:term":[{"taxonomy":"category","embeddable":true,"href":"https:\/\/eloficiodehistoriar.com.mx\/index.php?rest_route=%2Fwp%2Fv2%2Fcategories&post=13499"},{"taxonomy":"post_tag","embeddable":true,"href":"https:\/\/eloficiodehistoriar.com.mx\/index.php?rest_route=%2Fwp%2Fv2%2Ftags&post=13499"}],"curies":[{"name":"wp","href":"https:\/\/api.w.org\/{rel}","templated":true}]}}