{"id":135,"date":"2008-05-26T21:54:18","date_gmt":"2008-05-27T02:54:18","guid":{"rendered":"https:\/\/eloficiodehistoriar.com.mx\/?p=135"},"modified":"2008-05-26T22:00:15","modified_gmt":"2008-05-27T03:00:15","slug":"oaxaca-bosque-de-guaje","status":"publish","type":"post","link":"https:\/\/eloficiodehistoriar.com.mx\/?p=135","title":{"rendered":"Oaxaca: Bosque de Guaje (Parte 1)"},"content":{"rendered":"<p class=\"MsoNormal\" style=\"margin-left: 35.4pt; text-align: center\" align=\"center\"><strong><span style=\"font-family: Arial; color: black\">Rodeada de sus siete regiones: El Valle, <st1:personname productid=\"La Costa\" w:st=\"on\">La  Costa<\/st1:personname>,<\/span><\/strong><strong><span style=\"font-size: 14pt; font-family: Arial\"> <\/span><\/strong><strong><span style=\"font-family: Arial; color: black\"><span> <\/span><st1:personname productid=\"la Mixteca\" w:st=\"on\">La  Mixteca<\/st1:personname>, El Istmo, <st1:personname productid=\"La Ca?ada\" w:st=\"on\">La Ca\u00f1ada<\/st1:personname>, <st1:personname productid=\"La Sierra\" w:st=\"on\">La Sierra<\/st1:personname> y Pinotepa.<\/span><\/strong><\/p>\n<p class=\"MsoNormal\" style=\"margin-left: 35.4pt; text-align: center\" align=\"center\">&nbsp;<\/p>\n<p class=\"MsoNormal\" style=\"margin-left: 35.4pt; text-align: center\" align=\"center\">&nbsp;<\/p>\n<p class=\"MsoNormal\" style=\"text-align: justify\"><strong><span style=\"font-family: Arial; color: black\">Tierra del chocolate, el mole negro y el mezcal<\/span><\/strong><\/p>\n<p class=\"MsoNormal\" style=\"text-align: justify\">&nbsp;<\/p>\n<p class=\"MsoNormal\" style=\"text-align: justify\"><strong><span style=\"font-family: Arial; color: black\">Su entorno: Monte Alb\u00e1n, Mitla, Tlacolula, Zahachila y Etla.<\/span><\/strong><\/p>\n<p class=\"MsoNormal\" style=\"text-align: justify\">&nbsp;<\/p>\n<p class=\"MsoNormal\" style=\"text-align: justify\"><strong><span style=\"font-family: Arial; color: black\">El paisaje: Los Cerros del Fort\u00edn y San Felipe del Agua<\/span><\/strong><\/p>\n<p class=\"MsoNormal\" style=\"text-align: justify\">&nbsp;<\/p>\n<p class=\"MsoNormal\" style=\"text-align: justify\"><strong><span style=\"font-family: Arial; color: black\">Los Inicios de Oaxaca<\/span><\/strong><\/p>\n<p class=\"MsoNormal\" style=\"text-align: justify\">&nbsp;<\/p>\n<p class=\"MsoNormal\" style=\"text-align: justify\">&nbsp;<\/p>\n<p class=\"MsoNormal\" style=\"text-align: justify\"><span style=\"font-family: Arial; color: black\">La culta civilizaci\u00f3n del Valle de Oaxaca, esos sus pobladores, le llamaron Huaxyacac y dicen que fue fundada en 1486 por los aztecas de Ahuitzotl, Tlatoani de M\u00e9xico;<o:p><\/o:p><\/span><\/p>\n<p class=\"MsoNormal\" style=\"text-align: justify\">&nbsp;<\/p>\n<p class=\"MsoNormal\" style=\"text-align: justify\">&nbsp;<\/p>\n<p class=\"MsoNormal\" style=\"text-align: justify\"><span style=\"font-family: Arial; color: black\">Quien la mand\u00f3 levantar en las m\u00e1rgenes del r\u00edo Atoyac, para vigilar la conducta de Cosijoeza, tlatoani de Zaachila, los cuales talaron una parte del bosque de guaje que exist\u00eda en este lugar y levantaron sus viviendas. <o:p><\/o:p><\/span><\/p>\n<p class=\"MsoNormal\" style=\"text-align: justify\">&nbsp;<\/p>\n<p class=\"MsoNormal\" style=\"text-align: justify\">&nbsp;<\/p>\n<p class=\"MsoNormal\" style=\"text-align: justify\"><span style=\"font-family: Arial; color: black\">En 1520 el reinicio de los enfrentamientos entre zapotecos y mixtecos por el territorio y el poder, termin\u00f3 esta contienda con la llegada de los espa\u00f1oles, quien la denominar\u00edan Guajaca, por encontrarla pr\u00f3xima a un bosque de guajes. <o:p><\/o:p><\/span><\/p>\n<p class=\"MsoNormal\" style=\"text-align: justify\">&nbsp;<\/p>\n<p class=\"MsoNormal\" style=\"text-align: justify\">&nbsp;<\/p>\n<p class=\"MsoNormal\" style=\"text-align: justify\"><span style=\"font-family: Arial; color: black\">Francisco de Orozco lleg\u00f3 a Oaxaca en diciembre de 1521, despu\u00e9s de la ca\u00edda de Tenochtitlan, fue enviado por Hern\u00e1n Cort\u00e9s, quien orden\u00f3 se le pusiera por nombre<span>  <\/span>Segura de <st1:personname productid=\"la Frontera\" w:st=\"on\">la Frontera<\/st1:personname>, ya que Moctezuma le hab\u00eda dicho que el oro proven\u00eda de esta regi\u00f3n.<o:p><\/o:p><\/span><\/p>\n<p class=\"MsoNormal\" style=\"text-align: justify\">&nbsp;<\/p>\n<p class=\"MsoNormal\" style=\"text-align: justify\">&nbsp;<\/p>\n<p class=\"MsoNormal\" style=\"text-align: justify\"><span style=\"font-family: Arial; color: black\">Entre los acompa\u00f1antes de Francisco Orozco ven\u00eda el cl\u00e9rigo Juan D\u00edaz, quien oficia la primera misa bajo un gran \u00e1rbol que estaba en la rivera del r\u00edo Atoyac y donde actualmente se encuentra el Templo de San Juan de Dios. <o:p><\/o:p><\/span><\/p>\n<p class=\"MsoNormal\" style=\"text-align: justify\">&nbsp;<\/p>\n<p class=\"MsoNormal\" style=\"text-align: justify\">&nbsp;<\/p>\n<p class=\"MsoNormal\" style=\"text-align: justify\"><span style=\"font-family: Arial; color: black\">Este lugar denominado originalmente Tepeaca, por los primeros espa\u00f1oles que residieron en esta poblaci\u00f3n, recibe en 1526, la autorizaci\u00f3n formal para ser denominada Villa.<o:p><\/o:p><\/span><\/p>\n<p class=\"MsoNormal\" style=\"text-align: justify\">&nbsp;<\/p>\n<p class=\"MsoNormal\" style=\"text-align: justify\">&nbsp;<\/p>\n<p class=\"MsoNormal\" style=\"text-align: justify\"><span style=\"font-family: Arial; color: black\">Luego fue reconocida en 1528, como <st1:personname productid=\"la Villa\" w:st=\"on\">la  Villa<\/st1:personname> de <st1:personname productid=\"la Nueva Antequera\" w:st=\"on\">la Nueva Antequera<\/st1:personname>, debido a que el Oidor Real, el etnocida Nu\u00f1o de Guzm\u00e1n, era de Antequera, Espa\u00f1a. <o:p><\/o:p><\/span><\/p>\n<p class=\"MsoNormal\" style=\"text-align: justify\">&nbsp;<\/p>\n<p class=\"MsoNormal\" style=\"text-align: justify\">&nbsp;<\/p>\n<p class=\"MsoNormal\" style=\"text-align: justify\"><span style=\"font-family: Arial; color: black\">En 1532 recibi\u00f3 el t\u00edtulo de \u00abmuy noble y leal ciudad\u00bb, llam\u00e1ndose \u00abAntequera\u00bb, por decreto del rey Carlos V de Espa\u00f1a, por medio de la c\u00e9dula real firmada el 25 de Abril, en Medina del Campo, Espa\u00f1a. <o:p><\/o:p><\/span><\/p>\n<p class=\"MsoNormal\" style=\"text-align: justify\">&nbsp;<\/p>\n<p class=\"MsoNormal\" style=\"text-align: justify\">&nbsp;<\/p>\n<p class=\"MsoNormal\" style=\"text-align: justify\"><span style=\"font-family: Arial; color: black\">Este nombre fue sustituido en 1821 por el de \u00abOaxaca\u00bb, palabra derivada de la lengua n\u00e1huatl Huaxy\u00e1cac que significa \u00bb Bosque de huajes\u00bb. <o:p><\/o:p><\/span><\/p>\n<p class=\"MsoNormal\" style=\"text-align: justify\">&nbsp;<\/p>\n<p class=\"MsoNormal\" style=\"text-align: justify\">&nbsp;<\/p>\n<p class=\"MsoNormal\" style=\"text-align: justify\"><span style=\"font-family: Arial; color: black\">En <st1:metricconverter productid=\"1872, a\" w:st=\"on\">1872, a<\/st1:metricconverter> la muerte del \u00abBenem\u00e9rito de las Am\u00e9ricas\u00bb Benito Ju\u00e1rez, recibi\u00f3 el nombre que actualmente ostenta \u00abOaxaca de Ju\u00e1rez\u00bb. <o:p><\/o:p><\/span><\/p>\n<p class=\"MsoNormal\" style=\"text-align: justify\">&nbsp;<\/p>\n<p class=\"MsoNormal\" style=\"text-align: justify\">&nbsp;<\/p>\n<p class=\"MsoNormal\" style=\"text-align: justify\"><span style=\"font-family: Arial; color: black\">El descubrimiento al mundo de la ciudad de Oaxaca, se dio a partir del hallazgo de Monte Alb\u00e1n, uno de los m\u00e1s importantes tesoros arqueol\u00f3gicos de M\u00e9xico. <o:p><\/o:p><\/span><\/p>\n<p class=\"MsoNormal\" style=\"text-align: justify\">&nbsp;<\/p>\n<p class=\"MsoNormal\" style=\"text-align: justify\">&nbsp;<\/p>\n<p class=\"MsoNormal\" style=\"text-align: justify\"><span style=\"font-family: Arial; color: black\">Hoy en d\u00eda el que viene al estado de Oaxaca, tiene una obligada visita a su capital, una ciudad llena de colorido, originalidad y de genuina civilizaci\u00f3n mesoamericana. <o:p><\/o:p><\/span><\/p>\n<p class=\"MsoNormal\" style=\"text-align: justify\">&nbsp;<\/p>\n<p class=\"MsoNormal\" style=\"text-align: justify\">&nbsp;<\/p>\n<p class=\"MsoNormal\" style=\"text-align: justify\"><span style=\"font-family: Arial; color: black\">Oaxaca<span>  <\/span>es de esos lugares que se quedan en la mente y en el coraz\u00f3n de quien la visita.<o:p><\/o:p><\/span><\/p>\n<p class=\"MsoNormal\" style=\"text-align: justify\">&nbsp;<\/p>\n<p class=\"MsoNormal\" style=\"text-align: justify\">&nbsp;<\/p>\n<p class=\"MsoNormal\" style=\"text-align: justify\"><span style=\"font-family: Arial; color: black\">El recuerdo de haber caminado por sus calles, plazas y mercados, acompa\u00f1ados de una cadenciosa m\u00fasica de marimba, nos deja esa sensaci\u00f3n de querer volver pronto.<o:p><\/o:p><\/span><\/p>\n<p class=\"MsoNormal\" style=\"text-align: justify\">&nbsp;<\/p>\n<p class=\"MsoNormal\" style=\"text-align: justify\">&nbsp;<\/p>\n<p class=\"MsoNormal\" style=\"text-align: justify\"><span style=\"font-family: Arial\">La conquista militar y espiritual espa\u00f1ola trajo consigo grandes cambios en el modo de vida de sus habitantes originales, lo cual se vio reflejado, entre otros campos, en su arquitectura.<\/span><\/p>\n<p class=\"MsoNormal\" style=\"text-align: justify\">&nbsp;<\/p>\n<p class=\"MsoNormal\" style=\"text-align: justify\"><span style=\"font-family: Arial\"> Las \u00f3rdenes mendicantes, encargadas de la evangelizaci\u00f3n de <st1:personname productid=\"la Nueva Espa?a\" w:st=\"on\">la Nueva Espa\u00f1a<\/st1:personname>, fueron las responsables de la arquitectura religiosa; de ah\u00ed la intensa actividad para construir gran cantidad de templos y conventos, cada uno de ellos magn\u00edfico ejemplo de<span>  <\/span>arquitectura.<\/span><\/p>\n<p class=\"MsoNormal\" style=\"text-align: justify\">&nbsp;<\/p>\n<p class=\"MsoNormal\" style=\"text-align: justify\"><span style=\"font-family: Arial\"> La riqueza monumental de la antigua Antequera es incalculable a pesar de los derrumbes y da\u00f1os causados por los terremotos, que poco dejaron de la arquitectura del siglo XVI.<o:p><\/o:p><\/span><\/p>\n<p class=\"MsoNormal\" style=\"text-align: justify\"><span style=\"font-family: Arial\"><o:p> <\/o:p><\/span><\/p>\n<p class=\"MsoNormal\" style=\"text-align: justify\"><span style=\"font-family: Arial\">Y aunque la mayor\u00eda de los edificios tanto civiles como religiosos ha tenido que reconstruirse hasta dos o tres veces en el transcurso del tiempo, es precisamente esta naturaleza s\u00edsmica del terreno lo que ha definido la arquitectura del lugar, que es ancha y baja, robusta, con muros de gran espesor.<br \/>\n<\/span><\/p>\n<p class=\"MsoNormal\" style=\"text-align: justify\"><span style=\"font-family: Arial\"><br \/>\nEn cada ciudad del estado de Oaxaca, en cada uno de sus pueblos, encontramos bell\u00edsimos monumentos que guardan en su interior un buen n\u00famero de obras de arte de gran calidad.<br \/>\n<\/span><\/p>\n<p class=\"MsoNormal\" style=\"text-align: justify\"><span style=\"font-family: Arial\"><br \/>\nComenzando por <st1:personname productid=\"la Mixteca\" w:st=\"on\">la Mixteca<\/st1:personname> podemos admirar tres importantes monumentos: el templo y<span>  <\/span>convento de San Pedro y San Pablo <strong>Teposcolula, con una capilla abierta<\/strong>, \u00fanica en su tipo.<o:p><\/o:p><\/span><\/p>\n<p class=\"MsoNormal\" style=\"text-align: justify\">&nbsp;<\/p>\n<p class=\"MsoNormal\" style=\"text-align: justify\"><span style=\"font-family: Arial\">El templo y convento de San Juan Bautista <strong>Coixtlahuaca<\/strong>, cuyo templo presenta una fachada de ascendencia renacentista y una capilla abierta con relieves, obra ind\u00edgena que muestra elementos de la iconograf\u00eda prehisp\u00e1nica.<o:p><\/o:p><\/span><\/p>\n<p class=\"MsoNormal\" style=\"text-align: justify\">&nbsp;<\/p>\n<p class=\"MsoNormal\" style=\"text-align: justify\"><span style=\"font-family: Arial\"><o:p> <\/o:p><\/span><\/p>\n<p class=\"MsoNormal\" style=\"text-align: justify\"><span style=\"font-family: Arial\">El templo y convento de Santo Domingo <strong>Yanhuitl\u00e1n,<\/strong> que en su interior conserva excelentes retablos barrocos y un \u00f3rgano monumental, recientemente restaurado.<br \/>\n<\/span><\/p>\n<p class=\"MsoNormal\" style=\"text-align: justify\"><span style=\"font-family: Arial\"><br \/>\nEn <st1:personname productid=\"la Sierra Norte\" w:st=\"on\">la Sierra Norte<\/st1:personname> encontramos otros monumentos dignos de visitarse, como el templo de <strong>Santo Tom\u00e1s,<\/strong> con su bell\u00edsima fachada y sus retablos barrocos, y adem\u00e1s <strong>Calpulalpan<\/strong> de M\u00e9ndez.<br \/>\n<\/span><\/p>\n<p class=\"MsoNormal\" style=\"text-align: justify\"><span style=\"font-family: Arial\"><br \/>\nEn los Valles Centrales tenemos los templos de San Andr\u00e9s <strong>Huayapan,<\/strong> <strong>Tlalixtac<\/strong> de Cabrera <strong>y San Jer\u00f3nimo Tlacochahuaya<\/strong>.<o:p><\/o:p><\/span><\/p>\n<p class=\"MsoNormal\" style=\"text-align: justify\">&nbsp;<\/p>\n<p class=\"MsoNormal\" style=\"text-align: justify\"><span style=\"font-family: Arial\"><o:p> <\/o:p><\/span><\/p>\n<p class=\"MsoNormal\" style=\"text-align: justify\"><span style=\"font-family: Arial\">En el templo de Tlacolula<span>  <\/span>se localiza <strong>la capilla del Se\u00f1or de Esquipulas,<\/strong> decorada magn\u00edficamente con motivos barrocos.<br \/>\n<\/span><\/p>\n<p class=\"MsoNormal\" style=\"text-align: justify\"><span style=\"font-family: Arial\"><br \/>\nComo ejemplo de arquitectura de fines del siglo XVI y principios del XVII tenemos al <strong>conjunto de Santo Domingo de Guzm\u00e1n<\/strong>, en cuyo templo se pueden observar magn\u00edficas decoraciones de yeser\u00edas doradas; en el ex convento se encuentra alojado el Museo de las Culturas.<o:p><\/o:p><\/span><\/p>\n<p class=\"MsoNormal\" style=\"text-align: justify\">&nbsp;<\/p>\n<p class=\"MsoNormal\" style=\"text-align: justify\">&nbsp;<\/p>\n<p class=\"MsoNormal\" style=\"text-align: justify\"><span style=\"font-family: Arial\">Otros templos ubicados dentro del per\u00edmetro del Centro de la ciudad son: <st1:personname productid=\"la Catedral\" w:st=\"on\">la Catedral<\/st1:personname>,<span>  <\/span>frente a <st1:personname productid=\"la Alameda\" w:st=\"on\">la Alameda<\/st1:personname>, cuya construcci\u00f3n data de 1535; <st1:personname productid=\"la Bas?lica\" w:st=\"on\">la Bas\u00edlica<\/st1:personname> de Nuestra Se\u00f1ora de <st1:personname productid=\"La Soledad\" w:st=\"on\">la  Soledad<\/st1:personname>, con su fachada barroca; San Agust\u00edn; San Juan de Dios, primera catedral provisional; <st1:personname productid=\"La Defensa\" w:st=\"on\">La Defensa<\/st1:personname>; Nuestra Se\u00f1ora de <st1:personname productid=\"la Merced\" w:st=\"on\">la Merced<\/st1:personname>; <st1:personname productid=\"La Compa??a\" w:st=\"on\">La Compa\u00f1\u00eda<\/st1:personname> de Jes\u00fas, y el<span>  <\/span>Convento de Santa Catalina de Siena, hoy convertido en hotel.<br \/>\n<\/span><\/p>\n<p class=\"MsoNormal\" style=\"text-align: justify\">&nbsp;<\/p>\n<p class=\"MsoNormal\" style=\"text-align: justify\"><span style=\"font-family: Arial\"> Es importante mencionar que la grandeza de la arquitectura oaxaque\u00f1a reside en el c\u00famulo total de obras, las cuales se refieren no solamente a las creaciones monumentales, sino tambi\u00e9n a construcciones modestas que han adquirido con el tiempo un importante significado cultural, a trav\u00e9s de los rasgos que est\u00e1n presentes en la arquitectura local.<o:p><\/o:p><\/span><\/p>\n<p class=\"MsoNormal\" style=\"text-align: justify\">&nbsp;<\/p>\n<p class=\"MsoNormal\" style=\"text-align: justify\">&nbsp;<\/p>\n<p class=\"MsoNormal\" style=\"text-align: justify\"><span style=\"font-family: Arial; color: black\"> <st1:personname><\/st1:personname><\/span><\/p>\n","protected":false},"excerpt":{"rendered":"<p>Rodeada de sus siete regiones: El Valle, La Costa, La Mixteca, El Istmo, La Ca\u00f1ada, La Sierra y Pinotepa. &nbsp; &nbsp; Tierra del chocolate, el mole negro y el mezcal &nbsp; Su entorno: Monte Alb\u00e1n, Mitla, Tlacolula, Zahachila y Etla. &nbsp; El paisaje: Los Cerros del Fort\u00edn y San Felipe del Agua &nbsp; Los Inicios [&hellip;]<\/p>\n","protected":false},"author":249,"featured_media":0,"comment_status":"open","ping_status":"closed","sticky":false,"template":"","format":"standard","meta":{"footnotes":""},"categories":[9],"tags":[],"class_list":["post-135","post","type-post","status-publish","format-standard","hentry","category-otros-lugares"],"_links":{"self":[{"href":"https:\/\/eloficiodehistoriar.com.mx\/index.php?rest_route=\/wp\/v2\/posts\/135","targetHints":{"allow":["GET"]}}],"collection":[{"href":"https:\/\/eloficiodehistoriar.com.mx\/index.php?rest_route=\/wp\/v2\/posts"}],"about":[{"href":"https:\/\/eloficiodehistoriar.com.mx\/index.php?rest_route=\/wp\/v2\/types\/post"}],"author":[{"embeddable":true,"href":"https:\/\/eloficiodehistoriar.com.mx\/index.php?rest_route=\/wp\/v2\/users\/249"}],"replies":[{"embeddable":true,"href":"https:\/\/eloficiodehistoriar.com.mx\/index.php?rest_route=%2Fwp%2Fv2%2Fcomments&post=135"}],"version-history":[{"count":0,"href":"https:\/\/eloficiodehistoriar.com.mx\/index.php?rest_route=\/wp\/v2\/posts\/135\/revisions"}],"wp:attachment":[{"href":"https:\/\/eloficiodehistoriar.com.mx\/index.php?rest_route=%2Fwp%2Fv2%2Fmedia&parent=135"}],"wp:term":[{"taxonomy":"category","embeddable":true,"href":"https:\/\/eloficiodehistoriar.com.mx\/index.php?rest_route=%2Fwp%2Fv2%2Fcategories&post=135"},{"taxonomy":"post_tag","embeddable":true,"href":"https:\/\/eloficiodehistoriar.com.mx\/index.php?rest_route=%2Fwp%2Fv2%2Ftags&post=135"}],"curies":[{"name":"wp","href":"https:\/\/api.w.org\/{rel}","templated":true}]}}