{"id":13505,"date":"2019-08-19T10:29:31","date_gmt":"2019-08-19T16:29:31","guid":{"rendered":"https:\/\/eloficiodehistoriar.com.mx\/?p=13505"},"modified":"2019-08-19T10:29:31","modified_gmt":"2019-08-19T16:29:31","slug":"a-50-anos-del-festival-de-woodstock","status":"publish","type":"post","link":"https:\/\/eloficiodehistoriar.com.mx\/?p=13505","title":{"rendered":"A 50 a\u00f1os del festival de Woodstock"},"content":{"rendered":"<p>50 aniversario de la primera edici\u00f3n del festival de Woodstock<br \/>\n15 fotos<br \/>\nContra todo pron\u00f3stico, Jimi Hendrix, The Who, Janis Joplin, Jefferson Airplane y Carlos Santana crearon una atm\u00f3sfera irrepetible junto a los asistentes, extasiados por el esp\u00edritu del &#8216;verano del amor &#8216;<br \/>\nEL PA\u00cdS<\/p>\n<p>Woodstock fue el primer macrofestival de nuestra memoria, un s\u00edmbolo de la contracultura y un legado para quienes aman la m\u00fasica por encima de todas las cosas. 450.000 j\u00f3venes norteamericanos acudieron a tres d\u00edas consecutivos de rock en una granja de 240 hect\u00e1reas en una localidad del Estado de Nueva York.<\/p>\n<p>La improvisaci\u00f3n reinaba en casi todo, de hecho, Woodstock no se celebr\u00f3 en Woodstock, sino en otro pueblo ubicado a unos kil\u00f3metros, en el condado de Sullivan. Tras el festival, la granja en Bethel fue declarada zona catastr\u00f3fica por el gobernador de Nueva York y el New York Times lanzaba un editorial cr\u00edtico cuestionando qu\u00e9 tipo de cultura era capaz de producir \u00abun desastre tan colosal\u00bb.<\/p>\n","protected":false},"excerpt":{"rendered":"<p>50 aniversario de la primera edici\u00f3n del festival de Woodstock 15 fotos Contra todo pron\u00f3stico, Jimi Hendrix, The Who, Janis Joplin, Jefferson Airplane y Carlos Santana crearon una atm\u00f3sfera irrepetible junto a los asistentes, extasiados por el esp\u00edritu del &#8216;verano del amor &#8216; EL PA\u00cdS Woodstock fue el primer macrofestival de nuestra memoria, un s\u00edmbolo [&hellip;]<\/p>\n","protected":false},"author":249,"featured_media":13506,"comment_status":"open","ping_status":"closed","sticky":false,"template":"","format":"standard","meta":{"footnotes":""},"categories":[26],"tags":[],"class_list":["post-13505","post","type-post","status-publish","format-standard","has-post-thumbnail","hentry","category-mundo"],"_links":{"self":[{"href":"https:\/\/eloficiodehistoriar.com.mx\/index.php?rest_route=\/wp\/v2\/posts\/13505","targetHints":{"allow":["GET"]}}],"collection":[{"href":"https:\/\/eloficiodehistoriar.com.mx\/index.php?rest_route=\/wp\/v2\/posts"}],"about":[{"href":"https:\/\/eloficiodehistoriar.com.mx\/index.php?rest_route=\/wp\/v2\/types\/post"}],"author":[{"embeddable":true,"href":"https:\/\/eloficiodehistoriar.com.mx\/index.php?rest_route=\/wp\/v2\/users\/249"}],"replies":[{"embeddable":true,"href":"https:\/\/eloficiodehistoriar.com.mx\/index.php?rest_route=%2Fwp%2Fv2%2Fcomments&post=13505"}],"version-history":[{"count":1,"href":"https:\/\/eloficiodehistoriar.com.mx\/index.php?rest_route=\/wp\/v2\/posts\/13505\/revisions"}],"predecessor-version":[{"id":13507,"href":"https:\/\/eloficiodehistoriar.com.mx\/index.php?rest_route=\/wp\/v2\/posts\/13505\/revisions\/13507"}],"wp:featuredmedia":[{"embeddable":true,"href":"https:\/\/eloficiodehistoriar.com.mx\/index.php?rest_route=\/wp\/v2\/media\/13506"}],"wp:attachment":[{"href":"https:\/\/eloficiodehistoriar.com.mx\/index.php?rest_route=%2Fwp%2Fv2%2Fmedia&parent=13505"}],"wp:term":[{"taxonomy":"category","embeddable":true,"href":"https:\/\/eloficiodehistoriar.com.mx\/index.php?rest_route=%2Fwp%2Fv2%2Fcategories&post=13505"},{"taxonomy":"post_tag","embeddable":true,"href":"https:\/\/eloficiodehistoriar.com.mx\/index.php?rest_route=%2Fwp%2Fv2%2Ftags&post=13505"}],"curies":[{"name":"wp","href":"https:\/\/api.w.org\/{rel}","templated":true}]}}