{"id":13514,"date":"2019-08-21T13:06:13","date_gmt":"2019-08-21T19:06:13","guid":{"rendered":"https:\/\/eloficiodehistoriar.com.mx\/?p=13514"},"modified":"2019-08-21T13:06:13","modified_gmt":"2019-08-21T19:06:13","slug":"alfonso-reyes-el-escritor-mexicano","status":"publish","type":"post","link":"https:\/\/eloficiodehistoriar.com.mx\/?p=13514","title":{"rendered":"Alfonso Reyes, el escritor mexicano"},"content":{"rendered":"<p>LA \u201cCARTILLA MORAL\u201d DE ALFONSO REYES<br \/>\nINSTRUCTIVO PARA LEER AL GIGANTE DE LAS LETRAS MEXICANAS (AUNQUE POCO LE\u00cdDO)<br \/>\nRosa Luisa Guerra Vargas<\/p>\n<p>La Cartilla moral ha tenido diversas reimpresiones desde 1944, a\u00f1o en que Alfonso Reyes la redact\u00f3 por \u00f3rdenes de Jaime Torres Bodet, secretario de Educaci\u00f3n P\u00fablica del gobierno de Manuel \u00c1vila Camacho.<\/p>\n<p>Si hici\u00e9ramos un desfile de mexicanos destacados, Alfonso Reyes tendr\u00eda uno de los carros aleg\u00f3ricos m\u00e1s impresionantes; pero el p\u00fablico no tendr\u00eda mucha idea de por qu\u00e9.<\/p>\n<p>Hace pocos meses, su nombre resurgi\u00f3 por la pol\u00e9mica reimpresi\u00f3n de la Cartilla moral que escribi\u00f3 en 1944, a petici\u00f3n de Jaime Torres Bodet, secretario de Educaci\u00f3n P\u00fablica. Quiz\u00e1 a ra\u00edz de ello, alg\u00fan curioso busc\u00f3 informaci\u00f3n y le sali\u00f3 la letan\u00eda de etiquetas que se le pueden adherir: ensayista, poeta, traductor, cr\u00edtico literario, divulgador, diplom\u00e1tico, fundador de instituciones\u2026 Tal vez, el curioso hall\u00f3, con sorpresa, que la Cartilla moral es una obra menor; unas cuantas p\u00e1ginas del tomo XX de los veintis\u00e9is vol\u00famenes de sus Obras completas. Es posible que de la curiosidad haya pasado al asombro si se encontr\u00f3 con los temas que abord\u00f3: cultura y literatura griegas, letras novohispanas, filosof\u00eda, teor\u00eda literaria, cocina, ensayos sobre autores mexicanos, ingleses, espa\u00f1oles\u2026 y aqu\u00ed cabe el m\u00e1s largo etc\u00e9tera que quepa imaginar.<\/p>\n<p>Sea con motivo de resurrecciones morales o por las efem\u00e9rides del a\u00f1o, conocer la vida y visitar la obra de Alfonso Reyes Ochoa siempre resulta oportuno.<\/p>\n<p>Los inicios<\/p>\n<p>Naci\u00f3 el 17 de mayo de 1889 en Monterrey. Su padre, Bernardo Reyes, era en ese momento gobernador de Nuevo Le\u00f3n. Su madre fue Aurelia Ochoa y se dedicaba al cuidado de su extensa familia.<\/p>\n<p>Como era de esperarse debido a su cuna privilegiada, tuvo acceso a los libros y a la escuela desde edades muy tempranas; \u00e9l mismo se recuerda sentado encima de la edici\u00f3n de El Quijote ilustrada por Gustave Dor\u00e9, la cual le atra\u00eda irremediablemente.<\/p>\n<p>Estudi\u00f3 en varios colegios de Monterrey y de Ciudad de M\u00e9xico, adonde se traslad\u00f3 cuando su padre fue nombrado ministro de Guerra del gobierno de Porfirio D\u00edaz. A los once a\u00f1os ingres\u00f3 al Lyc\u00e9e Fran\u00e7ais du Mexique. Fue alumno de la famosa Escuela Nacional Preparatoria, uno de los orgullos del Porfiriato.<\/p>\n<p>Despu\u00e9s, entr\u00f3 a la Escuela Nacional de Jurisprudencia que, en los siguientes a\u00f1os, como otras escuelas que durante d\u00e9cadas hab\u00edan trabajado como entidades independientes, se integr\u00f3 a lo que hoy es la UNAM. Cabe destacar que Reyes fue secretario de una de ellas, la Escuela Nacional de Altos Estudios, que se convertir\u00eda en la Facultad de Filosof\u00eda y Letras de la Universidad.<\/p>\n<p>La influencia del Ateneo<\/p>\n<p>Fue de los m\u00e1s j\u00f3venes fundadores del Ateneo de la Juventud. El antecedente de esta asociaci\u00f3n hab\u00eda sido la revista Savia Moderna de 1906, la cual dura poco tiempo pero da lugar a la Sociedad de Conferencias que permitir\u00e1 la fundaci\u00f3n del Ateneo.<\/p>\n<p>El Porfiriato no admit\u00eda que estaba en su ocaso cuando un grupo de estudiantes y algunos muy j\u00f3venes profesionistas descubrieron un inter\u00e9s com\u00fan: dejar atr\u00e1s el fr\u00edo positivismo bajo el que se hab\u00edan formado y retomar los valores cl\u00e1sicos, en especial los griegos y los del Siglo de Oro espa\u00f1ol, as\u00ed como las novedades filos\u00f3ficas del momento, como el franc\u00e9s Henri Bergson.<\/p>\n<p>Hoy puede parecer poco audaz, pero los valores porfirianos de \u201cOrden y progreso\u201d, a los que el positivismo le iba tan bien, hab\u00edan dejado atr\u00e1s a las disciplinas cuya \u201cutilidad\u201d no fuera tangible. La elevaci\u00f3n del esp\u00edritu ten\u00eda un estrecho lugar en esos tiempos.<\/p>\n<p>La turbulencia pol\u00edtica, que pronto estall\u00f3 en la violencia revolucionaria, interrumpi\u00f3 el funcionamiento del Ateneo.<\/p>\n<p>Tr\u00e1gicos eventos<\/p>\n<p>En febrero de 1913 tuvo lugar un acontecimiento que cambiar\u00e1 el rumbo del pa\u00eds: la Decena Tr\u00e1gica que acab\u00f3 con el gobierno y la vida de Francisco Madero. Este hecho marc\u00f3 a Reyes de manera muy personal.<\/p>\n<p>Meses atr\u00e1s, su padre se hab\u00eda sublevado infructuosamente contra Madero y estaba en la c\u00e1rcel. De hecho, gracias a un indulto del presidente se le hab\u00eda conmutado la pena de muerte. La primera acci\u00f3n de los levantados en 1913 fue liberar a los presos para fortalecer sus filas, entre ellos a Bernardo Reyes, que para su mala fortuna cay\u00f3 en la primera r\u00e1faga defensiva disparada desde Palacio Nacional.<\/p>\n<p>Esa muerte result\u00f3 un evento extremadamente doloroso para su hijo; adem\u00e1s, supuso una situaci\u00f3n delicada para toda la familia. El joven se apresur\u00f3 a presentar su tesis para titularse de abogado e irse del pa\u00eds con su esposa Manuela Mota y su peque\u00f1o hijo, nacido en noviembre de 1912.<\/p>\n<p>Una larga carrera diplom\u00e1tica<\/p>\n<p>En Par\u00eds ejerci\u00f3 un puesto diplom\u00e1tico menor. Le pesaba aceptar el cargo bajo el gobierno de Victoriano Huerta, aparte de que ya se hab\u00eda negado a ser secretario particular de este; sin embargo, era su \u00fanica opci\u00f3n para alejarse.<\/p>\n<p>La estancia en la capital francesa fue alterada por el inicio de la Primera Guerra Mundial. As\u00ed que en octubre de 1914 cruz\u00f3 a Espa\u00f1a junto con su familia y una empleada bretona que se neg\u00f3 a abandonarlos. Uno de sus hermanos mayores estaba instalado en San Sebasti\u00e1n. Su esposa e hijo se quedaron moment\u00e1neamente all\u00ed mientras \u00e9l se adelant\u00f3 a Madrid en busca de mejores oportunidades.<\/p>\n<p>Gracias a sus publicaciones hechas en M\u00e9xico que eran ya conocidas y a muchos amigos, especialmente Pedro Henr\u00edquez Ure\u00f1a, encontr\u00f3 trabajo en el Centro de Estudios Hist\u00f3ricos de Madrid, entonces bajo la batuta de Ram\u00f3n Men\u00e9ndez Pidal y con gente de la talla de Am\u00e9rico Castro y Tom\u00e1s Navarro Tom\u00e1s. Combin\u00f3 ese empleo con una febril actividad period\u00edstica y literaria. Al paso de los a\u00f1os, resultar\u00e1 su periodo m\u00e1s fecundo.<\/p>\n<p>En 1920 se integr\u00f3 de nuevo al Servicio Exterior; ocup\u00f3 varios cargos hasta 1924, cuando regres\u00f3 brevemente a M\u00e9xico. Se supone que despu\u00e9s ocupar\u00eda un puesto en Argentina, pero casi de \u00faltimo momento fue enviado otra vez a Espa\u00f1a, donde realiz\u00f3 una breve misi\u00f3n que lo llev\u00f3 a entrevistarse con el rey Alfonso XIII. Posteriormente, se instal\u00f3 en Par\u00eds y cumpli\u00f3 una gran variedad de encargos en todo el continente europeo.<\/p>\n<p>En 1927 regres\u00f3 otra vez a M\u00e9xico para, ahora s\u00ed, salir con destino a Argentina como embajador plenipotenciario. En este cargo permaneci\u00f3 hasta 1930, cuando se traslad\u00f3 a Brasil con un nombramiento similar. Estuvo en esta naci\u00f3n hasta 1939, aunque durante ese tiempo tambi\u00e9n cumpli\u00f3 diversas misiones diplom\u00e1ticas en varios pa\u00edses de la zona, adem\u00e1s de llevar la representaci\u00f3n de M\u00e9xico a eventos internacionales convocados por diferentes organismos.<\/p>\n<p>Un hombre de instituciones<\/p>\n<p>En febrero de 1939 regres\u00f3 de manera permanente a M\u00e9xico. Antes de llegar, ya hab\u00eda previsto contar con un espacio para instalar tanto a su familia como a los otros miembros distinguidos de ella: sus libros. Como es f\u00e1cil adivinar, el lugar, tras su muerte y con el tiempo, se convertir\u00eda en la Capilla Alfonsina, ubicada en la colonia Condesa de Ciudad de M\u00e9xico.<\/p>\n<p>En marzo de ese mismo a\u00f1o, Reyes fue nombrado director de la entonces llamada Casa de Espa\u00f1a, instituci\u00f3n que buscaba dar cobijo a muchos de los intelectuales de ese pa\u00eds que hab\u00edan salido de su patria a ra\u00edz de la Guerra Civil. Posteriormente, se le cambi\u00f3 el nombre por otro m\u00e1s apropiado: El Colegio de M\u00e9xico.<\/p>\n<p>Bajo su batuta no solo se realiz\u00f3 el cambio de denominaci\u00f3n, sino que, en mancuerna con Daniel Cos\u00edo Villegas, se sentaron las bases para que fuera una instituci\u00f3n dedicada a la investigaci\u00f3n y la docencia, en ese orden, adem\u00e1s de que se garantiz\u00f3 su autonom\u00eda. Reyes la presidi\u00f3 hasta su muerte.<\/p>\n<p>Asimismo, en 1943 le toc\u00f3 ser de los fundadores de El Colegio Nacional. Esta instituci\u00f3n promovida por el presidente L\u00e1zaro C\u00e1rdenas buscaba, como hoy, aglutinar a destacadas figuras de los \u00e1mbitos de la ciencia, literatura, filosof\u00eda y arte, con el fin de mostrar lo mejor de M\u00e9xico y fortalecer la identidad del pa\u00eds. Tambi\u00e9n pertenecieron al grupo fundador Diego Rivera, Jos\u00e9 Vasconcelos, Alfonso Caso, Mariano Azuela, Jos\u00e9 Clemente Orozco e Ignacio Ch\u00e1vez, entre otros.<\/p>\n<p>Aunque ya era miembro desde 1918, fue presidente de la Academia Mexicana de la Lengua a partir de 1957. Adem\u00e1s, fue miembro y promotor del Pen Club Internacional, entre otras muchas actividades que desarroll\u00f3 a lo largo de su vida.<\/p>\n<p>En 1944 tuvo un primer infarto, del que se recuper\u00f3 favorablemente; sin embargo, tuvo dos eventos m\u00e1s en 1947 y otro m\u00e1s grave en 1951. De este fue atendido por el doctor Ignacio Ch\u00e1vez, su compa\u00f1ero de El Colegio Nacional, en el reci\u00e9n estrenado Instituto Nacional de Cardiolog\u00eda. Aunque no volvi\u00f3 a tener otro infarto, su coraz\u00f3n no se recuper\u00f3 del todo y esto fue la causa de su muerte, acaecida el 27 de diciembre de 1959.<\/p>\n<p>La obra literaria<\/p>\n<p>La primera publicaci\u00f3n formal de Reyes fueron tres sonetos en el peri\u00f3dico El Espectador de Monterrey en 1905. Se toma esa fecha como el inicio de su vida literaria. En 1955, es decir, a los cincuenta a\u00f1os de esas primeras letras, se empez\u00f3 la edici\u00f3n de sus Obras completas, que llegar\u00edan a conformar veintis\u00e9is tomos; el \u00faltimo se public\u00f3 en 1993.<\/p>\n<p>Reyes escribi\u00f3 poemas, f\u00e1bulas, narraciones, art\u00edculos period\u00edsticos, e hizo traducciones, pero lo que domina es su obra ensay\u00edstica, que es tan vasta y variada que hay quienes, como Jos\u00e9 Luis Mart\u00ednez, la clasifican incluso por tipos de ensayo: g\u00e9nero de creaci\u00f3n literaria, poem\u00e1tico, de fantas\u00eda, doctrinario, interpretativo, te\u00f3rico, de cr\u00f3nica y expositivo.<\/p>\n<p>Alguien dir\u00eda que lo \u00fanico que no escribi\u00f3 fue su autobiograf\u00eda, pero si bien no lo hizo de manera sistem\u00e1tica, s\u00ed dej\u00f3 su Diario, que ha sido publicado gracias a los esfuerzos continuados de su hijo Alfonso, su nieta Alicia y de quien fuera su amigo y editor, Jos\u00e9 Luis Mart\u00ednez. Asimismo, dej\u00f3 muchos pasajes de memorias, entre los que vale la pena destacar: Pasado inmediato, Historia documental de mis libros, as\u00ed como la rememoraci\u00f3n de la muerte de su padre: Oraci\u00f3n del 9 de febrero.<\/p>\n<p>\u00bfQu\u00e9 leer de Alfonso Reyes?<\/p>\n<p>Jos\u00e9 Emilio Pacheco, otro de nuestros grandes escritores, se\u00f1alaba que a la pregunta de por d\u00f3nde empezar se deb\u00eda responder: \u201cEmpieza por donde quieras, lee lo que te interese, considera las obras de Reyes una enciclopedia o un peri\u00f3dico que nadie te pide que leas de principio a fin\u201d.<\/p>\n<p>Sin af\u00e1n de contradecirlo porque la variedad de temas es tal que seguro habr\u00e1 alguno que interese, pero temiendo que, ante tal nivel de erudici\u00f3n, un lector se sienta intimidado y confundido, me atrevo a hacer algunas propuestas.<\/p>\n<p>La primera es Visi\u00f3n de An\u00e1huac, la cual escribe durante su estancia Espa\u00f1a. Como primer ep\u00edgrafe utiliza la frase de Alexander von Humboldt: \u201cViajero: has llegado a la regi\u00f3n m\u00e1s transparente del aire\u201d, la cual tambi\u00e9n dar\u00e1 origen al t\u00edtulo de la famosa novela de Carlos Fuentes. En esta obra, Reyes hace un recorrido por las impresiones de los que llegan al valle de M\u00e9xico. Lectura corta pero evocadora, nos pone en contacto con el estilo alfonsino, con su dominio del espa\u00f1ol y la capacidad de enlazar con soltura temas y autores, constantes en toda su producci\u00f3n posterior.<\/p>\n<p>La otra es Memorias de cocina y bodega, publicada en 1953 y que trae una compilaci\u00f3n de textos que giran en torno a algo tan cotidiano como la comida. El lector puede viajar al pasado de muchos platillos, conocer la evoluci\u00f3n de los modos de alimentarnos, la evocaci\u00f3n de deliciosos olores de antes y de hoy. Su amor por la buena mesa, cuenta el mismo Reyes, viene de la \u00e9poca en que, habiendo salido de Francia a ra\u00edz de la Primera Guerra Mundial, tuvo graves estrecheces econ\u00f3micas durante sus primeros meses en Madrid. Padeci\u00f3, para su sorpresa, hambre y fr\u00edo.<\/p>\n<p>Finalmente, resulta pr\u00e1ctico acudir a las muchas antolog\u00edas de su obra que se han publicado; en ellas hay una selecci\u00f3n variada y accesible que facilita el acercamiento. Aparte, es previsible que este a\u00f1o se reediten algunas, o se haga alguna nueva, con motivo de los 130 a\u00f1os de su nacimiento y sesenta de su fallecimiento.<\/p>\n<p>Las veredas para llegar a la obra de este gigante son, pues, muchas y todas llevar\u00e1n a variados descubrimientos; ojal\u00e1 que permitan que Alfonso Reyes deje de ser la figura grandiosa y poco conocida para convertirse en una presencia constante y amigable para m\u00e1s lectores.<\/p>\n","protected":false},"excerpt":{"rendered":"<p>LA \u201cCARTILLA MORAL\u201d DE ALFONSO REYES INSTRUCTIVO PARA LEER AL GIGANTE DE LAS LETRAS MEXICANAS (AUNQUE POCO LE\u00cdDO) Rosa Luisa Guerra Vargas La Cartilla moral ha tenido diversas reimpresiones desde 1944, a\u00f1o en que Alfonso Reyes la redact\u00f3 por \u00f3rdenes de Jaime Torres Bodet, secretario de Educaci\u00f3n P\u00fablica del gobierno de Manuel \u00c1vila Camacho. Si [&hellip;]<\/p>\n","protected":false},"author":249,"featured_media":13516,"comment_status":"open","ping_status":"closed","sticky":false,"template":"","format":"standard","meta":{"footnotes":""},"categories":[26],"tags":[],"class_list":["post-13514","post","type-post","status-publish","format-standard","has-post-thumbnail","hentry","category-mundo"],"_links":{"self":[{"href":"https:\/\/eloficiodehistoriar.com.mx\/index.php?rest_route=\/wp\/v2\/posts\/13514","targetHints":{"allow":["GET"]}}],"collection":[{"href":"https:\/\/eloficiodehistoriar.com.mx\/index.php?rest_route=\/wp\/v2\/posts"}],"about":[{"href":"https:\/\/eloficiodehistoriar.com.mx\/index.php?rest_route=\/wp\/v2\/types\/post"}],"author":[{"embeddable":true,"href":"https:\/\/eloficiodehistoriar.com.mx\/index.php?rest_route=\/wp\/v2\/users\/249"}],"replies":[{"embeddable":true,"href":"https:\/\/eloficiodehistoriar.com.mx\/index.php?rest_route=%2Fwp%2Fv2%2Fcomments&post=13514"}],"version-history":[{"count":1,"href":"https:\/\/eloficiodehistoriar.com.mx\/index.php?rest_route=\/wp\/v2\/posts\/13514\/revisions"}],"predecessor-version":[{"id":13517,"href":"https:\/\/eloficiodehistoriar.com.mx\/index.php?rest_route=\/wp\/v2\/posts\/13514\/revisions\/13517"}],"wp:featuredmedia":[{"embeddable":true,"href":"https:\/\/eloficiodehistoriar.com.mx\/index.php?rest_route=\/wp\/v2\/media\/13516"}],"wp:attachment":[{"href":"https:\/\/eloficiodehistoriar.com.mx\/index.php?rest_route=%2Fwp%2Fv2%2Fmedia&parent=13514"}],"wp:term":[{"taxonomy":"category","embeddable":true,"href":"https:\/\/eloficiodehistoriar.com.mx\/index.php?rest_route=%2Fwp%2Fv2%2Fcategories&post=13514"},{"taxonomy":"post_tag","embeddable":true,"href":"https:\/\/eloficiodehistoriar.com.mx\/index.php?rest_route=%2Fwp%2Fv2%2Ftags&post=13514"}],"curies":[{"name":"wp","href":"https:\/\/api.w.org\/{rel}","templated":true}]}}