{"id":13528,"date":"2019-08-23T19:20:39","date_gmt":"2019-08-24T01:20:39","guid":{"rendered":"https:\/\/eloficiodehistoriar.com.mx\/?p=13528"},"modified":"2019-08-23T19:20:39","modified_gmt":"2019-08-24T01:20:39","slug":"jorge-luis-borges-a-110-anos","status":"publish","type":"post","link":"https:\/\/eloficiodehistoriar.com.mx\/?p=13528","title":{"rendered":"Jorge  Luis Borges a 110 a\u00f1os"},"content":{"rendered":"<p>Buenos Aires rinde homenaje a Borges a 110<\/p>\n<p>a\u00f1os de su nacimiento<\/p>\n<p>EFE<\/p>\n<p>Buenos Aires rendir\u00e1 homenaje al escritor argentino Jorge Luis Borges con narraciones de sus textos<br \/>\ny presentaciones de libros vinculadas con el autor de \u00abEl Aleph\u00bb, informaron fuentes oficiales<br \/>\nEl 24 de agosto fue instaurado adem\u00e1s como el D\u00eda del Lector en el pa\u00eds en homenaje a la fecha de<br \/>\nnacimiento de Borges.<\/p>\n<p>Un grupo de actores y otros artistas leer\u00e1n textos de Borges en numerosos bares de Buenos Aires, al<br \/>\nigual que en bibliotecas de la ciudad, donde tambi\u00e9n se recordar\u00e1n los escritos del autor, precis\u00f3 la<br \/>\nDirecci\u00f3n General del Libro y Promoci\u00f3n de la Lectura porte\u00f1a.<\/p>\n<p>El escritor Alfonso del Toro presentar\u00e1 en la capital argentina el libro \u00abBorges infinito. Borges<br \/>\nvirtual. Pensamiento y saber de los siglos XX y XXI\u00bb, que analiza la obra del autor de \u00abFicciones\u00bb<br \/>\ndesde diversas perspectivas te\u00f3ricas.<\/p>\n<p>Las actividades gratuitas para conmemorar el D\u00eda del Lector se extender\u00e1n durante toda la semana con<br \/>\nreconocimientos a Julio Cort\u00e1zar, Eduardo Galeano y Juan Gelman, entre otros autores.<\/p>\n","protected":false},"excerpt":{"rendered":"<p>Buenos Aires rinde homenaje a Borges a 110 a\u00f1os de su nacimiento EFE Buenos Aires rendir\u00e1 homenaje al escritor argentino Jorge Luis Borges con narraciones de sus textos y presentaciones de libros vinculadas con el autor de \u00abEl Aleph\u00bb, informaron fuentes oficiales El 24 de agosto fue instaurado adem\u00e1s como el D\u00eda del Lector en [&hellip;]<\/p>\n","protected":false},"author":249,"featured_media":13529,"comment_status":"open","ping_status":"closed","sticky":false,"template":"","format":"standard","meta":{"footnotes":""},"categories":[26],"tags":[],"class_list":["post-13528","post","type-post","status-publish","format-standard","has-post-thumbnail","hentry","category-mundo"],"_links":{"self":[{"href":"https:\/\/eloficiodehistoriar.com.mx\/index.php?rest_route=\/wp\/v2\/posts\/13528","targetHints":{"allow":["GET"]}}],"collection":[{"href":"https:\/\/eloficiodehistoriar.com.mx\/index.php?rest_route=\/wp\/v2\/posts"}],"about":[{"href":"https:\/\/eloficiodehistoriar.com.mx\/index.php?rest_route=\/wp\/v2\/types\/post"}],"author":[{"embeddable":true,"href":"https:\/\/eloficiodehistoriar.com.mx\/index.php?rest_route=\/wp\/v2\/users\/249"}],"replies":[{"embeddable":true,"href":"https:\/\/eloficiodehistoriar.com.mx\/index.php?rest_route=%2Fwp%2Fv2%2Fcomments&post=13528"}],"version-history":[{"count":1,"href":"https:\/\/eloficiodehistoriar.com.mx\/index.php?rest_route=\/wp\/v2\/posts\/13528\/revisions"}],"predecessor-version":[{"id":13530,"href":"https:\/\/eloficiodehistoriar.com.mx\/index.php?rest_route=\/wp\/v2\/posts\/13528\/revisions\/13530"}],"wp:featuredmedia":[{"embeddable":true,"href":"https:\/\/eloficiodehistoriar.com.mx\/index.php?rest_route=\/wp\/v2\/media\/13529"}],"wp:attachment":[{"href":"https:\/\/eloficiodehistoriar.com.mx\/index.php?rest_route=%2Fwp%2Fv2%2Fmedia&parent=13528"}],"wp:term":[{"taxonomy":"category","embeddable":true,"href":"https:\/\/eloficiodehistoriar.com.mx\/index.php?rest_route=%2Fwp%2Fv2%2Fcategories&post=13528"},{"taxonomy":"post_tag","embeddable":true,"href":"https:\/\/eloficiodehistoriar.com.mx\/index.php?rest_route=%2Fwp%2Fv2%2Ftags&post=13528"}],"curies":[{"name":"wp","href":"https:\/\/api.w.org\/{rel}","templated":true}]}}