{"id":13548,"date":"2019-08-27T11:07:21","date_gmt":"2019-08-27T17:07:21","guid":{"rendered":"https:\/\/eloficiodehistoriar.com.mx\/?p=13548"},"modified":"2019-08-27T11:07:21","modified_gmt":"2019-08-27T17:07:21","slug":"la-economia-de-francisco-y-los-empresarios-jovenes","status":"publish","type":"post","link":"https:\/\/eloficiodehistoriar.com.mx\/?p=13548","title":{"rendered":"La Econom\u00eda de Francisco y los empresarios j\u00f3venes"},"content":{"rendered":"<p>&nbsp;<\/p>\n<p>\u201cLa Econom\u00eda de Francisco\u201d (The Economy of Francesco) es el evento que se celebrar\u00e1 en As\u00eds (Italia), y que reunir\u00e1 a j\u00f3venes economistas, empresarios y estudiantes de m\u00e1s de 45 pa\u00edses con el objetivo de impulsar una econom\u00eda mundial diferente.<\/p>\n<p>En declaraciones a Vatican News, Luigino Bruni, director cient\u00edfico de \u201cLa Econom\u00eda de Francisco\u201d, explic\u00f3 que esta comprende un conjunto de elementos y que el encuentro nace despu\u00e9s de una convocatoria que el Papa Francisco envi\u00f3 a los j\u00f3venes.<\/p>\n<p>Asimismo, afirm\u00f3 que se trata de un proceso que comienza con la preparaci\u00f3n para el evento y que \u201ctendr\u00e1 un momento importante en marzo en As\u00eds y luego continuar\u00e1\u201d.<\/p>\n<p>El evento, que ya cuenta con m\u00e1s de dos mil inscritos a trav\u00e9s de su sitio oficial www.francescoeconomy.org, se celebrar\u00e1 del 26 al 28 de marzo del 2020 en As\u00eds y reunir\u00e1 a j\u00f3venes de pa\u00edses como Arabia Saudita, Cuba, Brasil, Angola, Jap\u00f3n, Estados Unidos y Portugal.<\/p>\n<p>Luigino Bruni destac\u00f3 que este ser\u00e1 \u201cun momento dedicado al pensamiento econ\u00f3mico de los j\u00f3venes\u201d y que se diferenciar\u00e1 de otro tipo de conferencias, donde los participantes podr\u00e1n expresarse y opinar sobre temas como la econom\u00eda, la pobreza y el medio ambiente. \u201cPorque tienen cosas que decir y nosotros s\u00f3lo tenemos que escucharles\u201d, dijo.<\/p>\n<p>En ese sentido, dijo que se brindar\u00e1n espacios de atenci\u00f3n al tema de la pobreza, debido a que \u201clos pobres son descartados de la historia y tambi\u00e9n de la narraci\u00f3n de la historia\u201d.<\/p>\n<p>\u201cPor lo tanto, ya hablar de la pobreza, mostrar que hay pobres, que no son olvidados, es importante. Tambi\u00e9n vamos a As\u00eds por esta raz\u00f3n: para recordar que la pobreza es un gran tema en la econom\u00eda actual que no est\u00e1 resolviendo la pobreza, sino que est\u00e1 aumentando las desigualdades\u201d, explic\u00f3.<\/p>\n<p>El encuentro, que se dividir\u00e1 en tres jornadas dirigidas a j\u00f3venes economistas, empresarios y estudiantes menores de 35 a\u00f1os, tambi\u00e9n podr\u00e1 seguirse a trav\u00e9s de las plataformas de Facebook, Instagram, Twitter, YouTube y Flickr.<\/p>\n<p>En otro momento, se le consult\u00f3 c\u00f3mo podr\u00eda un sistema econ\u00f3mico diferente responder a las demandas de los marginados.<\/p>\n<p>\u201cLas primeras ideas econ\u00f3micas modernas nacen de los franciscanos, los primeros bancos del siglo XV -los Montes de Piedad-; este ya es un mensaje importante: una nueva econom\u00eda no se hace sin bancos, sino con bancos diferentes, con bancos que incluyen a los pobres, con bancos con los que se combate la usura\u201d, se\u00f1al\u00f3 Bruni.<\/p>\n<p>Adem\u00e1s, mencion\u00f3 que el Papa Francisco expres\u00f3 que \u201choy en d\u00eda ya no podemos considerar la \u00e9tica ambiental como un v\u00ednculo que hay que respetar, un coste que hay que asumir; la \u00e9tica ambiental debe convertirse directamente en una econom\u00eda\u201d.<\/p>\n<p>En cuanto al rol que la ganancia tiene en este tipo de econom\u00eda, Bruni explic\u00f3 que el problema se da cuando se maximiza la ganancia \u201ccomo dogma\u201d.<\/p>\n<p>\u201cPor lo tanto las ganancias no deben ser demonizadas, sino relativizadas como valor \u00fanico, como maximizaci\u00f3n de todo\u201d, afirm\u00f3.<\/p>\n<p>De este modo, dijo que los 181 gerentes de las grandes multinacionales, que manifestaron p\u00fablicamente que las ganancias no deben ser el \u00fanico objetivo de la empresa, \u201chan dicho lo que ya se sab\u00eda, esta cuesti\u00f3n no ha nacido hoy\u201d.<\/p>\n<p>\u201cLo interesante es que hayan querido escribirlo en un documento, que hicieron p\u00fablico, porque est\u00e1n entendiendo que el mundo est\u00e1 cambiando y ellos tambi\u00e9n deben cambiar. Saben que cada vez m\u00e1s ciudadanos, consumidores, te castigar\u00e1n si no haces otra cosa que obtener beneficios. Las empresas perciben este cambio en las preferencias de los consumidores y se comportan en consecuencia, no es que estos gestores sean altruistas, son personas que conocen los mercados y se est\u00e1n dando cuenta de que el viento ha cambiado\u201d, asever\u00f3.<\/p>\n<p>Previo al evento \u201cse celebrar\u00e1n talleres, laboratorios, jornadas de estudio y conferencias en Italia y en todo el mundo\u201d, los cuales ser\u00e1n \u201cpromovidos por universidades, empresas, redes empresariales, organizaciones, movimientos y asociaciones, para hacer emerger el pensamiento y la acci\u00f3n econ\u00f3mica de los j\u00f3venes en preparaci\u00f3n para el a\u00f1o 2020\u201d.<\/p>\n","protected":false},"excerpt":{"rendered":"<p>&nbsp; \u201cLa Econom\u00eda de Francisco\u201d (The Economy of Francesco) es el evento que se celebrar\u00e1 en As\u00eds (Italia), y que reunir\u00e1 a j\u00f3venes economistas, empresarios y estudiantes de m\u00e1s de 45 pa\u00edses con el objetivo de impulsar una econom\u00eda mundial diferente. En declaraciones a Vatican News, Luigino Bruni, director cient\u00edfico de \u201cLa Econom\u00eda de Francisco\u201d, [&hellip;]<\/p>\n","protected":false},"author":249,"featured_media":13549,"comment_status":"open","ping_status":"closed","sticky":false,"template":"","format":"standard","meta":{"footnotes":""},"categories":[26],"tags":[],"class_list":["post-13548","post","type-post","status-publish","format-standard","has-post-thumbnail","hentry","category-mundo"],"_links":{"self":[{"href":"https:\/\/eloficiodehistoriar.com.mx\/index.php?rest_route=\/wp\/v2\/posts\/13548","targetHints":{"allow":["GET"]}}],"collection":[{"href":"https:\/\/eloficiodehistoriar.com.mx\/index.php?rest_route=\/wp\/v2\/posts"}],"about":[{"href":"https:\/\/eloficiodehistoriar.com.mx\/index.php?rest_route=\/wp\/v2\/types\/post"}],"author":[{"embeddable":true,"href":"https:\/\/eloficiodehistoriar.com.mx\/index.php?rest_route=\/wp\/v2\/users\/249"}],"replies":[{"embeddable":true,"href":"https:\/\/eloficiodehistoriar.com.mx\/index.php?rest_route=%2Fwp%2Fv2%2Fcomments&post=13548"}],"version-history":[{"count":1,"href":"https:\/\/eloficiodehistoriar.com.mx\/index.php?rest_route=\/wp\/v2\/posts\/13548\/revisions"}],"predecessor-version":[{"id":13550,"href":"https:\/\/eloficiodehistoriar.com.mx\/index.php?rest_route=\/wp\/v2\/posts\/13548\/revisions\/13550"}],"wp:featuredmedia":[{"embeddable":true,"href":"https:\/\/eloficiodehistoriar.com.mx\/index.php?rest_route=\/wp\/v2\/media\/13549"}],"wp:attachment":[{"href":"https:\/\/eloficiodehistoriar.com.mx\/index.php?rest_route=%2Fwp%2Fv2%2Fmedia&parent=13548"}],"wp:term":[{"taxonomy":"category","embeddable":true,"href":"https:\/\/eloficiodehistoriar.com.mx\/index.php?rest_route=%2Fwp%2Fv2%2Fcategories&post=13548"},{"taxonomy":"post_tag","embeddable":true,"href":"https:\/\/eloficiodehistoriar.com.mx\/index.php?rest_route=%2Fwp%2Fv2%2Ftags&post=13548"}],"curies":[{"name":"wp","href":"https:\/\/api.w.org\/{rel}","templated":true}]}}