{"id":13551,"date":"2019-08-28T10:07:53","date_gmt":"2019-08-28T16:07:53","guid":{"rendered":"https:\/\/eloficiodehistoriar.com.mx\/?p=13551"},"modified":"2019-08-28T10:07:53","modified_gmt":"2019-08-28T16:07:53","slug":"las-peliculas-francesas-en-mexico","status":"publish","type":"post","link":"https:\/\/eloficiodehistoriar.com.mx\/?p=13551","title":{"rendered":"Las pel\u00edculas francesas en M\u00e9xico"},"content":{"rendered":"<p>&nbsp;<\/p>\n<p>iudad de M\u00e9xico. Al p\u00fablico mexicano le gusta el cine franc\u00e9s. Las pel\u00edculas galas ocupan el tercer lugar en n\u00famero de estrenos en M\u00e9xico; alrededor de 60 son exhibidas cada a\u00f1o. Lo que hace al pa\u00eds el quinto que m\u00e1s consume esa cinematograf\u00eda en salas. Francia es tambi\u00e9n una de las cinco industrias con las que m\u00e1s coproducciones tienen los cineastas nacionales.<\/p>\n<p>Para Cl\u00e9mentine Mourao-Ferreira, agregada de medios audiovisuales de la embajada de Francia en M\u00e9xico,el s\u00edmbolo de este fen\u00f3meno es el Tour de Cine Franc\u00e9s, que este a\u00f1o llega a su 23 edici\u00f3n.<\/p>\n<p>Durante la presentaci\u00f3n de la muestra, Jos\u00e9 Miguel \u00c1lvarez Ibarg\u00fcengoitia, coordinador general del Instituto Mexicano de Cinematograf\u00eda (Imcine), detall\u00f3 que Francia, a su vez, es uno de los pa\u00edses donde m\u00e1s cine mexicano se consume, siendo el sexto en el que m\u00e1s cintas mexicanas se estrenan; el segundo en Europa despu\u00e9s de Espa\u00f1a, y el segundo en un pa\u00eds no hispanohablante. Adem\u00e1s, la naci\u00f3n gala es una de los que m\u00e1s premios otorga a las producciones de M\u00e9xico.<\/p>\n<p>Por su parte, Miguel Rivera, presidente de programaci\u00f3n global de Cin\u00e9polis, indic\u00f3 que luego de 23 a\u00f1os la muestra se ha adecuado para tener m\u00e1s presencia y permanencia en las salas, esto debido a la creciente demanda del p\u00fablico, por lo que esta edici\u00f3n llegar\u00e1 a 73 ciudades de los 32 estados de la Rep\u00fablica.<\/p>\n<p>Asimismo, desde hace 17 a\u00f1os el Tour de Cine Franc\u00e9s tiene presencia en cinco pa\u00edses de Centroam\u00e9rica, y esta ser\u00e1 la segunda vez que se proyectar\u00e1 en Argentina y Chile.<\/p>\n<p>Del supenso a la \u00e7comedia rom\u00e1ntica<\/p>\n<p>Las siete cintas que componen la muestra abordan diversos g\u00e9neros, que van del suspenso a la comedia rom\u00e1ntica. Con temas como la p\u00e9rdida de un familiar tras los atentados terroristas de Par\u00eds (Amanda), la reinterpretaci\u00f3n del cl\u00e1sico Blanca Nieves (Blanca como la nieve) o el proceso por el que atraviesa un escritor mientras crea su obra de teatro (Cyrano mon amour), esta edici\u00f3n ofrece un ecl\u00e9ctico abanico de historias a los cin\u00e9filos mexicanos. Los organizadores destacaron que de los siete filmes tres son dirigidos por mujeres.<\/p>\n<p>Como cada a\u00f1o, el Tour incluir\u00e1 algunos cortometrajes realizados por mexicanos y producidos por el Imcine. De los 15 que se exhibir\u00e1n antes de cada pel\u00edcula, Escafandra, proyecto de Roque Azcuaga, que fue grabado con un celular, obtuvo La Palmita, reconocimiento que el festival itinerante otorga al mejor.<\/p>\n<p>Durante el festival, quienes quieran volver a disfrutar de las pel\u00edculas que han formado parte de ediciones anteriores, podr\u00e1n adquirir una copia digital de cualquiera de ellas en el servicio Cin\u00e9polis KLIC.<\/p>\n<p>Leopoldo Jim\u00e9nez, director general de Nueva Era Films (distribuidora que hace la selecci\u00f3n de los filmes para el Tour) anunci\u00f3 que la pr\u00f3xima semana los directores R\u00e9mi Bezan\u00e7on, director de El misterio del Sr. Pick, y Jeanne Herry, realizador de En buenas manos, visitar\u00e1n M\u00e9xico en el contexto de la muestra.<\/p>\n<p>Del 6 septiembre al 17 octubre las salas de recintos como la Casa del Cine, la Cineteca Nacional y algunos centros culturales de la Universidad Nacional Aut\u00f3noma de M\u00e9xico, adem\u00e1s de los complejos Cin\u00e9polis de todo el pa\u00eds, albergar\u00e1n esta 23 edici\u00f3n del Tour de Cine Franc\u00e9s. La cartelera completa puede ser consultada en http:\/\/www.tourdecinefrances.com\/<\/p>\n","protected":false},"excerpt":{"rendered":"<p>&nbsp; iudad de M\u00e9xico. Al p\u00fablico mexicano le gusta el cine franc\u00e9s. Las pel\u00edculas galas ocupan el tercer lugar en n\u00famero de estrenos en M\u00e9xico; alrededor de 60 son exhibidas cada a\u00f1o. Lo que hace al pa\u00eds el quinto que m\u00e1s consume esa cinematograf\u00eda en salas. Francia es tambi\u00e9n una de las cinco industrias con [&hellip;]<\/p>\n","protected":false},"author":249,"featured_media":13552,"comment_status":"open","ping_status":"closed","sticky":false,"template":"","format":"standard","meta":{"footnotes":""},"categories":[26],"tags":[],"class_list":["post-13551","post","type-post","status-publish","format-standard","has-post-thumbnail","hentry","category-mundo"],"_links":{"self":[{"href":"https:\/\/eloficiodehistoriar.com.mx\/index.php?rest_route=\/wp\/v2\/posts\/13551","targetHints":{"allow":["GET"]}}],"collection":[{"href":"https:\/\/eloficiodehistoriar.com.mx\/index.php?rest_route=\/wp\/v2\/posts"}],"about":[{"href":"https:\/\/eloficiodehistoriar.com.mx\/index.php?rest_route=\/wp\/v2\/types\/post"}],"author":[{"embeddable":true,"href":"https:\/\/eloficiodehistoriar.com.mx\/index.php?rest_route=\/wp\/v2\/users\/249"}],"replies":[{"embeddable":true,"href":"https:\/\/eloficiodehistoriar.com.mx\/index.php?rest_route=%2Fwp%2Fv2%2Fcomments&post=13551"}],"version-history":[{"count":1,"href":"https:\/\/eloficiodehistoriar.com.mx\/index.php?rest_route=\/wp\/v2\/posts\/13551\/revisions"}],"predecessor-version":[{"id":13553,"href":"https:\/\/eloficiodehistoriar.com.mx\/index.php?rest_route=\/wp\/v2\/posts\/13551\/revisions\/13553"}],"wp:featuredmedia":[{"embeddable":true,"href":"https:\/\/eloficiodehistoriar.com.mx\/index.php?rest_route=\/wp\/v2\/media\/13552"}],"wp:attachment":[{"href":"https:\/\/eloficiodehistoriar.com.mx\/index.php?rest_route=%2Fwp%2Fv2%2Fmedia&parent=13551"}],"wp:term":[{"taxonomy":"category","embeddable":true,"href":"https:\/\/eloficiodehistoriar.com.mx\/index.php?rest_route=%2Fwp%2Fv2%2Fcategories&post=13551"},{"taxonomy":"post_tag","embeddable":true,"href":"https:\/\/eloficiodehistoriar.com.mx\/index.php?rest_route=%2Fwp%2Fv2%2Ftags&post=13551"}],"curies":[{"name":"wp","href":"https:\/\/api.w.org\/{rel}","templated":true}]}}